{"id":37716,"date":"2025-10-21T09:15:24","date_gmt":"2025-10-21T13:15:24","guid":{"rendered":"https:\/\/blogdalucianaoliveira.com.br\/blog\/?p=37716"},"modified":"2025-10-21T09:15:24","modified_gmt":"2025-10-21T13:15:24","slug":"ibia-e-o-boto-finaliza-filmagens-e-revela-a-magia-do-rio-jamari-em-uma-poetica-video-arte-rondoniense","status":"publish","type":"post","link":"http:\/\/blogdalucianaoliveira.com.br\/blog\/2025\/10\/21\/ibia-e-o-boto-finaliza-filmagens-e-revela-a-magia-do-rio-jamari-em-uma-poetica-video-arte-rondoniense\/","title":{"rendered":"Ibi\u00e3 e o Boto finaliza filmagens e revela a magia do Rio Jamari em uma po\u00e9tica v\u00eddeo-arte rondoniense"},"content":{"rendered":"<p><img data-recalc-dims=\"1\" loading=\"lazy\" decoding=\"async\" data-attachment-id=\"37718\" data-permalink=\"http:\/\/blogdalucianaoliveira.com.br\/blog\/2025\/10\/21\/ibia-e-o-boto-finaliza-filmagens-e-revela-a-magia-do-rio-jamari-em-uma-poetica-video-arte-rondoniense\/f80a0204-1def-46ad-941b-ccb70d051da8\/\" data-orig-file=\"https:\/\/i0.wp.com\/blogdalucianaoliveira.com.br\/blog\/wp-content\/uploads\/2025\/10\/f80a0204-1def-46ad-941b-ccb70d051da8.jpeg?fit=1600%2C1200\" data-orig-size=\"1600,1200\" data-comments-opened=\"0\" data-image-meta=\"{&quot;aperture&quot;:&quot;0&quot;,&quot;credit&quot;:&quot;&quot;,&quot;camera&quot;:&quot;&quot;,&quot;caption&quot;:&quot;&quot;,&quot;created_timestamp&quot;:&quot;0&quot;,&quot;copyright&quot;:&quot;&quot;,&quot;focal_length&quot;:&quot;0&quot;,&quot;iso&quot;:&quot;0&quot;,&quot;shutter_speed&quot;:&quot;0&quot;,&quot;title&quot;:&quot;&quot;,&quot;orientation&quot;:&quot;0&quot;}\" data-image-title=\"f80a0204-1def-46ad-941b-ccb70d051da8\" data-image-description=\"\" data-image-caption=\"\" data-medium-file=\"https:\/\/i0.wp.com\/blogdalucianaoliveira.com.br\/blog\/wp-content\/uploads\/2025\/10\/f80a0204-1def-46ad-941b-ccb70d051da8.jpeg?fit=300%2C225\" data-large-file=\"https:\/\/i0.wp.com\/blogdalucianaoliveira.com.br\/blog\/wp-content\/uploads\/2025\/10\/f80a0204-1def-46ad-941b-ccb70d051da8.jpeg?fit=600%2C450\" class=\"alignnone size-medium wp-image-37718\" src=\"https:\/\/i0.wp.com\/blogdalucianaoliveira.com.br\/blog\/wp-content\/uploads\/2025\/10\/f80a0204-1def-46ad-941b-ccb70d051da8.jpeg?resize=300%2C225\" alt=\"\" width=\"300\" height=\"225\" srcset=\"https:\/\/i0.wp.com\/blogdalucianaoliveira.com.br\/blog\/wp-content\/uploads\/2025\/10\/f80a0204-1def-46ad-941b-ccb70d051da8.jpeg?resize=300%2C225 300w, https:\/\/i0.wp.com\/blogdalucianaoliveira.com.br\/blog\/wp-content\/uploads\/2025\/10\/f80a0204-1def-46ad-941b-ccb70d051da8.jpeg?resize=1024%2C768 1024w, https:\/\/i0.wp.com\/blogdalucianaoliveira.com.br\/blog\/wp-content\/uploads\/2025\/10\/f80a0204-1def-46ad-941b-ccb70d051da8.jpeg?resize=768%2C576 768w, https:\/\/i0.wp.com\/blogdalucianaoliveira.com.br\/blog\/wp-content\/uploads\/2025\/10\/f80a0204-1def-46ad-941b-ccb70d051da8.jpeg?resize=1536%2C1152 1536w, https:\/\/i0.wp.com\/blogdalucianaoliveira.com.br\/blog\/wp-content\/uploads\/2025\/10\/f80a0204-1def-46ad-941b-ccb70d051da8.jpeg?resize=400%2C300 400w, https:\/\/i0.wp.com\/blogdalucianaoliveira.com.br\/blog\/wp-content\/uploads\/2025\/10\/f80a0204-1def-46ad-941b-ccb70d051da8.jpeg?w=1600 1600w, https:\/\/i0.wp.com\/blogdalucianaoliveira.com.br\/blog\/wp-content\/uploads\/2025\/10\/f80a0204-1def-46ad-941b-ccb70d051da8.jpeg?w=1200 1200w\" sizes=\"auto, (max-width: 300px) 100vw, 300px\" \/><\/p>\n<p class=\"s4\">\nAs filmagens de Ibi\u00e3 e o Boto chegaram ao fim, marcando o encerramento de um projeto que une mitologia amaz\u00f4nica, poesia visual e o olhar sens\u00edvel sobre a vida ribeirinha em Rond\u00f4nia. Realizado \u00e0s margens do Rio Madeira, o v\u00eddeo-arte recria a atmosfera m\u00e1gica do Rio Jamari, cen\u00e1rio simb\u00f3lico da narrativa, e reafirma o potencial do audiovisual produzido na regi\u00e3o Norte.<!--more--><\/p>\n<p class=\"s4\">Com roteiro de Jo\u00e3o Le\u00e3o e dire\u00e7\u00e3o de Fabiano Barros e Jo\u00e3o Le\u00e3o, a obra acompanha a trajet\u00f3ria de Ibi\u00e3, um jovem sonhador que vive imerso na rotina simples da ro\u00e7a, mas que deseja conhecer o mundo al\u00e9m das planta\u00e7\u00f5es e das margens do rio. Inspirado pelas lendas do Jamari, especialmente a do boto encantado, Ibi\u00e3 expressa seu anseio por liberdade e acaba sendo conduzido a uma jornada de transforma\u00e7\u00e3o.<\/p>\n<p class=\"s4\">\n<p class=\"s4\">Nas \u00e1guas do rio, ele segue o boto em um percurso repleto de descobertas, onde realidade e imagina\u00e7\u00e3o se misturam. Ao atravessar florestas e paisagens simb\u00f3licas, Ibi\u00e3aprende que a verdadeira liberdade est\u00e1 em escolher o pr\u00f3prio caminho e manter viva a ess\u00eancia de suas origens.<\/p>\n<p class=\"s4\">O elenco \u00e9 formado por Andressa Silva e Luis Eduardo, com m\u00fasica original de Adson Nascimento, montagem de som de Anderson Benvindo, fotografia de Neto Cavalcanti, montagem de Rafael Rogante, e produ\u00e7\u00e3o de Jo\u00e3o Le\u00e3o, Rosivaldo Colares e Emily Lamr\u00e3o. O v\u00eddeo-arte conta ainda com making of de Gabrielly de Paula e Luiz Bentes, e \u00e9 uma realiza\u00e7\u00e3o das produtoras JLe\u00e3oProdu\u00e7\u00f5es e Conex\u00e3o Norte.<\/p>\n<p class=\"s4\"><img data-recalc-dims=\"1\" loading=\"lazy\" decoding=\"async\" data-attachment-id=\"37717\" data-permalink=\"http:\/\/blogdalucianaoliveira.com.br\/blog\/2025\/10\/21\/ibia-e-o-boto-finaliza-filmagens-e-revela-a-magia-do-rio-jamari-em-uma-poetica-video-arte-rondoniense\/067823b2-781a-4df0-abd1-e70e8cc50c8b\/\" data-orig-file=\"https:\/\/i0.wp.com\/blogdalucianaoliveira.com.br\/blog\/wp-content\/uploads\/2025\/10\/067823b2-781a-4df0-abd1-e70e8cc50c8b.jpeg?fit=811%2C510\" data-orig-size=\"811,510\" data-comments-opened=\"0\" data-image-meta=\"{&quot;aperture&quot;:&quot;0&quot;,&quot;credit&quot;:&quot;&quot;,&quot;camera&quot;:&quot;&quot;,&quot;caption&quot;:&quot;&quot;,&quot;created_timestamp&quot;:&quot;0&quot;,&quot;copyright&quot;:&quot;&quot;,&quot;focal_length&quot;:&quot;0&quot;,&quot;iso&quot;:&quot;0&quot;,&quot;shutter_speed&quot;:&quot;0&quot;,&quot;title&quot;:&quot;&quot;,&quot;orientation&quot;:&quot;0&quot;}\" data-image-title=\"067823b2-781a-4df0-abd1-e70e8cc50c8b\" data-image-description=\"\" data-image-caption=\"\" data-medium-file=\"https:\/\/i0.wp.com\/blogdalucianaoliveira.com.br\/blog\/wp-content\/uploads\/2025\/10\/067823b2-781a-4df0-abd1-e70e8cc50c8b.jpeg?fit=300%2C189\" data-large-file=\"https:\/\/i0.wp.com\/blogdalucianaoliveira.com.br\/blog\/wp-content\/uploads\/2025\/10\/067823b2-781a-4df0-abd1-e70e8cc50c8b.jpeg?fit=600%2C377\" class=\"alignnone size-medium wp-image-37717\" src=\"https:\/\/i0.wp.com\/blogdalucianaoliveira.com.br\/blog\/wp-content\/uploads\/2025\/10\/067823b2-781a-4df0-abd1-e70e8cc50c8b-300x189.jpeg?resize=300%2C189\" alt=\"\" width=\"300\" height=\"189\" srcset=\"https:\/\/i0.wp.com\/blogdalucianaoliveira.com.br\/blog\/wp-content\/uploads\/2025\/10\/067823b2-781a-4df0-abd1-e70e8cc50c8b.jpeg?resize=300%2C189 300w, https:\/\/i0.wp.com\/blogdalucianaoliveira.com.br\/blog\/wp-content\/uploads\/2025\/10\/067823b2-781a-4df0-abd1-e70e8cc50c8b.jpeg?resize=768%2C483 768w, https:\/\/i0.wp.com\/blogdalucianaoliveira.com.br\/blog\/wp-content\/uploads\/2025\/10\/067823b2-781a-4df0-abd1-e70e8cc50c8b.jpeg?resize=477%2C300 477w, https:\/\/i0.wp.com\/blogdalucianaoliveira.com.br\/blog\/wp-content\/uploads\/2025\/10\/067823b2-781a-4df0-abd1-e70e8cc50c8b.jpeg?w=811 811w\" sizes=\"auto, (max-width: 300px) 100vw, 300px\" \/><\/p>\n<p class=\"s4\">Para Jo\u00e3o Le\u00e3o, autor e codiretor do projeto, Ibi\u00e3 e o Boto \u00e9 uma met\u00e1fora sobre o desejo de liberdade e o poder do imagin\u00e1rio amaz\u00f4nico. Quer\u00edamos mostrar que as lendas n\u00e3o s\u00e3o apenas hist\u00f3rias antigas, mas refletem nossa rela\u00e7\u00e3o com o rio, com o tempo e com o sonho de seguir em frente.<\/p>\n<p class=\"s4\">Contemplado pelo EDITAL N\u00b0 01\/2024 \u2013 SEJUCEL \u2013 Audiovisual \u2013 Bolsas para Artes em V\u00eddeo, Ibi\u00e3 e o Boto ser\u00e1 exibido gratuitamente em escolas e espa\u00e7os p\u00fablicos durante o m\u00eas de novembro, ampliando o acesso \u00e0 arte e fortalecendo o di\u00e1logo entre cultura, identidade e territ\u00f3rio amaz\u00f4nico.<\/p>\n<p class=\"s4\">Ibi\u00e3 e o Boto nasce como uma celebra\u00e7\u00e3o da liberdade e da imagina\u00e7\u00e3o popular \u2014 um v\u00eddeo-arte que transforma as lendas do Rio Jamari em poesia visual e reafirma a for\u00e7a do cinema e da arte rondoniense em contar suas pr\u00f3prias hist\u00f3rias.<\/p>\n","protected":false},"excerpt":{"rendered":"<p>As filmagens de Ibi\u00e3 e o Boto chegaram ao fim, marcando o encerramento de um projeto que une mitologia amaz\u00f4nica, poesia visual e o olhar sens\u00edvel sobre a vida ribeirinha em Rond\u00f4nia. Realizado \u00e0s margens do Rio Madeira, o v\u00eddeo-arte recria a atmosfera m\u00e1gica do Rio Jamari, cen\u00e1rio simb\u00f3lico da narrativa, e reafirma o potencial&#8230;<a class=\"more-link\" href=\"http:\/\/blogdalucianaoliveira.com.br\/blog\/2025\/10\/21\/ibia-e-o-boto-finaliza-filmagens-e-revela-a-magia-do-rio-jamari-em-uma-poetica-video-arte-rondoniense\/\">Continue a leitura <span class=\"meta-nav\">&raquo;<\/span><\/a><\/p>\n","protected":false},"author":1,"featured_media":0,"comment_status":"closed","ping_status":"open","sticky":false,"template":"","format":"standard","meta":{"_exactmetrics_skip_tracking":false,"_exactmetrics_sitenote_active":false,"_exactmetrics_sitenote_note":"","_exactmetrics_sitenote_category":0,"jetpack_post_was_ever_published":false,"_jetpack_newsletter_access":"","_jetpack_dont_email_post_to_subs":false,"_jetpack_newsletter_tier_id":0,"_jetpack_memberships_contains_paywalled_content":false,"_jetpack_memberships_contains_paid_content":false,"footnotes":"","jetpack_publicize_message":"","jetpack_publicize_feature_enabled":true,"jetpack_social_post_already_shared":true,"jetpack_social_options":{"image_generator_settings":{"template":"highway","enabled":false},"version":2}},"categories":[1],"tags":[],"class_list":["post-37716","post","type-post","status-publish","format-standard","hentry","category-notas"],"jetpack_publicize_connections":[],"jetpack_sharing_enabled":true,"jetpack_featured_media_url":"","jetpack_shortlink":"https:\/\/wp.me\/p7wKYW-9Ok","jetpack-related-posts":[],"_links":{"self":[{"href":"http:\/\/blogdalucianaoliveira.com.br\/blog\/wp-json\/wp\/v2\/posts\/37716","targetHints":{"allow":["GET"]}}],"collection":[{"href":"http:\/\/blogdalucianaoliveira.com.br\/blog\/wp-json\/wp\/v2\/posts"}],"about":[{"href":"http:\/\/blogdalucianaoliveira.com.br\/blog\/wp-json\/wp\/v2\/types\/post"}],"author":[{"embeddable":true,"href":"http:\/\/blogdalucianaoliveira.com.br\/blog\/wp-json\/wp\/v2\/users\/1"}],"replies":[{"embeddable":true,"href":"http:\/\/blogdalucianaoliveira.com.br\/blog\/wp-json\/wp\/v2\/comments?post=37716"}],"version-history":[{"count":1,"href":"http:\/\/blogdalucianaoliveira.com.br\/blog\/wp-json\/wp\/v2\/posts\/37716\/revisions"}],"predecessor-version":[{"id":37719,"href":"http:\/\/blogdalucianaoliveira.com.br\/blog\/wp-json\/wp\/v2\/posts\/37716\/revisions\/37719"}],"wp:attachment":[{"href":"http:\/\/blogdalucianaoliveira.com.br\/blog\/wp-json\/wp\/v2\/media?parent=37716"}],"wp:term":[{"taxonomy":"category","embeddable":true,"href":"http:\/\/blogdalucianaoliveira.com.br\/blog\/wp-json\/wp\/v2\/categories?post=37716"},{"taxonomy":"post_tag","embeddable":true,"href":"http:\/\/blogdalucianaoliveira.com.br\/blog\/wp-json\/wp\/v2\/tags?post=37716"}],"curies":[{"name":"wp","href":"https:\/\/api.w.org\/{rel}","templated":true}]}}