{"id":37723,"date":"2025-10-21T16:14:05","date_gmt":"2025-10-21T20:14:05","guid":{"rendered":"https:\/\/blogdalucianaoliveira.com.br\/blog\/?p=37723"},"modified":"2025-10-21T16:14:05","modified_gmt":"2025-10-21T20:14:05","slug":"situacao-do-leite-em-rondonia-e-tema-de-debate-na-comissao-de-agropecuaria-presidida-por-claudia-de-jesus","status":"publish","type":"post","link":"http:\/\/blogdalucianaoliveira.com.br\/blog\/2025\/10\/21\/situacao-do-leite-em-rondonia-e-tema-de-debate-na-comissao-de-agropecuaria-presidida-por-claudia-de-jesus\/","title":{"rendered":"Situa\u00e7\u00e3o do leite em Rond\u00f4nia \u00e9 tema de debate na Comiss\u00e3o de Agropecu\u00e1ria presidida por Cl\u00e1udia de Jesus"},"content":{"rendered":"<p><img data-recalc-dims=\"1\" loading=\"lazy\" decoding=\"async\" data-attachment-id=\"37724\" data-permalink=\"http:\/\/blogdalucianaoliveira.com.br\/blog\/2025\/10\/21\/situacao-do-leite-em-rondonia-e-tema-de-debate-na-comissao-de-agropecuaria-presidida-por-claudia-de-jesus\/img_8934\/\" data-orig-file=\"https:\/\/i0.wp.com\/blogdalucianaoliveira.com.br\/blog\/wp-content\/uploads\/2025\/10\/IMG_8934.jpeg?fit=1050%2C700\" data-orig-size=\"1050,700\" data-comments-opened=\"0\" data-image-meta=\"{&quot;aperture&quot;:&quot;3.2&quot;,&quot;credit&quot;:&quot;THYLO&quot;,&quot;camera&quot;:&quot;Canon EOS 5D Mark III&quot;,&quot;caption&quot;:&quot;&quot;,&quot;created_timestamp&quot;:&quot;1761005558&quot;,&quot;copyright&quot;:&quot;TROL&quot;,&quot;focal_length&quot;:&quot;185&quot;,&quot;iso&quot;:&quot;2500&quot;,&quot;shutter_speed&quot;:&quot;0.005&quot;,&quot;title&quot;:&quot;&quot;,&quot;orientation&quot;:&quot;0&quot;}\" data-image-title=\"IMG_8934\" data-image-description=\"\" data-image-caption=\"\" data-medium-file=\"https:\/\/i0.wp.com\/blogdalucianaoliveira.com.br\/blog\/wp-content\/uploads\/2025\/10\/IMG_8934.jpeg?fit=300%2C200\" data-large-file=\"https:\/\/i0.wp.com\/blogdalucianaoliveira.com.br\/blog\/wp-content\/uploads\/2025\/10\/IMG_8934.jpeg?fit=600%2C400\" class=\"alignnone size-medium wp-image-37724\" src=\"https:\/\/i0.wp.com\/blogdalucianaoliveira.com.br\/blog\/wp-content\/uploads\/2025\/10\/IMG_8934.jpeg?resize=300%2C200\" alt=\"\" width=\"300\" height=\"200\" srcset=\"https:\/\/i0.wp.com\/blogdalucianaoliveira.com.br\/blog\/wp-content\/uploads\/2025\/10\/IMG_8934.jpeg?resize=300%2C200 300w, https:\/\/i0.wp.com\/blogdalucianaoliveira.com.br\/blog\/wp-content\/uploads\/2025\/10\/IMG_8934.jpeg?resize=1024%2C683 1024w, https:\/\/i0.wp.com\/blogdalucianaoliveira.com.br\/blog\/wp-content\/uploads\/2025\/10\/IMG_8934.jpeg?resize=768%2C512 768w, https:\/\/i0.wp.com\/blogdalucianaoliveira.com.br\/blog\/wp-content\/uploads\/2025\/10\/IMG_8934.jpeg?resize=450%2C300 450w, https:\/\/i0.wp.com\/blogdalucianaoliveira.com.br\/blog\/wp-content\/uploads\/2025\/10\/IMG_8934.jpeg?w=1050 1050w\" sizes=\"auto, (max-width: 300px) 100vw, 300px\" \/><\/p>\n<p>A Comiss\u00e3o de Agropecu\u00e1ria e Pol\u00edtica Rural da Assembleia Legislativa de Rond\u00f4nia se reuniu nesta ter\u00e7a-feira (21) para ouvir as demandas dos produtores de leite do estado.<br \/>\n<!--more--><\/p>\n<div>\n<p>O encontro contou com a participa\u00e7\u00e3o do agricultor Manuel Cuiabano e do vereador Jos\u00e9 Lopes, do munic\u00edpio de Buritis, al\u00e9m dos deputados Lucas Torres e Pedro Fernandes.<\/p>\n<p>Durante a reuni\u00e3o, foram apresentados os principais desafios enfrentados pela cadeia produtiva do leite, como a queda no pre\u00e7o pago ao produtor e a concorr\u00eancia desleal com produtos importados de outros estados com incentivos fiscais.<\/p>\n<p><img data-recalc-dims=\"1\" loading=\"lazy\" decoding=\"async\" data-attachment-id=\"37725\" data-permalink=\"http:\/\/blogdalucianaoliveira.com.br\/blog\/2025\/10\/21\/situacao-do-leite-em-rondonia-e-tema-de-debate-na-comissao-de-agropecuaria-presidida-por-claudia-de-jesus\/img_8933\/\" data-orig-file=\"https:\/\/i0.wp.com\/blogdalucianaoliveira.com.br\/blog\/wp-content\/uploads\/2025\/10\/IMG_8933.jpeg?fit=1050%2C700\" data-orig-size=\"1050,700\" data-comments-opened=\"0\" data-image-meta=\"{&quot;aperture&quot;:&quot;3.2&quot;,&quot;credit&quot;:&quot;THYLO&quot;,&quot;camera&quot;:&quot;Canon EOS 5D Mark III&quot;,&quot;caption&quot;:&quot;&quot;,&quot;created_timestamp&quot;:&quot;1761004948&quot;,&quot;copyright&quot;:&quot;TROL&quot;,&quot;focal_length&quot;:&quot;70&quot;,&quot;iso&quot;:&quot;2500&quot;,&quot;shutter_speed&quot;:&quot;0.005&quot;,&quot;title&quot;:&quot;&quot;,&quot;orientation&quot;:&quot;0&quot;}\" data-image-title=\"IMG_8933\" data-image-description=\"\" data-image-caption=\"\" data-medium-file=\"https:\/\/i0.wp.com\/blogdalucianaoliveira.com.br\/blog\/wp-content\/uploads\/2025\/10\/IMG_8933.jpeg?fit=300%2C200\" data-large-file=\"https:\/\/i0.wp.com\/blogdalucianaoliveira.com.br\/blog\/wp-content\/uploads\/2025\/10\/IMG_8933.jpeg?fit=600%2C400\" class=\"alignnone size-medium wp-image-37725\" src=\"https:\/\/i0.wp.com\/blogdalucianaoliveira.com.br\/blog\/wp-content\/uploads\/2025\/10\/IMG_8933.jpeg?resize=300%2C200\" alt=\"\" width=\"300\" height=\"200\" srcset=\"https:\/\/i0.wp.com\/blogdalucianaoliveira.com.br\/blog\/wp-content\/uploads\/2025\/10\/IMG_8933.jpeg?resize=300%2C200 300w, https:\/\/i0.wp.com\/blogdalucianaoliveira.com.br\/blog\/wp-content\/uploads\/2025\/10\/IMG_8933.jpeg?resize=1024%2C683 1024w, https:\/\/i0.wp.com\/blogdalucianaoliveira.com.br\/blog\/wp-content\/uploads\/2025\/10\/IMG_8933.jpeg?resize=768%2C512 768w, https:\/\/i0.wp.com\/blogdalucianaoliveira.com.br\/blog\/wp-content\/uploads\/2025\/10\/IMG_8933.jpeg?resize=450%2C300 450w, https:\/\/i0.wp.com\/blogdalucianaoliveira.com.br\/blog\/wp-content\/uploads\/2025\/10\/IMG_8933.jpeg?w=1050 1050w\" sizes=\"auto, (max-width: 300px) 100vw, 300px\" \/><\/p>\n<p>A deputada Cl\u00e1udia de Jesus (PT), que preside a comiss\u00e3o, destacou a import\u00e2ncia do di\u00e1logo com os produtores e protocolou um requerimento propondo a cria\u00e7\u00e3o de um Programa de Apoio Financeiro aos Produtores de Leite de Rond\u00f4nia, visando fortalecer o setor e garantir condi\u00e7\u00f5es mais justas de produ\u00e7\u00e3o.<\/p>\n<p>Ficou definido que, em novembro, ser\u00e1 realizada uma reuni\u00e3o ampliada com representantes do Conselho Parit\u00e1rio de Produtores e Ind\u00fastrias de Leite do Estado de Rond\u00f4nia (Conseleite-RO) e da Secretaria de Estado da Agricultura (Seagri) para aprofundar as discuss\u00f5es e buscar solu\u00e7\u00f5es conjuntas para a valoriza\u00e7\u00e3o da produ\u00e7\u00e3o leiteira no estado.<\/p>\n<div><\/div>\n<div><b><span style=\"color: #0000ff;\">Link do requerimento: <\/span><\/b><a href=\"https:\/\/sapl.al.ro.leg.br\/media\/sapl\/public\/materialegislativa\/2025\/49724\/req_2565-25.pdf\" target=\"_blank\" rel=\"nofollow noopener noreferrer\">https:\/\/sapl.al.ro.leg.br\/media\/sapl\/public\/materialegislativa\/2025\/49724\/req_2565-25.pdf<\/a><\/div>\n<div><\/div>\n<p>Texto: Assessoria parlamentar<br \/>\nFoto: Comunica\u00e7\u00e3o Ale\/RO<\/p>\n<\/div>\n","protected":false},"excerpt":{"rendered":"<p>A Comiss\u00e3o de Agropecu\u00e1ria e Pol\u00edtica Rural da Assembleia Legislativa de Rond\u00f4nia se reuniu nesta ter\u00e7a-feira (21) para ouvir as demandas dos produtores de leite do estado.<\/p>\n","protected":false},"author":1,"featured_media":0,"comment_status":"closed","ping_status":"open","sticky":false,"template":"","format":"standard","meta":{"_exactmetrics_skip_tracking":false,"_exactmetrics_sitenote_active":false,"_exactmetrics_sitenote_note":"","_exactmetrics_sitenote_category":0,"jetpack_post_was_ever_published":false,"_jetpack_newsletter_access":"","_jetpack_dont_email_post_to_subs":false,"_jetpack_newsletter_tier_id":0,"_jetpack_memberships_contains_paywalled_content":false,"_jetpack_memberships_contains_paid_content":false,"footnotes":"","jetpack_publicize_message":"","jetpack_publicize_feature_enabled":true,"jetpack_social_post_already_shared":true,"jetpack_social_options":{"image_generator_settings":{"template":"highway","enabled":false},"version":2}},"categories":[1],"tags":[],"class_list":["post-37723","post","type-post","status-publish","format-standard","hentry","category-notas"],"jetpack_publicize_connections":[],"jetpack_sharing_enabled":true,"jetpack_featured_media_url":"","jetpack_shortlink":"https:\/\/wp.me\/p7wKYW-9Or","jetpack-related-posts":[],"_links":{"self":[{"href":"http:\/\/blogdalucianaoliveira.com.br\/blog\/wp-json\/wp\/v2\/posts\/37723","targetHints":{"allow":["GET"]}}],"collection":[{"href":"http:\/\/blogdalucianaoliveira.com.br\/blog\/wp-json\/wp\/v2\/posts"}],"about":[{"href":"http:\/\/blogdalucianaoliveira.com.br\/blog\/wp-json\/wp\/v2\/types\/post"}],"author":[{"embeddable":true,"href":"http:\/\/blogdalucianaoliveira.com.br\/blog\/wp-json\/wp\/v2\/users\/1"}],"replies":[{"embeddable":true,"href":"http:\/\/blogdalucianaoliveira.com.br\/blog\/wp-json\/wp\/v2\/comments?post=37723"}],"version-history":[{"count":2,"href":"http:\/\/blogdalucianaoliveira.com.br\/blog\/wp-json\/wp\/v2\/posts\/37723\/revisions"}],"predecessor-version":[{"id":37727,"href":"http:\/\/blogdalucianaoliveira.com.br\/blog\/wp-json\/wp\/v2\/posts\/37723\/revisions\/37727"}],"wp:attachment":[{"href":"http:\/\/blogdalucianaoliveira.com.br\/blog\/wp-json\/wp\/v2\/media?parent=37723"}],"wp:term":[{"taxonomy":"category","embeddable":true,"href":"http:\/\/blogdalucianaoliveira.com.br\/blog\/wp-json\/wp\/v2\/categories?post=37723"},{"taxonomy":"post_tag","embeddable":true,"href":"http:\/\/blogdalucianaoliveira.com.br\/blog\/wp-json\/wp\/v2\/tags?post=37723"}],"curies":[{"name":"wp","href":"https:\/\/api.w.org\/{rel}","templated":true}]}}