{"id":37728,"date":"2025-10-21T16:52:23","date_gmt":"2025-10-21T20:52:23","guid":{"rendered":"https:\/\/blogdalucianaoliveira.com.br\/blog\/?p=37728"},"modified":"2025-10-21T16:52:23","modified_gmt":"2025-10-21T20:52:23","slug":"mpf-adota-novas-medidas-sobre-intimidacoes-contra-povo-indigena-purubora-em-rondonia","status":"publish","type":"post","link":"http:\/\/blogdalucianaoliveira.com.br\/blog\/2025\/10\/21\/mpf-adota-novas-medidas-sobre-intimidacoes-contra-povo-indigena-purubora-em-rondonia\/","title":{"rendered":"MPF adota novas medidas sobre intimida\u00e7\u00f5es contra povo ind\u00edgena Purubor\u00e1, em Rond\u00f4nia"},"content":{"rendered":"<p><img data-recalc-dims=\"1\" loading=\"lazy\" decoding=\"async\" data-attachment-id=\"37729\" data-permalink=\"http:\/\/blogdalucianaoliveira.com.br\/blog\/2025\/10\/21\/mpf-adota-novas-medidas-sobre-intimidacoes-contra-povo-indigena-purubora-em-rondonia\/img_8916\/\" data-orig-file=\"https:\/\/i0.wp.com\/blogdalucianaoliveira.com.br\/blog\/wp-content\/uploads\/2025\/10\/IMG_8916.jpeg?fit=1179%2C1094\" data-orig-size=\"1179,1094\" data-comments-opened=\"0\" data-image-meta=\"{&quot;aperture&quot;:&quot;0&quot;,&quot;credit&quot;:&quot;&quot;,&quot;camera&quot;:&quot;&quot;,&quot;caption&quot;:&quot;&quot;,&quot;created_timestamp&quot;:&quot;0&quot;,&quot;copyright&quot;:&quot;&quot;,&quot;focal_length&quot;:&quot;0&quot;,&quot;iso&quot;:&quot;0&quot;,&quot;shutter_speed&quot;:&quot;0&quot;,&quot;title&quot;:&quot;&quot;,&quot;orientation&quot;:&quot;1&quot;}\" data-image-title=\"IMG_8916\" data-image-description=\"\" data-image-caption=\"\" data-medium-file=\"https:\/\/i0.wp.com\/blogdalucianaoliveira.com.br\/blog\/wp-content\/uploads\/2025\/10\/IMG_8916.jpeg?fit=300%2C278\" data-large-file=\"https:\/\/i0.wp.com\/blogdalucianaoliveira.com.br\/blog\/wp-content\/uploads\/2025\/10\/IMG_8916.jpeg?fit=600%2C557\" class=\"alignnone size-medium wp-image-37729\" src=\"https:\/\/i0.wp.com\/blogdalucianaoliveira.com.br\/blog\/wp-content\/uploads\/2025\/10\/IMG_8916.jpeg?resize=300%2C278\" alt=\"\" width=\"300\" height=\"278\" srcset=\"https:\/\/i0.wp.com\/blogdalucianaoliveira.com.br\/blog\/wp-content\/uploads\/2025\/10\/IMG_8916.jpeg?resize=300%2C278 300w, https:\/\/i0.wp.com\/blogdalucianaoliveira.com.br\/blog\/wp-content\/uploads\/2025\/10\/IMG_8916.jpeg?resize=1024%2C950 1024w, https:\/\/i0.wp.com\/blogdalucianaoliveira.com.br\/blog\/wp-content\/uploads\/2025\/10\/IMG_8916.jpeg?resize=768%2C713 768w, https:\/\/i0.wp.com\/blogdalucianaoliveira.com.br\/blog\/wp-content\/uploads\/2025\/10\/IMG_8916.jpeg?resize=323%2C300 323w, https:\/\/i0.wp.com\/blogdalucianaoliveira.com.br\/blog\/wp-content\/uploads\/2025\/10\/IMG_8916.jpeg?w=1179 1179w\" sizes=\"auto, (max-width: 300px) 100vw, 300px\" \/><\/p>\n<p class=\"yiv1039611402gmail-Standard\">Da assessoria &#8211; O Minist\u00e9rio P\u00fablico Federal (MPF) adotou novas medidas para apurar intimida\u00e7\u00f5es feitas contra o povo ind\u00edgena Purubor\u00e1, em Rond\u00f4nia. O \u00f3rg\u00e3o foi comunicado que houve um inc\u00eandio, possivelmente criminoso, na casa de palha (maloca) do povo Purubor\u00e1 e disparos de arma de fogo nas proximidades da casa da cacique da comunidade.<!--more--><\/p>\n<p class=\"yiv1039611402gmail-Standard\">Por aplicativos de mensagens, passaram a circular not\u00edcias falsas entre os moradores da regi\u00e3o de que a BR-429 ter\u00e1 um \u2018ped\u00e1gio ind\u00edgena\u2019. Para o MPF, essas pr\u00e1ticas visam fomentar a\u00e7\u00f5es contra a integridade f\u00edsica e ps\u00edquica das comunidades ind\u00edgenas locais. O \u00f3rg\u00e3o ressalta que a terra ind\u00edgena, ainda que n\u00e3o demarcada, deve ter prote\u00e7\u00e3o, conforme estabelece a Constitui\u00e7\u00e3o Federal e a legisla\u00e7\u00e3o brasileira.<\/p>\n<p class=\"yiv1039611402gmail-Standard\">O MPF instaurou inqu\u00e9rito para apurar a situa\u00e7\u00e3o. O \u00f3rg\u00e3o tamb\u00e9m encaminhou c\u00f3pia dos documentos e das informa\u00e7\u00f5es para que a Pol\u00edcia Federal instaure inqu\u00e9rito policial e adote medidas urgentes, como a produ\u00e7\u00e3o de laudo pericial do local e identifica\u00e7\u00e3o da autoria dos crimes de amea\u00e7a, dano ao patrim\u00f4nio da Uni\u00e3o, racismo e outros. A Pol\u00edcia Federal tamb\u00e9m foi acionada para reprimir crimes contra a comunidade ind\u00edgena.<\/p>\n<p class=\"yiv1039611402gmail-Standard\">Tamb\u00e9m como parte da atua\u00e7\u00e3o no inqu\u00e9rito, o MPF enviar\u00e1 of\u00edcios \u00e0s c\u00e2maras municipais das cidades daquela regi\u00e3o para que informem aos seus vereadores sobre a decis\u00e3o judicial no processo que trata da demarca\u00e7\u00e3o do territ\u00f3rio do povo Purubor\u00e1 e sobre a ilegalidade de obstru\u00e7\u00e3o dos trabalhos da Funda\u00e7\u00e3o Nacional dos Povos Ind\u00edgenas (Funai).<\/p>\n","protected":false},"excerpt":{"rendered":"<p>Da assessoria &#8211; O Minist\u00e9rio P\u00fablico Federal (MPF) adotou novas medidas para apurar intimida\u00e7\u00f5es feitas contra o povo ind\u00edgena Purubor\u00e1, em Rond\u00f4nia. O \u00f3rg\u00e3o foi comunicado que houve um inc\u00eandio, possivelmente criminoso, na casa de palha (maloca) do povo Purubor\u00e1 e disparos de arma de fogo nas proximidades da casa da cacique da comunidade.<\/p>\n","protected":false},"author":1,"featured_media":0,"comment_status":"closed","ping_status":"open","sticky":false,"template":"","format":"standard","meta":{"_exactmetrics_skip_tracking":false,"_exactmetrics_sitenote_active":false,"_exactmetrics_sitenote_note":"","_exactmetrics_sitenote_category":0,"jetpack_post_was_ever_published":false,"_jetpack_newsletter_access":"","_jetpack_dont_email_post_to_subs":false,"_jetpack_newsletter_tier_id":0,"_jetpack_memberships_contains_paywalled_content":false,"_jetpack_memberships_contains_paid_content":false,"footnotes":"","jetpack_publicize_message":"","jetpack_publicize_feature_enabled":true,"jetpack_social_post_already_shared":true,"jetpack_social_options":{"image_generator_settings":{"template":"highway","enabled":false},"version":2}},"categories":[1],"tags":[],"class_list":["post-37728","post","type-post","status-publish","format-standard","hentry","category-notas"],"jetpack_publicize_connections":[],"jetpack_sharing_enabled":true,"jetpack_featured_media_url":"","jetpack_shortlink":"https:\/\/wp.me\/p7wKYW-9Ow","jetpack-related-posts":[],"_links":{"self":[{"href":"http:\/\/blogdalucianaoliveira.com.br\/blog\/wp-json\/wp\/v2\/posts\/37728","targetHints":{"allow":["GET"]}}],"collection":[{"href":"http:\/\/blogdalucianaoliveira.com.br\/blog\/wp-json\/wp\/v2\/posts"}],"about":[{"href":"http:\/\/blogdalucianaoliveira.com.br\/blog\/wp-json\/wp\/v2\/types\/post"}],"author":[{"embeddable":true,"href":"http:\/\/blogdalucianaoliveira.com.br\/blog\/wp-json\/wp\/v2\/users\/1"}],"replies":[{"embeddable":true,"href":"http:\/\/blogdalucianaoliveira.com.br\/blog\/wp-json\/wp\/v2\/comments?post=37728"}],"version-history":[{"count":1,"href":"http:\/\/blogdalucianaoliveira.com.br\/blog\/wp-json\/wp\/v2\/posts\/37728\/revisions"}],"predecessor-version":[{"id":37730,"href":"http:\/\/blogdalucianaoliveira.com.br\/blog\/wp-json\/wp\/v2\/posts\/37728\/revisions\/37730"}],"wp:attachment":[{"href":"http:\/\/blogdalucianaoliveira.com.br\/blog\/wp-json\/wp\/v2\/media?parent=37728"}],"wp:term":[{"taxonomy":"category","embeddable":true,"href":"http:\/\/blogdalucianaoliveira.com.br\/blog\/wp-json\/wp\/v2\/categories?post=37728"},{"taxonomy":"post_tag","embeddable":true,"href":"http:\/\/blogdalucianaoliveira.com.br\/blog\/wp-json\/wp\/v2\/tags?post=37728"}],"curies":[{"name":"wp","href":"https:\/\/api.w.org\/{rel}","templated":true}]}}