{"id":37734,"date":"2025-10-22T15:55:07","date_gmt":"2025-10-22T19:55:07","guid":{"rendered":"https:\/\/blogdalucianaoliveira.com.br\/blog\/?p=37734"},"modified":"2025-10-22T15:55:07","modified_gmt":"2025-10-22T19:55:07","slug":"stf-publica-acordao-e-comeca-a-contagem-regressiva-para-a-prisao-de-bolsonaro","status":"publish","type":"post","link":"http:\/\/blogdalucianaoliveira.com.br\/blog\/2025\/10\/22\/stf-publica-acordao-e-comeca-a-contagem-regressiva-para-a-prisao-de-bolsonaro\/","title":{"rendered":"STF publica ac\u00f3rd\u00e3o e come\u00e7a a contagem regressiva para a pris\u00e3o de Bolsonaro"},"content":{"rendered":"<p><img data-recalc-dims=\"1\" loading=\"lazy\" decoding=\"async\" data-attachment-id=\"37735\" data-permalink=\"http:\/\/blogdalucianaoliveira.com.br\/blog\/2025\/10\/22\/stf-publica-acordao-e-comeca-a-contagem-regressiva-para-a-prisao-de-bolsonaro\/img_9008\/\" data-orig-file=\"https:\/\/i0.wp.com\/blogdalucianaoliveira.com.br\/blog\/wp-content\/uploads\/2025\/10\/IMG_9008.webp?fit=500%2C240\" data-orig-size=\"500,240\" data-comments-opened=\"0\" data-image-meta=\"{&quot;aperture&quot;:&quot;0&quot;,&quot;credit&quot;:&quot;&quot;,&quot;camera&quot;:&quot;&quot;,&quot;caption&quot;:&quot;&quot;,&quot;created_timestamp&quot;:&quot;0&quot;,&quot;copyright&quot;:&quot;&quot;,&quot;focal_length&quot;:&quot;0&quot;,&quot;iso&quot;:&quot;0&quot;,&quot;shutter_speed&quot;:&quot;0&quot;,&quot;title&quot;:&quot;&quot;,&quot;orientation&quot;:&quot;0&quot;}\" data-image-title=\"IMG_9008\" data-image-description=\"\" data-image-caption=\"\" data-medium-file=\"https:\/\/i0.wp.com\/blogdalucianaoliveira.com.br\/blog\/wp-content\/uploads\/2025\/10\/IMG_9008.webp?fit=300%2C144\" data-large-file=\"https:\/\/i0.wp.com\/blogdalucianaoliveira.com.br\/blog\/wp-content\/uploads\/2025\/10\/IMG_9008.webp?fit=500%2C240\" class=\"alignnone size-medium wp-image-37735\" src=\"https:\/\/i0.wp.com\/blogdalucianaoliveira.com.br\/blog\/wp-content\/uploads\/2025\/10\/IMG_9008.webp?resize=300%2C144\" alt=\"\" width=\"300\" height=\"144\" srcset=\"https:\/\/i0.wp.com\/blogdalucianaoliveira.com.br\/blog\/wp-content\/uploads\/2025\/10\/IMG_9008.webp?resize=300%2C144 300w, https:\/\/i0.wp.com\/blogdalucianaoliveira.com.br\/blog\/wp-content\/uploads\/2025\/10\/IMG_9008.webp?w=500 500w\" sizes=\"auto, (max-width: 300px) 100vw, 300px\" \/><\/p>\n<h2 class=\"article__lead\">Documento de quase 2 mil p\u00e1ginas abre prazo de cinco dias para recursos da defesa do ex-presidente e de outros sete condenados<\/h2>\n<p><!--more--><b>247 <\/b>&#8211; O Supremo Tribunal Federal (STF) publicou oficialmente a decis\u00e3o que condenou o ex-presidente Jair Bolsonaro e outros sete aliados por envolvimento na tentativa de golpe de Estado. A divulga\u00e7\u00e3o do ac\u00f3rd\u00e3o marca o in\u00edcio do prazo de cinco dias para que as defesas apresentem os chamados embargos de declara\u00e7\u00e3o, recurso usado para apontar eventuais contradi\u00e7\u00f5es ou omiss\u00f5es na senten\u00e7a.<\/p>\n<p>O ac\u00f3rd\u00e3o \u00e9 um documento no qual s\u00e3o formalizados os votos dos ministros que julgaram o caso. O documento de quase 2 mil p\u00e1ginas oficializa decis\u00e3o tomada pela Primeira Turma do STF por quatro votos a um, com o ministro Luiz Fux sendo o \u00fanico a votar pela absolvi\u00e7\u00e3o.<\/p>\n<h2><b>Recursos e prazos<\/b><\/h2>\n<p>Os advogados de defesa poder\u00e3o apresentar embargos de declara\u00e7\u00e3o, que raramente modificam o resultado do julgamento, mas podem esclarecer pontos considerados obscuros. Al\u00e9m disso, as defesas devem insistir em outro tipo de recurso, o chamado embargo infringente, que, em casos excepcionais, pode alterar a senten\u00e7a. No entanto, esse tipo de pedido s\u00f3 \u00e9 aceito quando h\u00e1 pelo menos dois votos favor\u00e1veis \u00e0 absolvi\u00e7\u00e3o, o que n\u00e3o ocorreu neste caso.<\/p>\n<p>Ap\u00f3s a apresenta\u00e7\u00e3o dos recursos, o relator do processo, ministro Alexandre de Moraes, poder\u00e1 decidir individualmente sobre parte dos pedidos ou lev\u00e1-los ao colegiado. Ele tamb\u00e9m pode solicitar parecer da Procuradoria-Geral da Rep\u00fablica (PGR) antes da decis\u00e3o final. A an\u00e1lise dos embargos n\u00e3o tem prazo definido, mas h\u00e1 expectativa de que o STF conclua essa etapa at\u00e9 o fim do ano.<\/p>\n<p>Enquanto isso, as penas impostas aos r\u00e9us n\u00e3o podem ser executadas. A pris\u00e3o de Bolsonaro e dos demais condenados s\u00f3 ocorrer\u00e1 ap\u00f3s o tr\u00e2nsito em julgado \u2014 ou seja, quando n\u00e3o houver mais possibilidade de recurso.<\/p>\n<h2><b>Condena\u00e7\u00f5es e acusa\u00e7\u00f5es<\/b><\/h2>\n<p>A Primeira Turma do Supremo concluiu que ficou comprovada a exist\u00eancia de uma organiza\u00e7\u00e3o criminosa que atuou para manter Bolsonaro no poder, mesmo ap\u00f3s sua derrota eleitoral. O grupo teria tentado descredibilizar as urnas eletr\u00f4nicas, pressionado as For\u00e7as Armadas a apoiar uma ruptura institucional e utilizado a m\u00e1quina p\u00fablica para perseguir advers\u00e1rios pol\u00edticos.<\/p>\n<p>A senten\u00e7a tamb\u00e9m menciona a\u00e7\u00f5es de espionagem ilegal, dissemina\u00e7\u00e3o de informa\u00e7\u00f5es falsas e planos golpistas que inclu\u00edam a pris\u00e3o e at\u00e9 a morte de autoridades. Essas movimenta\u00e7\u00f5es, segundo o Supremo e a PGR, culminaram nos ataques de 8 de janeiro de 2023, quando as sedes dos Tr\u00eas Poderes, em Bras\u00edlia, foram invadidas e depredadas.<\/p>\n<p>Al\u00e9m do ex-presidente Jair Bolsonaro, foram condenados:<\/p>\n<ul>\n<li><b>Alexandre Ramagem<\/b>, deputado federal e ex-diretor da Ag\u00eancia Brasileira de Intelig\u00eancia (Abin);<\/li>\n<li><b>Almir Garnier<\/b>, ex-comandante da Marinha;<\/li>\n<li><b>Anderson Torres<\/b>, ex-ministro da Justi\u00e7a e da Seguran\u00e7a P\u00fablica;<\/li>\n<li><b>Augusto Heleno<\/b>, ex-ministro do Gabinete de Seguran\u00e7a Institucional;<\/li>\n<li><b>Mauro Cid<\/b>, ex-ajudante de ordens da Presid\u00eancia;<\/li>\n<li><b>Paulo S\u00e9rgio Nogueira<\/b>, ex-ministro da Defesa;<\/li>\n<li><b>Walter Braga Netto<\/b>, ex-ministro da Casa Civil.<\/li>\n<\/ul>\n<h2><b>Penas e dela\u00e7\u00f5es<\/b><\/h2>\n<p>Bolsonaro recebeu a pena mais alta entre os condenados \u2014 27 anos e 3 meses de pris\u00e3o \u2014 devido ao papel de lideran\u00e7a atribu\u00eddo a ele pelos ministros. As defesas, contudo, afirmam que n\u00e3o h\u00e1 provas de que o grupo tenha agido de forma armada ou coordenada.<\/p>\n<p>A Procuradoria-Geral da Rep\u00fablica, por sua vez, j\u00e1 informou que n\u00e3o pretende questionar a pena de Mauro Cid, que permanece em dois anos de pris\u00e3o em regime fechado conforme o acordo de dela\u00e7\u00e3o premiada firmado com o Minist\u00e9rio P\u00fablico.<\/p>\n","protected":false},"excerpt":{"rendered":"<p>Documento de quase 2 mil p\u00e1ginas abre prazo de cinco dias para recursos da defesa do ex-presidente e de outros sete condenados<\/p>\n","protected":false},"author":1,"featured_media":0,"comment_status":"closed","ping_status":"open","sticky":false,"template":"","format":"standard","meta":{"_exactmetrics_skip_tracking":false,"_exactmetrics_sitenote_active":false,"_exactmetrics_sitenote_note":"","_exactmetrics_sitenote_category":0,"jetpack_post_was_ever_published":false,"_jetpack_newsletter_access":"","_jetpack_dont_email_post_to_subs":false,"_jetpack_newsletter_tier_id":0,"_jetpack_memberships_contains_paywalled_content":false,"_jetpack_memberships_contains_paid_content":false,"footnotes":"","jetpack_publicize_message":"","jetpack_publicize_feature_enabled":true,"jetpack_social_post_already_shared":true,"jetpack_social_options":{"image_generator_settings":{"template":"highway","enabled":false},"version":2}},"categories":[1],"tags":[1538,53,909],"class_list":["post-37734","post","type-post","status-publish","format-standard","hentry","category-notas","tag-acordao","tag-bolsonaro","tag-condenacao"],"jetpack_publicize_connections":[],"jetpack_sharing_enabled":true,"jetpack_featured_media_url":"","jetpack_shortlink":"https:\/\/wp.me\/p7wKYW-9OC","jetpack-related-posts":[],"_links":{"self":[{"href":"http:\/\/blogdalucianaoliveira.com.br\/blog\/wp-json\/wp\/v2\/posts\/37734","targetHints":{"allow":["GET"]}}],"collection":[{"href":"http:\/\/blogdalucianaoliveira.com.br\/blog\/wp-json\/wp\/v2\/posts"}],"about":[{"href":"http:\/\/blogdalucianaoliveira.com.br\/blog\/wp-json\/wp\/v2\/types\/post"}],"author":[{"embeddable":true,"href":"http:\/\/blogdalucianaoliveira.com.br\/blog\/wp-json\/wp\/v2\/users\/1"}],"replies":[{"embeddable":true,"href":"http:\/\/blogdalucianaoliveira.com.br\/blog\/wp-json\/wp\/v2\/comments?post=37734"}],"version-history":[{"count":1,"href":"http:\/\/blogdalucianaoliveira.com.br\/blog\/wp-json\/wp\/v2\/posts\/37734\/revisions"}],"predecessor-version":[{"id":37736,"href":"http:\/\/blogdalucianaoliveira.com.br\/blog\/wp-json\/wp\/v2\/posts\/37734\/revisions\/37736"}],"wp:attachment":[{"href":"http:\/\/blogdalucianaoliveira.com.br\/blog\/wp-json\/wp\/v2\/media?parent=37734"}],"wp:term":[{"taxonomy":"category","embeddable":true,"href":"http:\/\/blogdalucianaoliveira.com.br\/blog\/wp-json\/wp\/v2\/categories?post=37734"},{"taxonomy":"post_tag","embeddable":true,"href":"http:\/\/blogdalucianaoliveira.com.br\/blog\/wp-json\/wp\/v2\/tags?post=37734"}],"curies":[{"name":"wp","href":"https:\/\/api.w.org\/{rel}","templated":true}]}}