{"id":37737,"date":"2025-10-22T16:05:33","date_gmt":"2025-10-22T20:05:33","guid":{"rendered":"https:\/\/blogdalucianaoliveira.com.br\/blog\/?p=37737"},"modified":"2025-10-22T16:05:33","modified_gmt":"2025-10-22T20:05:33","slug":"novas-ndcs-precisam-acelerar-a-transicao-energetica-e-a-restauracao-de-ecossistemas","status":"publish","type":"post","link":"http:\/\/blogdalucianaoliveira.com.br\/blog\/2025\/10\/22\/novas-ndcs-precisam-acelerar-a-transicao-energetica-e-a-restauracao-de-ecossistemas\/","title":{"rendered":"Novas NDCs precisam acelerar a transi\u00e7\u00e3o energ\u00e9tica e a restaura\u00e7\u00e3o de ecossistemas"},"content":{"rendered":"<p><img data-recalc-dims=\"1\" loading=\"lazy\" decoding=\"async\" data-attachment-id=\"37738\" data-permalink=\"http:\/\/blogdalucianaoliveira.com.br\/blog\/2025\/10\/22\/novas-ndcs-precisam-acelerar-a-transicao-energetica-e-a-restauracao-de-ecossistemas\/img_9010\/\" data-orig-file=\"https:\/\/i0.wp.com\/blogdalucianaoliveira.com.br\/blog\/wp-content\/uploads\/2025\/10\/IMG_9010.jpeg?fit=1200%2C799\" data-orig-size=\"1200,799\" data-comments-opened=\"0\" data-image-meta=\"{&quot;aperture&quot;:&quot;0&quot;,&quot;credit&quot;:&quot;&quot;,&quot;camera&quot;:&quot;&quot;,&quot;caption&quot;:&quot;&quot;,&quot;created_timestamp&quot;:&quot;0&quot;,&quot;copyright&quot;:&quot;&quot;,&quot;focal_length&quot;:&quot;0&quot;,&quot;iso&quot;:&quot;0&quot;,&quot;shutter_speed&quot;:&quot;0&quot;,&quot;title&quot;:&quot;&quot;,&quot;orientation&quot;:&quot;0&quot;}\" data-image-title=\"IMG_9010\" data-image-description=\"\" data-image-caption=\"\" data-medium-file=\"https:\/\/i0.wp.com\/blogdalucianaoliveira.com.br\/blog\/wp-content\/uploads\/2025\/10\/IMG_9010.jpeg?fit=300%2C200\" data-large-file=\"https:\/\/i0.wp.com\/blogdalucianaoliveira.com.br\/blog\/wp-content\/uploads\/2025\/10\/IMG_9010.jpeg?fit=600%2C400\" class=\"alignnone size-medium wp-image-37738\" src=\"https:\/\/i0.wp.com\/blogdalucianaoliveira.com.br\/blog\/wp-content\/uploads\/2025\/10\/IMG_9010.jpeg?resize=300%2C200\" alt=\"\" width=\"300\" height=\"200\" srcset=\"https:\/\/i0.wp.com\/blogdalucianaoliveira.com.br\/blog\/wp-content\/uploads\/2025\/10\/IMG_9010.jpeg?resize=300%2C200 300w, https:\/\/i0.wp.com\/blogdalucianaoliveira.com.br\/blog\/wp-content\/uploads\/2025\/10\/IMG_9010.jpeg?resize=1024%2C682 1024w, https:\/\/i0.wp.com\/blogdalucianaoliveira.com.br\/blog\/wp-content\/uploads\/2025\/10\/IMG_9010.jpeg?resize=768%2C511 768w, https:\/\/i0.wp.com\/blogdalucianaoliveira.com.br\/blog\/wp-content\/uploads\/2025\/10\/IMG_9010.jpeg?resize=451%2C300 451w, https:\/\/i0.wp.com\/blogdalucianaoliveira.com.br\/blog\/wp-content\/uploads\/2025\/10\/IMG_9010.jpeg?w=1200 1200w\" sizes=\"auto, (max-width: 300px) 100vw, 300px\" \/><\/p>\n<p>Levantamento aponta que 144 pa\u00edses j\u00e1 iniciaram a elabora\u00e7\u00e3o de seus planos, e 67 na\u00e7\u00f5es em desenvolvimento apresentaram seus NAPs oficialmente<!--more--><\/p>\n<p><em>Por Presid\u00eancia da COP30<\/em><\/p>\n<p>A Conven\u00e7\u00e3o-Quadro das Na\u00e7\u00f5es Unidas sobre Mudan\u00e7a do Clima (UNFCCC) divulgou um novo relat\u00f3rio que aponta avan\u00e7os expressivos na elabora\u00e7\u00e3o e implementa\u00e7\u00e3o dos Planos Nacionais de Adapta\u00e7\u00e3o (NAPs) por pa\u00edses em desenvolvimento \u2014 um sinal claro de que o mundo est\u00e1 passando do planejamento \u00e0 a\u00e7\u00e3o em adapta\u00e7\u00e3o clim\u00e1tica. Publicado a 20 dias da COP30, o documento mostra que a coopera\u00e7\u00e3o multilateral tem sido decisiva para acelerar a implementa\u00e7\u00e3o do Acordo de Paris e aproximar a agenda clim\u00e1tica do cotidiano das pessoas.<\/p>\n<p>Segundo o relat\u00f3rio, at\u00e9 30 de setembro de 2025, 144 pa\u00edses j\u00e1 haviam iniciado a elabora\u00e7\u00e3o de seus NAPs, e 67 na\u00e7\u00f5es em desenvolvimento \u2014 entre elas 23 dos pa\u00edses mais pobres e 14 pequenos Estados insulares \u2014 enviaram oficialmente seus planos \u00e0 UNFCCC. Esses documentos funcionam como guias para fortalecer a resili\u00eancia clim\u00e1tica, integrar a adapta\u00e7\u00e3o \u00e0s pol\u00edticas de desenvolvimento e direcionar investimentos em \u00e1reas essenciais como \u00e1gua, alimenta\u00e7\u00e3o, sa\u00fade, infraestrutura e ambiente.<\/p>\n<h3 class=\"block-heading\">Fortalecendo o multilateralismo<\/h3>\n<p>O relat\u00f3rio mostra que a coopera\u00e7\u00e3o internacional \u00e9 fundamental para ampliar o financiamento e a capacidade de adapta\u00e7\u00e3o clim\u00e1tica. Por meio do Fundo Verde para o Clima (GCF), 121 pa\u00edses em desenvolvimento receberam apoio para elaborar e implementar seus NAPs. At\u00e9 setembro de 2025, US$ 6,9 bilh\u00f5es haviam sido aprovados para projetos de adapta\u00e7\u00e3o e iniciativas alinhadas \u00e0s prioridades desses planos. Programas como a Rede Global de NAPs (NAP Global Network), o UN4NAPs e os centros regionais de colabora\u00e7\u00e3o j\u00e1 mobilizaram mais de 100 pa\u00edses em interc\u00e2mbios t\u00e9cnicos, mostrando como parcerias globais fortalecem a resili\u00eancia local.<\/p>\n<h3 class=\"block-heading\">Acelerando a implementa\u00e7\u00e3o do Acordo de Paris<\/h3>\n<p>O estudo confirma que cada vez mais pa\u00edses est\u00e3o incorporando a adapta\u00e7\u00e3o \u00e0s suas pol\u00edticas p\u00fablicas e alinhando seus NAPs \u00e0s Contribui\u00e7\u00f5es Nacionalmente Determinadas (NDCs) e aos relat\u00f3rios de transpar\u00eancia. Est\u00e3o sendo criados sistemas de monitoramento, avalia\u00e7\u00e3o e aprendizagem para medir o progresso e orientar futuras a\u00e7\u00f5es \u2014 passo essencial para a transpar\u00eancia do Balan\u00e7o Global do Acordo de Paris. O aumento de a\u00e7\u00f5es antecipat\u00f3rias, sistemas de alerta precoce e planos setoriais de adapta\u00e7\u00e3o demonstra um esfor\u00e7o crescente e mais coordenado na implementa\u00e7\u00e3o.<\/p>\n<h3 class=\"block-heading\">Conectando a a\u00e7\u00e3o clim\u00e1tica \u00e0 vida das pessoas<\/h3>\n<p>Os NAPs est\u00e3o se tornando ferramentas pr\u00e1ticas de adapta\u00e7\u00e3o inclusiva e justa. Quase todos os planos apresentados abordam equidade de g\u00eanero, participa\u00e7\u00e3o comunit\u00e1ria e redu\u00e7\u00e3o de vulnerabilidades. O avan\u00e7o dos sistemas multirriscos de alerta precoce \u2014 j\u00e1 presentes em 119 pa\u00edses \u2014 tem melhorado diretamente a seguran\u00e7a das popula\u00e7\u00f5es. A\u00e7\u00f5es locais nos setores de agricultura, sa\u00fade e planejamento urbano aproximam a resili\u00eancia clim\u00e1tica das necessidades cotidianas, ajudando as pessoas a se preparar e se adaptar a um clima em r\u00e1pida mudan\u00e7a.<\/p>\n<h3 class=\"block-heading\">Pr\u00f3ximos Passos para a COP30<\/h3>\n<p>O relat\u00f3rio destaca a necessidade de ampliar o apoio financeiro e t\u00e9cnico para acompanhar o aumento das ambi\u00e7\u00f5es nacionais, especialmente nos Pa\u00edses Menos Desenvolvidos (LDCs) e Pequenos Estados Insulares em Desenvolvimento (PEIDs). Ressalta que a manuten\u00e7\u00e3o da capacidade institucional e o financiamento de longo prazo s\u00e3o essenciais para implementar plenamente os NAPs e alcan\u00e7ar o Objetivo Global de Adapta\u00e7\u00e3o.<\/p>\n<p>\u201cMuitos pa\u00edses ainda n\u00e3o t\u00eam acesso ao financiamento de que precisam. Com frequ\u00eancia, enfrentam processos de aprova\u00e7\u00e3o complexos, apoio fragmentado e uma depend\u00eancia excessiva de assist\u00eancia externa\u201d, afirmou Simon Stiell, secret\u00e1rio-executivo da ONU para Mudan\u00e7a do Clima. \u201cO relat\u00f3rio deixa claro que os sistemas est\u00e3o cada vez mais preparados \u2014 mas agora o financiamento precisa come\u00e7ar a fluir.\u201d<\/p>\n<p>\u00c0s v\u00e9speras da COP30, em Bel\u00e9m, o relat\u00f3rio sobre os Planos Nacionais de Adapta\u00e7\u00e3o (NAPs) traz um panorama de como os pa\u00edses est\u00e3o transformando a vis\u00e3o do Acordo de Paris em realidade \u2014 fortalecendo a coopera\u00e7\u00e3o internacional, acelerando a a\u00e7\u00e3o clim\u00e1tica e garantindo que essa agenda chegue a todos os n\u00edveis da sociedade.<\/p>\n<p>\u201cVivemos um momento em que n\u00e3o basta reduzir emiss\u00f5es e enfrentar as causas da crise clim\u00e1tica \u2014 precisamos tamb\u00e9m agir para nos adaptar aos seus impactos, que continuar\u00e3o a crescer nas pr\u00f3ximas d\u00e9cadas\u201d, afirmou <b>Ana Toni<\/b>, CEO da COP30. \u201cEm todo o mundo, comunidades est\u00e3o mostrando que a adapta\u00e7\u00e3o n\u00e3o apenas salva vidas e protege meios de subsist\u00eancia, mas tamb\u00e9m estimula inova\u00e7\u00e3o, inclus\u00e3o e desenvolvimento econ\u00f4mico. Ampliar o financiamento para adapta\u00e7\u00e3o \u2014 com rapidez e justi\u00e7a \u2014 \u00e9 fundamental para construir um futuro mais seguro e resiliente para todas as pessoas.\u201d<\/p>\n<blockquote><p><a href=\"https:\/\/cop30.br\/pt-br\/noticias-da-cop30\/novo-relatorio-da-unfccc-mostra-que-paises-estao-acelerando-a-implementacao-dos-planos-nacionais-de-adaptacao\/naps_progress_report_sbi63_reg-embargoed.pdf\/\/@@download\/file\" download=\"\"><strong>Leia o relat\u00f3rio na \u00edntegra<\/strong><\/a><\/p><\/blockquote>\n","protected":false},"excerpt":{"rendered":"<p>Levantamento aponta que 144 pa\u00edses j\u00e1 iniciaram a elabora\u00e7\u00e3o de seus planos, e 67 na\u00e7\u00f5es em desenvolvimento apresentaram seus NAPs oficialmente<\/p>\n","protected":false},"author":1,"featured_media":0,"comment_status":"closed","ping_status":"open","sticky":false,"template":"","format":"standard","meta":{"_exactmetrics_skip_tracking":false,"_exactmetrics_sitenote_active":false,"_exactmetrics_sitenote_note":"","_exactmetrics_sitenote_category":0,"jetpack_post_was_ever_published":false,"_jetpack_newsletter_access":"","_jetpack_dont_email_post_to_subs":false,"_jetpack_newsletter_tier_id":0,"_jetpack_memberships_contains_paywalled_content":false,"_jetpack_memberships_contains_paid_content":false,"footnotes":"","jetpack_publicize_message":"","jetpack_publicize_feature_enabled":true,"jetpack_social_post_already_shared":true,"jetpack_social_options":{"image_generator_settings":{"template":"highway","enabled":false},"version":2}},"categories":[1],"tags":[1274,1539,1541,1540],"class_list":["post-37737","post","type-post","status-publish","format-standard","hentry","category-notas","tag-cop30","tag-metas","tag-paises","tag-plano"],"jetpack_publicize_connections":[],"jetpack_sharing_enabled":true,"jetpack_featured_media_url":"","jetpack_shortlink":"https:\/\/wp.me\/p7wKYW-9OF","jetpack-related-posts":[],"_links":{"self":[{"href":"http:\/\/blogdalucianaoliveira.com.br\/blog\/wp-json\/wp\/v2\/posts\/37737","targetHints":{"allow":["GET"]}}],"collection":[{"href":"http:\/\/blogdalucianaoliveira.com.br\/blog\/wp-json\/wp\/v2\/posts"}],"about":[{"href":"http:\/\/blogdalucianaoliveira.com.br\/blog\/wp-json\/wp\/v2\/types\/post"}],"author":[{"embeddable":true,"href":"http:\/\/blogdalucianaoliveira.com.br\/blog\/wp-json\/wp\/v2\/users\/1"}],"replies":[{"embeddable":true,"href":"http:\/\/blogdalucianaoliveira.com.br\/blog\/wp-json\/wp\/v2\/comments?post=37737"}],"version-history":[{"count":1,"href":"http:\/\/blogdalucianaoliveira.com.br\/blog\/wp-json\/wp\/v2\/posts\/37737\/revisions"}],"predecessor-version":[{"id":37739,"href":"http:\/\/blogdalucianaoliveira.com.br\/blog\/wp-json\/wp\/v2\/posts\/37737\/revisions\/37739"}],"wp:attachment":[{"href":"http:\/\/blogdalucianaoliveira.com.br\/blog\/wp-json\/wp\/v2\/media?parent=37737"}],"wp:term":[{"taxonomy":"category","embeddable":true,"href":"http:\/\/blogdalucianaoliveira.com.br\/blog\/wp-json\/wp\/v2\/categories?post=37737"},{"taxonomy":"post_tag","embeddable":true,"href":"http:\/\/blogdalucianaoliveira.com.br\/blog\/wp-json\/wp\/v2\/tags?post=37737"}],"curies":[{"name":"wp","href":"https:\/\/api.w.org\/{rel}","templated":true}]}}