{"id":37742,"date":"2025-10-23T11:43:40","date_gmt":"2025-10-23T15:43:40","guid":{"rendered":"https:\/\/blogdalucianaoliveira.com.br\/blog\/?p=37742"},"modified":"2025-10-23T11:43:40","modified_gmt":"2025-10-23T15:43:40","slug":"lula-na-indonesia-por-que-pais-vai-adotar-ensino-da-lingua-portuguesa-nas-escolas","status":"publish","type":"post","link":"http:\/\/blogdalucianaoliveira.com.br\/blog\/2025\/10\/23\/lula-na-indonesia-por-que-pais-vai-adotar-ensino-da-lingua-portuguesa-nas-escolas\/","title":{"rendered":"Lula na Indon\u00e9sia: por que pa\u00eds vai adotar ensino da l\u00edngua portuguesa nas escolas?"},"content":{"rendered":"<div class=\"bbc-19j92fr ebmt73l0\" dir=\"ltr\">\n<div class=\"bbc-1151pbn ebmt73l0\" dir=\"ltr\">\n<h1 id=\"content\" class=\"article-heading bbc-14gqcmb e1p3vdyi0\" tabindex=\"-1\"><img data-recalc-dims=\"1\" decoding=\"async\" src=\"https:\/\/i0.wp.com\/ichef.bbci.co.uk\/ace\/ws\/640\/cpsprodpb\/eacd\/live\/aad8a3c0-aff8-11f0-af36-791af27228b8.jpg.webp?w=600&#038;ssl=1\" alt=\"O presidente indon\u00e9sio Prabowo Subianto ao lado de Luiz In\u00e1cio Lula da Silva, presidente do Brasil\n\n\" \/><\/h1>\n<\/div>\n<p dir=\"ltr\">\n<p class=\"bbc-hhl7in e17g058b0\" dir=\"ltr\"><strong>BBC, por Giulia Granchi &#8211;<\/strong> No dia em que recebeu visita do presidente <a class=\"focusIndicatorReducedWidth bbc-n8oauk e1p3sufg0\" href=\"https:\/\/www.bbc.com\/portuguese\/topics\/cpzd4zx0272t\">Luiz In\u00e1cio Lula da Silva<\/a>, o l\u00edder da\u00a0<a class=\"focusIndicatorReducedWidth bbc-n8oauk e1p3sufg0\" href=\"https:\/\/www.bbc.com\/portuguese\/topics\/cz74k75zg57t\">Indon\u00e9sia<\/a>, Prabowo Subianto, declarou que o portugu\u00eas passar\u00e1 a ser ensinado nas escolas indon\u00e9sias.<\/p>\n<\/div>\n<div class=\"bbc-19j92fr ebmt73l0\" dir=\"ltr\">\n<p class=\"bbc-hhl7in e17g058b0\" dir=\"ltr\">Lula foi recebido nesta quinta-feira (23) no Pal\u00e1cio Merdeka, em Jacarta. L\u00e1, ele confirmou que disputar\u00e1 um quarto mandato nas elei\u00e7\u00f5es de 2026.<\/p>\n<\/div>\n<div class=\"bbc-19j92fr ebmt73l0\" dir=\"ltr\">\n<p class=\"bbc-hhl7in e17g058b0\" dir=\"ltr\">Segundo o site de not\u00edcias indon\u00e9sio Kompas.com, Prabowo afirmou que a medida reflete a import\u00e2ncia do Brasil para a Indon\u00e9sia.<\/p>\n<\/div>\n<p><!--more--><\/p>\n<div class=\"bbc-19j92fr ebmt73l0\" dir=\"ltr\">\n<p class=\"bbc-hhl7in e17g058b0\" dir=\"ltr\">&#8220;Devido \u00e0 relev\u00e2ncia dessa parceria, decidi que o portugu\u00eas ser\u00e1 uma l\u00edngua priorit\u00e1ria em nossa educa\u00e7\u00e3o, porque queremos que esse relacionamento se fortale\u00e7a&#8221;, disse o presidente indon\u00e9sio durante a declara\u00e7\u00e3o conjunta com Lula, segundo o site.<\/p>\n<\/div>\n<section class=\"bbc-1s6hekm\" role=\"region\" aria-label=\"Publicidade 2\" aria-hidden=\"true\" data-e2e=\"advertisement\">\n<div id=\"dotcom-mpu\" class=\"dotcom-ad active\" aria-hidden=\"true\">\n<div class=\"dotcom-ad-inner\">\n<div class=\"dotcom-ad-text-wrapper\">\n<div class=\"bbc-19j92fr ebmt73l0\" dir=\"ltr\">\n<p class=\"bbc-hhl7in e17g058b0\" dir=\"ltr\">As informa\u00e7\u00f5es divulgadas tamb\u00e9m descrevem que o presidente indon\u00e9sio destacou que o pa\u00eds j\u00e1 oferece aulas de idiomas como ingl\u00eas, \u00e1rabe, chin\u00eas e russo, e que agora o portugu\u00eas deve integrar esse grupo. Lula, ao ouvir o an\u00fancio, respondeu com aplausos e agradecimento.<\/p>\n<\/div>\n<section class=\"bbc-1o3v5ug\" role=\"region\" data-e2e=\"recommendations-heading\" aria-labelledby=\"recommendations-heading\">\n<div class=\"bbc-bjn8wh eveec6k2\">\n<div class=\"bbc-19j92fr ebmt73l0\" dir=\"ltr\">\n<p class=\"bbc-hhl7in e17g058b0\" dir=\"ltr\">O site aponta que Prabowo determinou que os minist\u00e9rios da Educa\u00e7\u00e3o e do Ensino Superior comecem a implementar o plano, que faz parte de um pacote mais amplo de aproxima\u00e7\u00e3o entre os dois pa\u00edses.<\/p>\n<\/div>\n<div class=\"bbc-19j92fr ebmt73l0\" dir=\"ltr\">\n<h2 id=\"Acordos-entre-Brasil-e-Indon\u00e9sia\" class=\"bbc-1lgzob2 eglt09e0\" tabindex=\"-1\">Acordos entre Brasil e Indon\u00e9sia<\/h2>\n<\/div>\n<div class=\"bbc-19j92fr ebmt73l0\" dir=\"ltr\">\n<p class=\"bbc-hhl7in e17g058b0\" dir=\"ltr\">Durante a visita, Brasil e Indon\u00e9sia firmaram oito acordos de coopera\u00e7\u00e3o que v\u00e3o de\u00a0<a class=\"focusIndicatorReducedWidth bbc-n8oauk e1p3sufg0\" href=\"https:\/\/www.bbc.com\/portuguese\/topics\/cxnyknq1n6pt\">energia<\/a>\u00a0e\u00a0<a class=\"focusIndicatorReducedWidth bbc-n8oauk e1p3sufg0\" href=\"https:\/\/www.bbc.com\/portuguese\/articles\/c3w4wlvllp6o\">minera\u00e7\u00e3o<\/a>\u00a0a estat\u00edsticas, inova\u00e7\u00e3o cient\u00edfica e\u00a0<a class=\"focusIndicatorReducedWidth bbc-n8oauk e1p3sufg0\" href=\"https:\/\/www.bbc.com\/portuguese\/topics\/c340q4k57g2t\">agricultura<\/a>. Os documentos foram assinados por ministros e chefes de ag\u00eancias estatais diante dos dois presidentes, simbolizando o in\u00edcio de uma parceria estrat\u00e9gica de longo prazo.<\/p>\n<\/div>\n<div class=\"bbc-19j92fr ebmt73l0\" dir=\"ltr\">\n<p class=\"bbc-hhl7in e17g058b0\" dir=\"ltr\">Lula e Prabowo tamb\u00e9m refor\u00e7aram o compromisso com o multilateralismo e com a amplia\u00e7\u00e3o de la\u00e7os entre pa\u00edses do Sul Global.<\/p>\n<\/div>\n<div class=\"bbc-19j92fr ebmt73l0\" dir=\"ltr\">\n<p class=\"bbc-hhl7in e17g058b0\" dir=\"ltr\">O l\u00edder brasileiro destacou a import\u00e2ncia de uma diplomacia &#8220;baseada no di\u00e1logo e no respeito entre as na\u00e7\u00f5es&#8221;, enquanto Prabowo disse ver no Brasil um parceiro essencial tanto para o BRICS quanto para futuras coopera\u00e7\u00f5es na \u00e1rea ambiental e educacional.<\/p>\n<\/div>\n<div class=\"bbc-19j92fr ebmt73l0\" dir=\"ltr\">\n<p class=\"bbc-hhl7in e17g058b0\" dir=\"ltr\">A inclus\u00e3o do portugu\u00eas nas escolas indon\u00e9sias, ainda sem data definida para come\u00e7ar, \u00e9 vista como um gesto pol\u00edtico e cultural in\u00e9dito. O idioma, falado por mais de 260 milh\u00f5es de pessoas no mundo, ser\u00e1 o primeiro de origem latina a integrar o curr\u00edculo nacional da Indon\u00e9sia \u2014 um sinal de que o pa\u00eds busca se aproximar n\u00e3o apenas do Brasil, mas tamb\u00e9m da Comunidade dos Pa\u00edses de L\u00edngua Portuguesa (CPLP).<\/p>\n<\/div>\n<div class=\"bbc-19j92fr ebmt73l0\" dir=\"ltr\">\n<h2 id=\"Cr\u00edticas-ao-protecionismo-\u00e0s-v\u00e9speras-de-poss\u00edvel-encontro-com-Trump\" class=\"bbc-1lgzob2 eglt09e0\" tabindex=\"-1\">Cr\u00edticas ao protecionismo \u00e0s v\u00e9speras de poss\u00edvel encontro com Trump<\/h2>\n<\/div>\n<div class=\"bbc-4quw3x e1rfboeq7\" dir=\"ltr\" data-e2e=\"podcast-promo\">\n<section class=\"e1rfboeq6 bbc-12e4ke4 e1s8ztj50\" role=\"region\" aria-labelledby=\"podcast-promo\">\n<div class=\"bbc-bjn8wh eveec6k2\"><main class=\"bbc-c63egk\" role=\"main\"><\/p>\n<div class=\"bbc-19j92fr ebmt73l0\" dir=\"ltr\">\n<p class=\"bbc-hhl7in e17g058b0\" dir=\"ltr\">Durante a visita \u00e0 Indon\u00e9sia, o presidente Luiz In\u00e1cio Lula da Silva voltou a defender o multilateralismo e criticou o protecionismo nas rela\u00e7\u00f5es comerciais \u2014 um discurso que ganha peso diante da expectativa de um poss\u00edvel encontro com o presidente dos Estados Unidos, Donald Trump, nos pr\u00f3ximos dias.<\/p>\n<\/div>\n<div class=\"bbc-19j92fr ebmt73l0\" dir=\"ltr\">\n<p class=\"bbc-hhl7in e17g058b0\" dir=\"ltr\">Lula afirmou que tanto o Brasil quanto a Indon\u00e9sia t\u00eam interesse em fortalecer o com\u00e9rcio bilateral sem depender exclusivamente do d\u00f3lar. &#8220;Queremos democracia comercial, n\u00e3o protecionismo. Precisamos criar condi\u00e7\u00f5es para negociar com as nossas pr\u00f3prias moedas&#8221;, declarou.<\/p>\n<\/div>\n<div class=\"bbc-19j92fr ebmt73l0\" dir=\"ltr\">\n<p class=\"bbc-hhl7in e17g058b0\" dir=\"ltr\">A defesa do uso de moedas locais em transa\u00e7\u00f5es internacionais \u00e9 um dos pontos que podem gerar atrito com Washington. De acordo com informa\u00e7\u00f5es da imprensa brasileira, Trump deve pressionar Lula a recuar da proposta de ampliar o uso de moedas pr\u00f3prias nas trocas entre pa\u00edses do BRICS.<\/p>\n<\/div>\n<div class=\"bbc-19j92fr ebmt73l0\" dir=\"ltr\">\n<p class=\"bbc-hhl7in e17g058b0\" dir=\"ltr\">A passagem pela Indon\u00e9sia marca o in\u00edcio da agenda asi\u00e1tica do presidente, voltada \u00e0 amplia\u00e7\u00e3o do com\u00e9rcio de prote\u00edna animal brasileira, \u00e0 coopera\u00e7\u00e3o ambiental e ao fortalecimento dos la\u00e7os com pa\u00edses do Sudeste Asi\u00e1tico. Lula segue agora para a Mal\u00e1sia, onde participa da c\u00fapula da Associa\u00e7\u00e3o das Na\u00e7\u00f5es do Sudeste Asi\u00e1tico (Asean) e deve se reunir com Trump \u00e0 margem do evento, no domingo (26).<\/p>\n<\/div>\n<div class=\"bbc-19j92fr ebmt73l0\" dir=\"ltr\">\n<p class=\"bbc-hhl7in e17g058b0\" dir=\"ltr\">O encontro entre os dois l\u00edderes ser\u00e1 o primeiro formal desde a imposi\u00e7\u00e3o de tarifas de 50% sobre a maioria dos produtos brasileiros e marca uma tentativa de distens\u00e3o nas rela\u00e7\u00f5es. O governo brasileiro v\u00ea a viagem como parte de uma estrat\u00e9gia de diversifica\u00e7\u00e3o comercial \u2014 uma resposta direta \u00e0 volta de Trump \u00e0 Casa Branca e \u00e0 consequente tens\u00e3o nas rela\u00e7\u00f5es bilaterais.<\/p>\n<\/div>\n<div class=\"bbc-19j92fr ebmt73l0\" dir=\"ltr\">\n<p class=\"bbc-hhl7in e17g058b0\" dir=\"ltr\">A cientista pol\u00edtica Fernanda Nanci Gon\u00e7alves, da Universidade do Estado do Rio de Janeiro (UERJ), avalia que h\u00e1 sinais de reaproxima\u00e7\u00e3o entre os pa\u00edses.<\/p>\n<\/div>\n<div class=\"bbc-19j92fr ebmt73l0\" dir=\"ltr\">\n<p class=\"bbc-hhl7in e17g058b0\" dir=\"ltr\">&#8220;H\u00e1 espa\u00e7o para um di\u00e1logo pragm\u00e1tico, mesmo com diverg\u00eancias ideol\u00f3gicas. Claro que \u00e9 preciso ter cautela porque a revers\u00e3o de tarifas e a retomada de uma &#8216;agenda positiva&#8217; dependem de a\u00e7\u00f5es concretas, especialmente em temas como com\u00e9rcio, energia e seguran\u00e7a das cadeias produtivas. Mas, sem d\u00favidas, o clima pol\u00edtico melhorou&#8221;, disse ela \u00e0 BBC News Brasil.<\/p>\n<\/div>\n<div class=\"bbc-19j92fr ebmt73l0\" dir=\"ltr\">\n<p class=\"bbc-hhl7in e17g058b0\" dir=\"ltr\">Uma fonte pr\u00f3xima \u00e0 Presid\u00eancia descreveu \u00e0 BBC a viagem de Lula ao Sudeste Asi\u00e1tico como um &#8220;cap\u00edtulo de uma estrat\u00e9gia maior de resposta \u00e0 elei\u00e7\u00e3o de Trump&#8221;, destacando que o Brasil tenta refor\u00e7ar novas rotas comerciais desde o fim do ano passado para reduzir a depend\u00eancia do mercado norte-americano.<\/p>\n<\/div>\n<div class=\"bbc-19j92fr ebmt73l0\" dir=\"ltr\">\n<p class=\"bbc-hhl7in e17g058b0\" dir=\"ltr\">*Com reportagem de Julia Braun<\/p>\n<\/div>\n<div aria-hidden=\"true\"><\/div>\n<p><\/main><\/p>\n<aside class=\"bbc-nufh7c e5jcirq1\" role=\"complementary\" data-testid=\"related-topics\" aria-labelledby=\"related-topics\">\n<div class=\"e5jcirq0 bbc-1f2ds04 e1m6nvxw1\">\n<h2 id=\"section-label-heading-related-topics\" class=\"bbc-a5e1ct e1m6nvxw0\" tabindex=\"-1\"><\/h2>\n<\/div>\n<\/aside>\n<\/div>\n<\/section>\n<\/div>\n<\/div>\n<\/section>\n<\/div>\n<\/div>\n<\/div>\n<\/section>\n","protected":false},"excerpt":{"rendered":"<p>BBC, por Giulia Granchi &#8211; No dia em que recebeu visita do presidente Luiz In\u00e1cio Lula da Silva, o l\u00edder da\u00a0Indon\u00e9sia, Prabowo Subianto, declarou que o portugu\u00eas passar\u00e1 a ser ensinado nas escolas indon\u00e9sias. Lula foi recebido nesta quinta-feira (23) no Pal\u00e1cio Merdeka, em Jacarta. L\u00e1, ele confirmou que disputar\u00e1 um quarto mandato nas elei\u00e7\u00f5es&#8230;<a class=\"more-link\" href=\"http:\/\/blogdalucianaoliveira.com.br\/blog\/2025\/10\/23\/lula-na-indonesia-por-que-pais-vai-adotar-ensino-da-lingua-portuguesa-nas-escolas\/\">Continue a leitura <span class=\"meta-nav\">&raquo;<\/span><\/a><\/p>\n","protected":false},"author":1,"featured_media":0,"comment_status":"closed","ping_status":"open","sticky":false,"template":"","format":"standard","meta":{"_exactmetrics_skip_tracking":false,"_exactmetrics_sitenote_active":false,"_exactmetrics_sitenote_note":"","_exactmetrics_sitenote_category":0,"jetpack_post_was_ever_published":false,"_jetpack_newsletter_access":"","_jetpack_dont_email_post_to_subs":false,"_jetpack_newsletter_tier_id":0,"_jetpack_memberships_contains_paywalled_content":false,"_jetpack_memberships_contains_paid_content":false,"footnotes":"","jetpack_publicize_message":"","jetpack_publicize_feature_enabled":true,"jetpack_social_post_already_shared":true,"jetpack_social_options":{"image_generator_settings":{"template":"highway","enabled":false},"version":2}},"categories":[1],"tags":[1543,1545,78,1544],"class_list":["post-37742","post","type-post","status-publish","format-standard","hentry","category-notas","tag-indonesia","tag-lingua","tag-lula","tag-portugues"],"jetpack_publicize_connections":[],"jetpack_sharing_enabled":true,"jetpack_featured_media_url":"","jetpack_shortlink":"https:\/\/wp.me\/p7wKYW-9OK","jetpack-related-posts":[],"_links":{"self":[{"href":"http:\/\/blogdalucianaoliveira.com.br\/blog\/wp-json\/wp\/v2\/posts\/37742","targetHints":{"allow":["GET"]}}],"collection":[{"href":"http:\/\/blogdalucianaoliveira.com.br\/blog\/wp-json\/wp\/v2\/posts"}],"about":[{"href":"http:\/\/blogdalucianaoliveira.com.br\/blog\/wp-json\/wp\/v2\/types\/post"}],"author":[{"embeddable":true,"href":"http:\/\/blogdalucianaoliveira.com.br\/blog\/wp-json\/wp\/v2\/users\/1"}],"replies":[{"embeddable":true,"href":"http:\/\/blogdalucianaoliveira.com.br\/blog\/wp-json\/wp\/v2\/comments?post=37742"}],"version-history":[{"count":1,"href":"http:\/\/blogdalucianaoliveira.com.br\/blog\/wp-json\/wp\/v2\/posts\/37742\/revisions"}],"predecessor-version":[{"id":37743,"href":"http:\/\/blogdalucianaoliveira.com.br\/blog\/wp-json\/wp\/v2\/posts\/37742\/revisions\/37743"}],"wp:attachment":[{"href":"http:\/\/blogdalucianaoliveira.com.br\/blog\/wp-json\/wp\/v2\/media?parent=37742"}],"wp:term":[{"taxonomy":"category","embeddable":true,"href":"http:\/\/blogdalucianaoliveira.com.br\/blog\/wp-json\/wp\/v2\/categories?post=37742"},{"taxonomy":"post_tag","embeddable":true,"href":"http:\/\/blogdalucianaoliveira.com.br\/blog\/wp-json\/wp\/v2\/tags?post=37742"}],"curies":[{"name":"wp","href":"https:\/\/api.w.org\/{rel}","templated":true}]}}