{"id":37753,"date":"2025-10-23T13:10:09","date_gmt":"2025-10-23T17:10:09","guid":{"rendered":"https:\/\/blogdalucianaoliveira.com.br\/blog\/?p=37753"},"modified":"2025-10-23T13:10:09","modified_gmt":"2025-10-23T17:10:09","slug":"move-mundo-mobilizacao-global-convida-cidadaos-a-enviarem-mensagens-aos-lideres-da-cop30","status":"publish","type":"post","link":"http:\/\/blogdalucianaoliveira.com.br\/blog\/2025\/10\/23\/move-mundo-mobilizacao-global-convida-cidadaos-a-enviarem-mensagens-aos-lideres-da-cop30\/","title":{"rendered":"Move Mundo: mobiliza\u00e7\u00e3o global convida cidad\u00e3os a enviarem mensagens aos l\u00edderes da COP30"},"content":{"rendered":"<p><img data-recalc-dims=\"1\" loading=\"lazy\" decoding=\"async\" data-attachment-id=\"37754\" data-permalink=\"http:\/\/blogdalucianaoliveira.com.br\/blog\/2025\/10\/23\/move-mundo-mobilizacao-global-convida-cidadaos-a-enviarem-mensagens-aos-lideres-da-cop30\/img_9046\/\" data-orig-file=\"https:\/\/i0.wp.com\/blogdalucianaoliveira.com.br\/blog\/wp-content\/uploads\/2025\/10\/IMG_9046.png?fit=1200%2C674\" data-orig-size=\"1200,674\" data-comments-opened=\"0\" data-image-meta=\"{&quot;aperture&quot;:&quot;0&quot;,&quot;credit&quot;:&quot;&quot;,&quot;camera&quot;:&quot;&quot;,&quot;caption&quot;:&quot;&quot;,&quot;created_timestamp&quot;:&quot;0&quot;,&quot;copyright&quot;:&quot;&quot;,&quot;focal_length&quot;:&quot;0&quot;,&quot;iso&quot;:&quot;0&quot;,&quot;shutter_speed&quot;:&quot;0&quot;,&quot;title&quot;:&quot;&quot;,&quot;orientation&quot;:&quot;0&quot;}\" data-image-title=\"IMG_9046\" data-image-description=\"\" data-image-caption=\"\" data-medium-file=\"https:\/\/i0.wp.com\/blogdalucianaoliveira.com.br\/blog\/wp-content\/uploads\/2025\/10\/IMG_9046.png?fit=300%2C169\" data-large-file=\"https:\/\/i0.wp.com\/blogdalucianaoliveira.com.br\/blog\/wp-content\/uploads\/2025\/10\/IMG_9046.png?fit=600%2C337\" class=\"alignnone size-medium wp-image-37754\" src=\"https:\/\/i0.wp.com\/blogdalucianaoliveira.com.br\/blog\/wp-content\/uploads\/2025\/10\/IMG_9046.png?resize=300%2C169\" alt=\"\" width=\"300\" height=\"169\" srcset=\"https:\/\/i0.wp.com\/blogdalucianaoliveira.com.br\/blog\/wp-content\/uploads\/2025\/10\/IMG_9046.png?resize=300%2C169 300w, https:\/\/i0.wp.com\/blogdalucianaoliveira.com.br\/blog\/wp-content\/uploads\/2025\/10\/IMG_9046.png?resize=1024%2C575 1024w, https:\/\/i0.wp.com\/blogdalucianaoliveira.com.br\/blog\/wp-content\/uploads\/2025\/10\/IMG_9046.png?resize=768%2C431 768w, https:\/\/i0.wp.com\/blogdalucianaoliveira.com.br\/blog\/wp-content\/uploads\/2025\/10\/IMG_9046.png?resize=534%2C300 534w, https:\/\/i0.wp.com\/blogdalucianaoliveira.com.br\/blog\/wp-content\/uploads\/2025\/10\/IMG_9046.png?w=1200 1200w\" sizes=\"auto, (max-width: 300px) 100vw, 300px\" \/><\/p>\n<p>Do celular para a COP30: campanha transforma mensagens em voz coletiva pelo planeta<!--more--><\/p>\n<p>Site da COP30 &#8211; Somos milh\u00f5es de vidas, somos milh\u00f5es de vozes, mas somos um s\u00f3 grito. Assim nasce o Move Mundo, uma mobiliza\u00e7\u00e3o in\u00e9dita que busca reunir pessoas de todas as idades e territ\u00f3rios do Brasil e do mundo para levar suas mensagens e propostas diretamente aos l\u00edderes globais que participar\u00e3o da COP30, a 30\u00aa Confer\u00eancia das Partes da Conven\u00e7\u00e3o-Quadro das Na\u00e7\u00f5es Unidas sobre Mudan\u00e7a do Clima, que acontecer\u00e1 em 2025, em Bel\u00e9m (PA).<\/p>\n<p>O projeto Move Mundo \u00e9 uma iniciativa do Conselho de Desenvolvimento Econ\u00f4mico Social Sustent\u00e1vel (CDESS), \u00f3rg\u00e3o de participa\u00e7\u00e3o social e assessoramento \u00e0 Presid\u00eancia da Rep\u00fablica, com realiza\u00e7\u00e3o e apoio do<a class=\"external\" href=\"https:\/\/www.gov.br\/mcti\/pt-br\" rel=\"noopener noreferrer\"> Minist\u00e9rio da Ci\u00eancia, Tecnologia e Inova\u00e7\u00e3o<\/a>. O mutir\u00e3o \u00e9 um chamado \u00e0 a\u00e7\u00e3o: qualquer pessoa pode gravar um v\u00eddeo curto respondendo a seguinte pergunta \u201cQual o seu conselho para os l\u00edderes na COP30?\u201d, dizendo o que quer mudar, proteger ou transformar pelo planeta.<\/p>\n<p>\u201cNosso objetivo \u00e9 criar um gesto coletivo, democr\u00e1tico e simb\u00f3lico. Queremos dar voz a quem est\u00e1 nos territ\u00f3rios, alertando para a\u00e7\u00f5es concretas, urgentes e necess\u00e1rias para enfrentar a crise clim\u00e1tica que amea\u00e7a o mundo\u201d, explica o idealizador Olavo Noleto, secret\u00e1rio-executivo do Conselho de Desenvolvimento Econ\u00f4mico Social Sustent\u00e1vel da Presid\u00eancia da Rep\u00fablica.<\/p>\n<p>O movimento busca reunir organiza\u00e7\u00f5es da sociedade civil, comunicadores, lideran\u00e7as sociais e pessoas engajadas que acreditam no poder da participa\u00e7\u00e3o popular para influenciar as decis\u00f5es globais sobre o clima. O Brasil, anfitri\u00e3o da COP30, tem a oportunidade de liderar o di\u00e1logo entre povos, culturas e gera\u00e7\u00f5es.<\/p>\n<h3 id=\"como-participar\" tabindex=\"0\">Como participar?<\/h3>\n<p>Para participar do Mutir\u00e3o Move Mundo, basta gravar um v\u00eddeo curto (at\u00e9 30 segundos) dizendo o seu nome e respondendo a pergunta: \u201cQual o seu conselho para os l\u00edderes mundiais na COP30?\u201d<\/p>\n<p>Depois, compartilhe nas suas redes sociais com as hashtags #MoveMundo #COP30 #Mutir\u00e3oMoveMundo #Mutir\u00e3oCOP30<\/p>\n<h3 id=\"uma-so-voz-pelo-planeta\" tabindex=\"0\">Uma s\u00f3 voz pelo planeta<\/h3>\n<p>As mensagens ser\u00e3o exibidas em a\u00e7\u00f5es e eventos da COP30, simbolizando o desejo coletivo por um futuro mais justo, verde e solid\u00e1rio. O Move Mundo \u00e9 mais que uma campanha, \u00e9 um grande mutir\u00e3o global por esperan\u00e7a e a\u00e7\u00e3o clim\u00e1tica.<\/p>\n","protected":false},"excerpt":{"rendered":"<p>Do celular para a COP30: campanha transforma mensagens em voz coletiva pelo planeta<\/p>\n","protected":false},"author":1,"featured_media":0,"comment_status":"closed","ping_status":"open","sticky":false,"template":"","format":"standard","meta":{"_exactmetrics_skip_tracking":false,"_exactmetrics_sitenote_active":false,"_exactmetrics_sitenote_note":"","_exactmetrics_sitenote_category":0,"jetpack_post_was_ever_published":false,"_jetpack_newsletter_access":"","_jetpack_dont_email_post_to_subs":false,"_jetpack_newsletter_tier_id":0,"_jetpack_memberships_contains_paywalled_content":false,"_jetpack_memberships_contains_paid_content":false,"footnotes":"","jetpack_publicize_message":"","jetpack_publicize_feature_enabled":true,"jetpack_social_post_already_shared":true,"jetpack_social_options":{"image_generator_settings":{"template":"highway","enabled":false},"version":2}},"categories":[1],"tags":[1274,1546,1547,1548],"class_list":["post-37753","post","type-post","status-publish","format-standard","hentry","category-notas","tag-cop30","tag-move-mundo","tag-participacao","tag-videos"],"jetpack_publicize_connections":[],"jetpack_sharing_enabled":true,"jetpack_featured_media_url":"","jetpack_shortlink":"https:\/\/wp.me\/p7wKYW-9OV","jetpack-related-posts":[],"_links":{"self":[{"href":"http:\/\/blogdalucianaoliveira.com.br\/blog\/wp-json\/wp\/v2\/posts\/37753","targetHints":{"allow":["GET"]}}],"collection":[{"href":"http:\/\/blogdalucianaoliveira.com.br\/blog\/wp-json\/wp\/v2\/posts"}],"about":[{"href":"http:\/\/blogdalucianaoliveira.com.br\/blog\/wp-json\/wp\/v2\/types\/post"}],"author":[{"embeddable":true,"href":"http:\/\/blogdalucianaoliveira.com.br\/blog\/wp-json\/wp\/v2\/users\/1"}],"replies":[{"embeddable":true,"href":"http:\/\/blogdalucianaoliveira.com.br\/blog\/wp-json\/wp\/v2\/comments?post=37753"}],"version-history":[{"count":1,"href":"http:\/\/blogdalucianaoliveira.com.br\/blog\/wp-json\/wp\/v2\/posts\/37753\/revisions"}],"predecessor-version":[{"id":37755,"href":"http:\/\/blogdalucianaoliveira.com.br\/blog\/wp-json\/wp\/v2\/posts\/37753\/revisions\/37755"}],"wp:attachment":[{"href":"http:\/\/blogdalucianaoliveira.com.br\/blog\/wp-json\/wp\/v2\/media?parent=37753"}],"wp:term":[{"taxonomy":"category","embeddable":true,"href":"http:\/\/blogdalucianaoliveira.com.br\/blog\/wp-json\/wp\/v2\/categories?post=37753"},{"taxonomy":"post_tag","embeddable":true,"href":"http:\/\/blogdalucianaoliveira.com.br\/blog\/wp-json\/wp\/v2\/tags?post=37753"}],"curies":[{"name":"wp","href":"https:\/\/api.w.org\/{rel}","templated":true}]}}