{"id":37756,"date":"2025-10-23T13:31:34","date_gmt":"2025-10-23T17:31:34","guid":{"rendered":"https:\/\/blogdalucianaoliveira.com.br\/blog\/?p=37756"},"modified":"2025-10-23T13:31:34","modified_gmt":"2025-10-23T17:31:34","slug":"claudia-de-jesus-atende-pedido-do-vereador-jean-e-ambulancia-para-pimenteiras-e-garantida-com-emenda-parlamentar","status":"publish","type":"post","link":"http:\/\/blogdalucianaoliveira.com.br\/blog\/2025\/10\/23\/claudia-de-jesus-atende-pedido-do-vereador-jean-e-ambulancia-para-pimenteiras-e-garantida-com-emenda-parlamentar\/","title":{"rendered":"Cl\u00e1udia de Jesus atende pedido do vereador Jean e Ambul\u00e2ncia para Pimenteiras \u00e9 garantida com emenda parlamentar"},"content":{"rendered":"<p><img data-recalc-dims=\"1\" loading=\"lazy\" decoding=\"async\" data-attachment-id=\"37759\" data-permalink=\"http:\/\/blogdalucianaoliveira.com.br\/blog\/2025\/10\/23\/claudia-de-jesus-atende-pedido-do-vereador-jean-e-ambulancia-para-pimenteiras-e-garantida-com-emenda-parlamentar\/img_9048-2\/\" data-orig-file=\"https:\/\/i0.wp.com\/blogdalucianaoliveira.com.br\/blog\/wp-content\/uploads\/2025\/10\/IMG_9048-1-scaled.jpeg?fit=2560%2C1440\" data-orig-size=\"2560,1440\" data-comments-opened=\"0\" data-image-meta=\"{&quot;aperture&quot;:&quot;1.5&quot;,&quot;credit&quot;:&quot;&quot;,&quot;camera&quot;:&quot;iPhone 14&quot;,&quot;caption&quot;:&quot;&quot;,&quot;created_timestamp&quot;:&quot;1744799252&quot;,&quot;copyright&quot;:&quot;&quot;,&quot;focal_length&quot;:&quot;5.7&quot;,&quot;iso&quot;:&quot;160&quot;,&quot;shutter_speed&quot;:&quot;0.016666666666667&quot;,&quot;title&quot;:&quot;&quot;,&quot;orientation&quot;:&quot;1&quot;}\" data-image-title=\"IMG_9048\" data-image-description=\"\" data-image-caption=\"\" data-medium-file=\"https:\/\/i0.wp.com\/blogdalucianaoliveira.com.br\/blog\/wp-content\/uploads\/2025\/10\/IMG_9048-1-scaled.jpeg?fit=300%2C169\" data-large-file=\"https:\/\/i0.wp.com\/blogdalucianaoliveira.com.br\/blog\/wp-content\/uploads\/2025\/10\/IMG_9048-1-scaled.jpeg?fit=600%2C338\" class=\"alignnone size-medium wp-image-37759\" src=\"https:\/\/i0.wp.com\/blogdalucianaoliveira.com.br\/blog\/wp-content\/uploads\/2025\/10\/IMG_9048-1.jpeg?resize=300%2C169\" alt=\"\" width=\"300\" height=\"169\" srcset=\"https:\/\/i0.wp.com\/blogdalucianaoliveira.com.br\/blog\/wp-content\/uploads\/2025\/10\/IMG_9048-1-scaled.jpeg?resize=300%2C169 300w, https:\/\/i0.wp.com\/blogdalucianaoliveira.com.br\/blog\/wp-content\/uploads\/2025\/10\/IMG_9048-1-scaled.jpeg?resize=1024%2C576 1024w, https:\/\/i0.wp.com\/blogdalucianaoliveira.com.br\/blog\/wp-content\/uploads\/2025\/10\/IMG_9048-1-scaled.jpeg?resize=768%2C432 768w, https:\/\/i0.wp.com\/blogdalucianaoliveira.com.br\/blog\/wp-content\/uploads\/2025\/10\/IMG_9048-1-scaled.jpeg?resize=1536%2C864 1536w, https:\/\/i0.wp.com\/blogdalucianaoliveira.com.br\/blog\/wp-content\/uploads\/2025\/10\/IMG_9048-1-scaled.jpeg?resize=2048%2C1152 2048w, https:\/\/i0.wp.com\/blogdalucianaoliveira.com.br\/blog\/wp-content\/uploads\/2025\/10\/IMG_9048-1-scaled.jpeg?resize=533%2C300 533w, https:\/\/i0.wp.com\/blogdalucianaoliveira.com.br\/blog\/wp-content\/uploads\/2025\/10\/IMG_9048-1-scaled.jpeg?w=1200 1200w, https:\/\/i0.wp.com\/blogdalucianaoliveira.com.br\/blog\/wp-content\/uploads\/2025\/10\/IMG_9048-1-scaled.jpeg?w=1800 1800w\" sizes=\"auto, (max-width: 300px) 100vw, 300px\" \/><\/p>\n<p>Recurso de R$ 300 mil j\u00e1 foi pago \u00e0 Prefeitura de Pimenteiras.<!--more--><\/p>\n<p>Assessoria &#8211; A deputada estadual Cl\u00e1udia de Jesus (PT) destinou uma emenda parlamentar no valor de R$ 300 mil \u00e0 Prefeitura de Pimenteiras, j\u00e1 paga, para a aquisi\u00e7\u00e3o de uma nova ambul\u00e2ncia que vai refor\u00e7ar o atendimento em sa\u00fade no munic\u00edpio. A Prefeita Val\u00e9ria Aparecida confirmou a import\u00e2ncia do investimento e agradeceu.<\/p>\n<p>A deputada destacou a import\u00e2ncia do equipamento para o atendimento da popula\u00e7\u00e3o, especialmente em situa\u00e7\u00f5es de urg\u00eancia e emerg\u00eancia. \u201cEssa ambul\u00e2ncia representa um avan\u00e7o importante para a sa\u00fade de Pimenteiras. Nosso mandato tem compromisso com o fortalecimento da rede p\u00fablica, garantindo que os munic\u00edpios tenham estrutura para atender bem suas comunidades\u201d,\u00a0afirmou Cl\u00e1udia de Jesus.<\/p>\n<p>Opedido foi articulado pelo vereador Jean (MDB) e lideran\u00e7as locais do Partido dos Trabalhadores (PT), que buscaram junto ao gabinete da deputada apoio para atender a demanda da popula\u00e7\u00e3o pimenteirense.<\/p>\n","protected":false},"excerpt":{"rendered":"<p>Recurso de R$ 300 mil j\u00e1 foi pago \u00e0 Prefeitura de Pimenteiras.<\/p>\n","protected":false},"author":1,"featured_media":0,"comment_status":"closed","ping_status":"open","sticky":false,"template":"","format":"standard","meta":{"_exactmetrics_skip_tracking":false,"_exactmetrics_sitenote_active":false,"_exactmetrics_sitenote_note":"","_exactmetrics_sitenote_category":0,"jetpack_post_was_ever_published":false,"_jetpack_newsletter_access":"","_jetpack_dont_email_post_to_subs":false,"_jetpack_newsletter_tier_id":0,"_jetpack_memberships_contains_paywalled_content":false,"_jetpack_memberships_contains_paid_content":false,"footnotes":"","jetpack_publicize_message":"","jetpack_publicize_feature_enabled":true,"jetpack_social_post_already_shared":true,"jetpack_social_options":{"image_generator_settings":{"template":"highway","enabled":false},"version":2}},"categories":[1],"tags":[],"class_list":["post-37756","post","type-post","status-publish","format-standard","hentry","category-notas"],"jetpack_publicize_connections":[],"jetpack_sharing_enabled":true,"jetpack_featured_media_url":"","jetpack_shortlink":"https:\/\/wp.me\/p7wKYW-9OY","jetpack-related-posts":[],"_links":{"self":[{"href":"http:\/\/blogdalucianaoliveira.com.br\/blog\/wp-json\/wp\/v2\/posts\/37756","targetHints":{"allow":["GET"]}}],"collection":[{"href":"http:\/\/blogdalucianaoliveira.com.br\/blog\/wp-json\/wp\/v2\/posts"}],"about":[{"href":"http:\/\/blogdalucianaoliveira.com.br\/blog\/wp-json\/wp\/v2\/types\/post"}],"author":[{"embeddable":true,"href":"http:\/\/blogdalucianaoliveira.com.br\/blog\/wp-json\/wp\/v2\/users\/1"}],"replies":[{"embeddable":true,"href":"http:\/\/blogdalucianaoliveira.com.br\/blog\/wp-json\/wp\/v2\/comments?post=37756"}],"version-history":[{"count":1,"href":"http:\/\/blogdalucianaoliveira.com.br\/blog\/wp-json\/wp\/v2\/posts\/37756\/revisions"}],"predecessor-version":[{"id":37760,"href":"http:\/\/blogdalucianaoliveira.com.br\/blog\/wp-json\/wp\/v2\/posts\/37756\/revisions\/37760"}],"wp:attachment":[{"href":"http:\/\/blogdalucianaoliveira.com.br\/blog\/wp-json\/wp\/v2\/media?parent=37756"}],"wp:term":[{"taxonomy":"category","embeddable":true,"href":"http:\/\/blogdalucianaoliveira.com.br\/blog\/wp-json\/wp\/v2\/categories?post=37756"},{"taxonomy":"post_tag","embeddable":true,"href":"http:\/\/blogdalucianaoliveira.com.br\/blog\/wp-json\/wp\/v2\/tags?post=37756"}],"curies":[{"name":"wp","href":"https:\/\/api.w.org\/{rel}","templated":true}]}}