{"id":37761,"date":"2025-10-24T10:35:05","date_gmt":"2025-10-24T14:35:05","guid":{"rendered":"https:\/\/blogdalucianaoliveira.com.br\/blog\/?p=37761"},"modified":"2025-10-24T10:35:05","modified_gmt":"2025-10-24T14:35:05","slug":"belem-sediara-cupula-do-clima-nos-dias-6-e-7-de-novembro","status":"publish","type":"post","link":"http:\/\/blogdalucianaoliveira.com.br\/blog\/2025\/10\/24\/belem-sediara-cupula-do-clima-nos-dias-6-e-7-de-novembro\/","title":{"rendered":"Bel\u00e9m sediar\u00e1 C\u00fapula do Clima nos dias 6 e 7 de novembro"},"content":{"rendered":"<p><img data-recalc-dims=\"1\" loading=\"lazy\" decoding=\"async\" data-attachment-id=\"37762\" data-permalink=\"http:\/\/blogdalucianaoliveira.com.br\/blog\/2025\/10\/24\/belem-sediara-cupula-do-clima-nos-dias-6-e-7-de-novembro\/img_9084\/\" data-orig-file=\"https:\/\/i0.wp.com\/blogdalucianaoliveira.com.br\/blog\/wp-content\/uploads\/2025\/10\/IMG_9084.jpeg?fit=1200%2C799\" data-orig-size=\"1200,799\" data-comments-opened=\"0\" data-image-meta=\"{&quot;aperture&quot;:&quot;0&quot;,&quot;credit&quot;:&quot;&quot;,&quot;camera&quot;:&quot;&quot;,&quot;caption&quot;:&quot;&quot;,&quot;created_timestamp&quot;:&quot;0&quot;,&quot;copyright&quot;:&quot;&quot;,&quot;focal_length&quot;:&quot;0&quot;,&quot;iso&quot;:&quot;0&quot;,&quot;shutter_speed&quot;:&quot;0&quot;,&quot;title&quot;:&quot;&quot;,&quot;orientation&quot;:&quot;0&quot;}\" data-image-title=\"IMG_9084\" data-image-description=\"\" data-image-caption=\"\" data-medium-file=\"https:\/\/i0.wp.com\/blogdalucianaoliveira.com.br\/blog\/wp-content\/uploads\/2025\/10\/IMG_9084.jpeg?fit=300%2C200\" data-large-file=\"https:\/\/i0.wp.com\/blogdalucianaoliveira.com.br\/blog\/wp-content\/uploads\/2025\/10\/IMG_9084.jpeg?fit=600%2C400\" class=\"alignnone size-medium wp-image-37762\" src=\"https:\/\/i0.wp.com\/blogdalucianaoliveira.com.br\/blog\/wp-content\/uploads\/2025\/10\/IMG_9084.jpeg?resize=300%2C200\" alt=\"\" width=\"300\" height=\"200\" srcset=\"https:\/\/i0.wp.com\/blogdalucianaoliveira.com.br\/blog\/wp-content\/uploads\/2025\/10\/IMG_9084.jpeg?resize=300%2C200 300w, https:\/\/i0.wp.com\/blogdalucianaoliveira.com.br\/blog\/wp-content\/uploads\/2025\/10\/IMG_9084.jpeg?resize=1024%2C682 1024w, https:\/\/i0.wp.com\/blogdalucianaoliveira.com.br\/blog\/wp-content\/uploads\/2025\/10\/IMG_9084.jpeg?resize=768%2C511 768w, https:\/\/i0.wp.com\/blogdalucianaoliveira.com.br\/blog\/wp-content\/uploads\/2025\/10\/IMG_9084.jpeg?resize=451%2C300 451w, https:\/\/i0.wp.com\/blogdalucianaoliveira.com.br\/blog\/wp-content\/uploads\/2025\/10\/IMG_9084.jpeg?w=1200 1200w\" sizes=\"auto, (max-width: 300px) 100vw, 300px\" \/><\/p>\n<p>Site da COP30 &#8211; Ser\u00e1 realizada, nos dias 6 e 7 de novembro de 2025, a C\u00fapula do Clima de Bel\u00e9m, encontro internacional que reunir\u00e1 chefes de Estado e de Governo, ministros e dirigentes de organiza\u00e7\u00f5es internacionais para discutir os principais desafios e compromissos no enfrentamento da mudan\u00e7a do clima.<!--more--><\/p>\n<p>Convocada pelo Presidente Luiz In\u00e1cio Lula da Silva, a C\u00fapula representa um marco central no processo de mobiliza\u00e7\u00e3o e di\u00e1logo internacional sobre a agenda clim\u00e1tica. Logo ap\u00f3s a C\u00fapula, ser\u00e1 realizada a 30\u00aa Confer\u00eancia das Partes da Conven\u00e7\u00e3o do Clima das Na\u00e7\u00f5es Unidas (COP30), de 10 a 21 de novembro, tamb\u00e9m em Bel\u00e9m.<\/p>\n<p>Sediar a C\u00fapula na Amaz\u00f4nia brasileira tem um simbolismo profundo. Considerada essencial para o equil\u00edbrio clim\u00e1tico global, a regi\u00e3o ser\u00e1, pela primeira vez, palco de um encontro ambiental desse n\u00edvel. Esta \u00e9 tamb\u00e9m a primeira vez que a COP ser\u00e1 realizada na floresta. O evento refor\u00e7a o papel do Brasil como articulador internacional em prol do desenvolvimento sustent\u00e1vel, da conserva\u00e7\u00e3o das florestas tropicais e da justi\u00e7a clim\u00e1tica.<\/p>\n<p>A agenda da C\u00fapula do Clima inclui a Plen\u00e1ria Geral dos L\u00edderes, com discursos de chefes de Estado e representantes de organismos internacionais, al\u00e9m de sess\u00f5es tem\u00e1ticas presididas pelo Presidente Lula, dedicadas aos seguintes temas: Clima e Natureza: Florestas e Oceanos; Transi\u00e7\u00e3o Energ\u00e9tica; e Dez anos do Acordo de Paris: NDCs e Financiamento.<\/p>\n<p>O programa conta ainda com o almo\u00e7o de lan\u00e7amento do \u201cFundo Florestas Tropicais para Sempre\u201d (TFFF), que reunir\u00e1 pa\u00edses florestais tropicais e investidores.<\/p>\n<p>S\u00e3o esperadas iniciativas e declara\u00e7\u00f5es em \u00e1reas estrat\u00e9gicas para o combate \u00e0 mudan\u00e7a do clima, como a Declara\u00e7\u00e3o de Lan\u00e7amento do TFFF, o Chamado \u00e0 A\u00e7\u00e3o sobre Manejo Integrado do Fogo, o Compromisso de Bel\u00e9m pelos Combust\u00edveis Sustent\u00e1veis e a Declara\u00e7\u00e3o sobre Fome, Pobreza e A\u00e7\u00e3o Clim\u00e1tica. O presidente Lula tamb\u00e9m lan\u00e7ar\u00e1 um Chamado \u00e0 A\u00e7\u00e3o Clim\u00e1tica, com vistas a identificar as principais lacunas na implementa\u00e7\u00e3o do regime internacional do clima, assim como solu\u00e7\u00f5es para supera\u00e7\u00e3o do desafio.<\/p>\n<p>A C\u00fapula ser\u00e1 realizada no Parque da Cidade, um dos legados da COP30 para a popula\u00e7\u00e3o local. O local ser\u00e1 dividido em duas \u00e1reas: a Zona Azul, para delega\u00e7\u00f5es oficiais, e a Zona Verde, aberta ao p\u00fablico e voltada ao di\u00e1logo entre sociedade civil, setor privado e governos sobre solu\u00e7\u00f5es sustent\u00e1veis.<\/p>\n<p>Com sua rica heran\u00e7a cultural e forte simbolismo ambiental, Bel\u00e9m se prepara para receber o mais importante encontro global sobre mudan\u00e7a do clima. A realiza\u00e7\u00e3o da C\u00fapula do Clima e da COP30 na capital paraense reafirma o compromisso do Brasil com o enfrentamento da crise clim\u00e1tica, com a transi\u00e7\u00e3o energ\u00e9tica justa e sustent\u00e1vel, a conserva\u00e7\u00e3o das florestas e da biodiversidade, al\u00e9m de consolidar a lideran\u00e7a brasileira na agenda ambiental internacional.<\/p>\n","protected":false},"excerpt":{"rendered":"<p>Site da COP30 &#8211; Ser\u00e1 realizada, nos dias 6 e 7 de novembro de 2025, a C\u00fapula do Clima de Bel\u00e9m, encontro internacional que reunir\u00e1 chefes de Estado e de Governo, ministros e dirigentes de organiza\u00e7\u00f5es internacionais para discutir os principais desafios e compromissos no enfrentamento da mudan\u00e7a do clima.<\/p>\n","protected":false},"author":1,"featured_media":0,"comment_status":"closed","ping_status":"open","sticky":false,"template":"","format":"standard","meta":{"_exactmetrics_skip_tracking":false,"_exactmetrics_sitenote_active":false,"_exactmetrics_sitenote_note":"","_exactmetrics_sitenote_category":0,"jetpack_post_was_ever_published":false,"_jetpack_newsletter_access":"","_jetpack_dont_email_post_to_subs":false,"_jetpack_newsletter_tier_id":0,"_jetpack_memberships_contains_paywalled_content":false,"_jetpack_memberships_contains_paid_content":false,"footnotes":"","jetpack_publicize_message":"","jetpack_publicize_feature_enabled":true,"jetpack_social_post_already_shared":true,"jetpack_social_options":{"image_generator_settings":{"template":"highway","enabled":false},"version":2}},"categories":[1],"tags":[1275,1274,1549],"class_list":["post-37761","post","type-post","status-publish","format-standard","hentry","category-notas","tag-belem","tag-cop30","tag-cupula"],"jetpack_publicize_connections":[],"jetpack_sharing_enabled":true,"jetpack_featured_media_url":"","jetpack_shortlink":"https:\/\/wp.me\/p7wKYW-9P3","jetpack-related-posts":[],"_links":{"self":[{"href":"http:\/\/blogdalucianaoliveira.com.br\/blog\/wp-json\/wp\/v2\/posts\/37761","targetHints":{"allow":["GET"]}}],"collection":[{"href":"http:\/\/blogdalucianaoliveira.com.br\/blog\/wp-json\/wp\/v2\/posts"}],"about":[{"href":"http:\/\/blogdalucianaoliveira.com.br\/blog\/wp-json\/wp\/v2\/types\/post"}],"author":[{"embeddable":true,"href":"http:\/\/blogdalucianaoliveira.com.br\/blog\/wp-json\/wp\/v2\/users\/1"}],"replies":[{"embeddable":true,"href":"http:\/\/blogdalucianaoliveira.com.br\/blog\/wp-json\/wp\/v2\/comments?post=37761"}],"version-history":[{"count":1,"href":"http:\/\/blogdalucianaoliveira.com.br\/blog\/wp-json\/wp\/v2\/posts\/37761\/revisions"}],"predecessor-version":[{"id":37763,"href":"http:\/\/blogdalucianaoliveira.com.br\/blog\/wp-json\/wp\/v2\/posts\/37761\/revisions\/37763"}],"wp:attachment":[{"href":"http:\/\/blogdalucianaoliveira.com.br\/blog\/wp-json\/wp\/v2\/media?parent=37761"}],"wp:term":[{"taxonomy":"category","embeddable":true,"href":"http:\/\/blogdalucianaoliveira.com.br\/blog\/wp-json\/wp\/v2\/categories?post=37761"},{"taxonomy":"post_tag","embeddable":true,"href":"http:\/\/blogdalucianaoliveira.com.br\/blog\/wp-json\/wp\/v2\/tags?post=37761"}],"curies":[{"name":"wp","href":"https:\/\/api.w.org\/{rel}","templated":true}]}}