{"id":37764,"date":"2025-10-24T15:02:47","date_gmt":"2025-10-24T19:02:47","guid":{"rendered":"https:\/\/blogdalucianaoliveira.com.br\/blog\/?p=37764"},"modified":"2025-10-24T15:02:47","modified_gmt":"2025-10-24T19:02:47","slug":"decreto-que-dispensa-laudo-medico-para-inclusao-nas-escolas-elimina-barreira-historica-diz-pedagoga","status":"publish","type":"post","link":"http:\/\/blogdalucianaoliveira.com.br\/blog\/2025\/10\/24\/decreto-que-dispensa-laudo-medico-para-inclusao-nas-escolas-elimina-barreira-historica-diz-pedagoga\/","title":{"rendered":"Decreto que dispensa laudo m\u00e9dico para inclus\u00e3o nas escolas \u2018elimina barreira hist\u00f3rica\u2019, diz pedagoga"},"content":{"rendered":"<p><img data-recalc-dims=\"1\" loading=\"lazy\" decoding=\"async\" data-attachment-id=\"37765\" data-permalink=\"http:\/\/blogdalucianaoliveira.com.br\/blog\/2025\/10\/24\/decreto-que-dispensa-laudo-medico-para-inclusao-nas-escolas-elimina-barreira-historica-diz-pedagoga\/img_9119\/\" data-orig-file=\"https:\/\/i0.wp.com\/blogdalucianaoliveira.com.br\/blog\/wp-content\/uploads\/2025\/10\/IMG_9119.jpeg?fit=750%2C536\" data-orig-size=\"750,536\" data-comments-opened=\"0\" data-image-meta=\"{&quot;aperture&quot;:&quot;0&quot;,&quot;credit&quot;:&quot;&quot;,&quot;camera&quot;:&quot;&quot;,&quot;caption&quot;:&quot;&quot;,&quot;created_timestamp&quot;:&quot;0&quot;,&quot;copyright&quot;:&quot;&quot;,&quot;focal_length&quot;:&quot;0&quot;,&quot;iso&quot;:&quot;0&quot;,&quot;shutter_speed&quot;:&quot;0&quot;,&quot;title&quot;:&quot;&quot;,&quot;orientation&quot;:&quot;0&quot;}\" data-image-title=\"IMG_9119\" data-image-description=\"\" data-image-caption=\"\" data-medium-file=\"https:\/\/i0.wp.com\/blogdalucianaoliveira.com.br\/blog\/wp-content\/uploads\/2025\/10\/IMG_9119.jpeg?fit=300%2C214\" data-large-file=\"https:\/\/i0.wp.com\/blogdalucianaoliveira.com.br\/blog\/wp-content\/uploads\/2025\/10\/IMG_9119.jpeg?fit=600%2C429\" class=\"alignnone size-medium wp-image-37765\" src=\"https:\/\/i0.wp.com\/blogdalucianaoliveira.com.br\/blog\/wp-content\/uploads\/2025\/10\/IMG_9119.jpeg?resize=300%2C214\" alt=\"\" width=\"300\" height=\"214\" srcset=\"https:\/\/i0.wp.com\/blogdalucianaoliveira.com.br\/blog\/wp-content\/uploads\/2025\/10\/IMG_9119.jpeg?resize=300%2C214 300w, https:\/\/i0.wp.com\/blogdalucianaoliveira.com.br\/blog\/wp-content\/uploads\/2025\/10\/IMG_9119.jpeg?resize=420%2C300 420w, https:\/\/i0.wp.com\/blogdalucianaoliveira.com.br\/blog\/wp-content\/uploads\/2025\/10\/IMG_9119.jpeg?w=750 750w\" sizes=\"auto, (max-width: 300px) 100vw, 300px\" \/><\/p>\n<h2 class=\"jeg_post_subtitle\">Medida assinada por Lula garante atendimento a estudantes com defici\u00eancia e transtornos sem diagn\u00f3stico<\/h2>\n<p><!--more--><\/p>\n<p>Brasil de Fato &#8211; Um novo decreto presidencial determina que escolas de todo o pa\u00eds n\u00e3o poder\u00e3o mais exigir laudos ou diagn\u00f3sticos m\u00e9dicos para oferecer atendimento educacional especializado a estudantes com defici\u00eancia, transtorno do espectro autista ou altas habilidades. A medida, segundo Carla Mauch, pedagoga e coordenadora da Mais Diferen\u00e7as, elimina uma barreira hist\u00f3rica que impedia o acesso de muitas crian\u00e7as \u00e0 educa\u00e7\u00e3o inclusiva.<\/p>\n<p>\u201cTemos que entender que o direito \u00e0 educa\u00e7\u00e3o est\u00e1 garantido na Constitui\u00e7\u00e3o e ele \u00e9 para todos os estudantes. Portanto, independentemente das quest\u00f5es do diagn\u00f3stico, os estudantes t\u00eam esse direito\u201d, afirmou a especialista, em entrevista ao <em><a href=\"https:\/\/www.youtube.com\/watch?v=7jLA-efrGgc\" target=\"_blank\" rel=\"noopener noreferrer\">Conex\u00e3o BdF<\/a><\/em>, da <strong>R\u00e1dio Brasil de Fato<\/strong>.<\/p>\n<div class=\"jeg_ad jeg_ad_article jnews_content_inline_ads  \">\n<div class=\"ads-wrapper align-center \">\n<div class=\"ads_shortcode\">\n<div class=\"ads-region-container\" data-slot=\"artigos-leaderboard-incontent-1\" data-region=\"br\" data-slot-name=\"artigos-leaderboard-incontent-1-br\">\n<div id=\"div-gpt-ad-artigos-medium_incontent_1\" class=\"ad-slot\"><\/div>\n<\/div>\n<\/div>\n<\/div>\n<\/div>\n<p>Segundo Mauch, o processo para obter um diagn\u00f3stico \u00e9 complexo e n\u00e3o pode ser um requisito para o acesso \u00e0 aprendizagem. \u201cIsso j\u00e1 estava preconizado na nota t\u00e9cnica n\u00ba 4 [do Minist\u00e9rio da Educa\u00e7\u00e3o (MEC)], mas agora o decreto tem for\u00e7a de lei. As redes come\u00e7am a se organizar a partir daqui para pensar nessa perspectiva do atendimento educacional especializado como um direito de todos os estudantes\u201d, indicou.<\/p>\n<p>Ela explica que o atendimento educacional especializado (AEE) pode ocorrer no contraturno ou de forma colaborativa com o professor da sala regular. \u201cO AEE n\u00e3o \u00e9 substitutivo. Ele \u00e9 complementar e suplementar\u201d, ressaltou.<\/p>\n<div class=\"jeg_ad jeg_ad_article jnews_content_inline_2_ads  \">\n<div class=\"ads-wrapper align-center \">\n<div class=\"ads_shortcode\">\n<div class=\"ads-region-container\" data-slot=\"artigos-leaderboard-incontent-2\" data-region=\"br\" data-slot-name=\"artigos-leaderboard-incontent-2-br\">\n<div id=\"div-gpt-ad-artigos-medium_incontent_2\" class=\"ad-slot\"><\/div>\n<\/div>\n<\/div>\n<\/div>\n<\/div>\n<h4 class=\"wp-block-heading\">Mudan\u00e7a cultural e combate ao capacitismo<\/h4>\n<p>Para Mauch, o decreto assinado pelo presidente Luiz In\u00e1cio Lula da Silva (PT) na \u00faltima ter\u00e7a-feira (21) reafirma o compromisso do Brasil com a educa\u00e7\u00e3o inclusiva, pol\u00edtica implementada desde 2008, e exige uma mudan\u00e7a cultural nas escolas. \u201cA educa\u00e7\u00e3o inclusiva demanda uma reorganiza\u00e7\u00e3o dos tempos e espa\u00e7os escolares, da gest\u00e3o pedag\u00f3gica. \u00c9 preciso entender que a diversidade \u00e9 um valor, n\u00e3o um problema\u201d, disse.<\/p>\n<p>A pedagoga avalia que a medida tamb\u00e9m ajuda a enfrentar o capacitismo estrutural. \u201cN\u00f3s estarmos conversando sobre educa\u00e7\u00e3o inclusiva em pleno 2025 e com muitas resist\u00eancias ainda, tamb\u00e9m mostra como a nossa sociedade \u00e9 preconceituosa\u201d, afirmou. \u201cPor que ainda insistimos em achar que o lugar dos estudantes com defici\u00eancia e autistas n\u00e3o \u00e9 a escola comum\u201d, criticou.<\/p>\n<div class=\"jeg_ad jeg_ad_article jnews_content_inline_3_ads  \">\n<div class=\"ads-wrapper align-center \">\n<div class=\"ads_shortcode\"><\/div>\n<\/div>\n<\/div>\n<h3 class=\"wp-block-heading\">Forma\u00e7\u00e3o de professores e desafios<\/h3>\n<p>O decreto tamb\u00e9m estabelece a forma\u00e7\u00e3o m\u00ednima de 80 horas para <a href=\"https:\/\/www.brasildefato.com.br\/2025\/07\/21\/a-exaustao-do-educador-inclusivo-driblando-dificuldades-sem-treinador-e-sem-torcida\/\" target=\"_blank\" rel=\"noopener noreferrer\">professores e profissionais de apoio<\/a>. Para Mauch, o n\u00famero \u00e9 apenas um ponto de partida. \u201cEssas 80 horas s\u00e3o o piso, n\u00e3o o m\u00e1ximo. A forma\u00e7\u00e3o nunca \u00e9 suficiente, n\u00f3s estamos sempre em processo de forma\u00e7\u00e3o\u201d, observou. Ela defende que a capacita\u00e7\u00e3o seja pautada em direitos humanos e no modelo social da defici\u00eancia, com foco na \u201celimina\u00e7\u00e3o de barreiras pedag\u00f3gicas\u201d.<\/p>\n<p>Entre os desafios para a efetiva\u00e7\u00e3o da pol\u00edtica, Mauch cita a necessidade de financiamento e engajamento de toda a sociedade. \u201cN\u00f3s precisamos de vontade e compromisso de todas as redes de ensino, das fam\u00edlias, da sociedade. N\u00e3o podemos mais precarizar a educa\u00e7\u00e3o. \u00c9 preciso garantir recursos, investimento e forma\u00e7\u00e3o\u201d, concluiu.<\/p>\n","protected":false},"excerpt":{"rendered":"<p>Medida assinada por Lula garante atendimento a estudantes com defici\u00eancia e transtornos sem diagn\u00f3stico<\/p>\n","protected":false},"author":1,"featured_media":0,"comment_status":"closed","ping_status":"open","sticky":false,"template":"","format":"standard","meta":{"_exactmetrics_skip_tracking":false,"_exactmetrics_sitenote_active":false,"_exactmetrics_sitenote_note":"","_exactmetrics_sitenote_category":0,"jetpack_post_was_ever_published":false,"_jetpack_newsletter_access":"","_jetpack_dont_email_post_to_subs":false,"_jetpack_newsletter_tier_id":0,"_jetpack_memberships_contains_paywalled_content":false,"_jetpack_memberships_contains_paid_content":false,"footnotes":"","jetpack_publicize_message":"","jetpack_publicize_feature_enabled":true,"jetpack_social_post_already_shared":true,"jetpack_social_options":{"image_generator_settings":{"template":"highway","enabled":false},"version":2}},"categories":[1],"tags":[],"class_list":["post-37764","post","type-post","status-publish","format-standard","hentry","category-notas"],"jetpack_publicize_connections":[],"jetpack_sharing_enabled":true,"jetpack_featured_media_url":"","jetpack_shortlink":"https:\/\/wp.me\/p7wKYW-9P6","jetpack-related-posts":[],"_links":{"self":[{"href":"http:\/\/blogdalucianaoliveira.com.br\/blog\/wp-json\/wp\/v2\/posts\/37764","targetHints":{"allow":["GET"]}}],"collection":[{"href":"http:\/\/blogdalucianaoliveira.com.br\/blog\/wp-json\/wp\/v2\/posts"}],"about":[{"href":"http:\/\/blogdalucianaoliveira.com.br\/blog\/wp-json\/wp\/v2\/types\/post"}],"author":[{"embeddable":true,"href":"http:\/\/blogdalucianaoliveira.com.br\/blog\/wp-json\/wp\/v2\/users\/1"}],"replies":[{"embeddable":true,"href":"http:\/\/blogdalucianaoliveira.com.br\/blog\/wp-json\/wp\/v2\/comments?post=37764"}],"version-history":[{"count":1,"href":"http:\/\/blogdalucianaoliveira.com.br\/blog\/wp-json\/wp\/v2\/posts\/37764\/revisions"}],"predecessor-version":[{"id":37766,"href":"http:\/\/blogdalucianaoliveira.com.br\/blog\/wp-json\/wp\/v2\/posts\/37764\/revisions\/37766"}],"wp:attachment":[{"href":"http:\/\/blogdalucianaoliveira.com.br\/blog\/wp-json\/wp\/v2\/media?parent=37764"}],"wp:term":[{"taxonomy":"category","embeddable":true,"href":"http:\/\/blogdalucianaoliveira.com.br\/blog\/wp-json\/wp\/v2\/categories?post=37764"},{"taxonomy":"post_tag","embeddable":true,"href":"http:\/\/blogdalucianaoliveira.com.br\/blog\/wp-json\/wp\/v2\/tags?post=37764"}],"curies":[{"name":"wp","href":"https:\/\/api.w.org\/{rel}","templated":true}]}}