{"id":37771,"date":"2025-10-26T06:24:59","date_gmt":"2025-10-26T10:24:59","guid":{"rendered":"https:\/\/blogdalucianaoliveira.com.br\/blog\/?p=37771"},"modified":"2025-10-26T06:24:59","modified_gmt":"2025-10-26T10:24:59","slug":"e-uma-grande-honra-estar-com-o-presidente-do-brasil-diz-trump","status":"publish","type":"post","link":"http:\/\/blogdalucianaoliveira.com.br\/blog\/2025\/10\/26\/e-uma-grande-honra-estar-com-o-presidente-do-brasil-diz-trump\/","title":{"rendered":"&#8220;\u00c9 uma grande honra estar com o presidente do Brasil&#8221;, diz Trump"},"content":{"rendered":"<p><img data-recalc-dims=\"1\" loading=\"lazy\" decoding=\"async\" data-attachment-id=\"37772\" data-permalink=\"http:\/\/blogdalucianaoliveira.com.br\/blog\/2025\/10\/26\/e-uma-grande-honra-estar-com-o-presidente-do-brasil-diz-trump\/img_9179\/\" data-orig-file=\"https:\/\/i0.wp.com\/blogdalucianaoliveira.com.br\/blog\/wp-content\/uploads\/2025\/10\/IMG_9179.webp?fit=500%2C240\" data-orig-size=\"500,240\" data-comments-opened=\"0\" data-image-meta=\"{&quot;aperture&quot;:&quot;0&quot;,&quot;credit&quot;:&quot;&quot;,&quot;camera&quot;:&quot;&quot;,&quot;caption&quot;:&quot;&quot;,&quot;created_timestamp&quot;:&quot;0&quot;,&quot;copyright&quot;:&quot;&quot;,&quot;focal_length&quot;:&quot;0&quot;,&quot;iso&quot;:&quot;0&quot;,&quot;shutter_speed&quot;:&quot;0&quot;,&quot;title&quot;:&quot;&quot;,&quot;orientation&quot;:&quot;0&quot;}\" data-image-title=\"IMG_9179\" data-image-description=\"\" data-image-caption=\"\" data-medium-file=\"https:\/\/i0.wp.com\/blogdalucianaoliveira.com.br\/blog\/wp-content\/uploads\/2025\/10\/IMG_9179.webp?fit=300%2C144\" data-large-file=\"https:\/\/i0.wp.com\/blogdalucianaoliveira.com.br\/blog\/wp-content\/uploads\/2025\/10\/IMG_9179.webp?fit=500%2C240\" class=\"alignnone size-medium wp-image-37772\" src=\"https:\/\/i0.wp.com\/blogdalucianaoliveira.com.br\/blog\/wp-content\/uploads\/2025\/10\/IMG_9179.webp?resize=300%2C144\" alt=\"\" width=\"300\" height=\"144\" srcset=\"https:\/\/i0.wp.com\/blogdalucianaoliveira.com.br\/blog\/wp-content\/uploads\/2025\/10\/IMG_9179.webp?resize=300%2C144 300w, https:\/\/i0.wp.com\/blogdalucianaoliveira.com.br\/blog\/wp-content\/uploads\/2025\/10\/IMG_9179.webp?w=500 500w\" sizes=\"auto, (max-width: 300px) 100vw, 300px\" \/><\/p>\n<h2 class=\"article__lead\">Presidentes Lula e Trump se re\u00fanem na Mal\u00e1sia e discutem tarifas e coopera\u00e7\u00e3o entre Brasil e Estados Unidos durante a c\u00fapula da Asean<\/h2>\n<p><!--more--><\/p>\n<p><b>247 \u2013 <\/b>O presidente Luiz In\u00e1cio Lula da Silva (PT) e o presidente dos Estados Unidos, Donald Trump, se reuniram neste domingo (26) em Kuala Lumpur, na Mal\u00e1sia, durante a 47\u00aa c\u00fapula da Associa\u00e7\u00e3o de Na\u00e7\u00f5es do Sudeste Asi\u00e1tico (Asean).<br \/>\nO encontro ocorreu em meio \u00e0s tens\u00f5es comerciais provocadas por um novo \u201ctarifa\u00e7o\u201d entre os dois pa\u00edses, com expectativa de avan\u00e7os nas negocia\u00e7\u00f5es bilaterais.<\/p>\n<p>Em declara\u00e7\u00e3o \u00e0 imprensa, Donald Trump afirmou que Brasil e Estados Unidos devem \u201ctrabalhar em acordos bons para os pa\u00edses\u201d. O l\u00edder americano elogiou o presidente brasileiro e destacou o clima amistoso da reuni\u00e3o: \u201c\u00c9 uma grande honra estar com o presidente do Brasil\u201d, disse Trump.<\/p>\n<p>Ao ser questionado sobre sua rela\u00e7\u00e3o com o ex-presidente Jair Bolsonaro (PL), o republicano respondeu que sempre teve uma boa rela\u00e7\u00e3o com ele, mas deixou claro que esse tema n\u00e3o faria parte da conversa com Lula. Trump tamb\u00e9m afirmou que espera \u201cchegar a uma conclus\u00e3o r\u00e1pida sobre tarifas\u201d, indicando disposi\u00e7\u00e3o para reduzir as barreiras comerciais e intensificar o di\u00e1logo econ\u00f4mico entre os dois pa\u00edses.<\/p>\n<h2>Lula defende coopera\u00e7\u00e3o e respeito m\u00fatuo<\/h2>\n<p>O presidente Lula demonstrou otimismo quanto aos resultados do encontro e ressaltou a import\u00e2ncia da coopera\u00e7\u00e3o entre as duas maiores economias das Am\u00e9ricas. \u201cN\u00e3o h\u00e1 nenhuma raz\u00e3o para ter desaven\u00e7a entre Brasil e Estados Unidos\u201d, afirmou o chefe de Estado brasileiro, destacando que as conversas com Trump podem trazer \u201cboas not\u00edcias\u201d para ambos os pa\u00edses.<\/p>\n<p>De acordo com a <i>CNN Brasil<\/i>, os dois l\u00edderes decidiram n\u00e3o abordar temas sens\u00edveis, como as tens\u00f5es pol\u00edticas na Venezuela, que, segundo Trump, \u201cn\u00e3o fariam parte da pauta do encontro\u201d.<\/p>\n<h2>Reaproxima\u00e7\u00e3o diplom\u00e1tica<\/h2>\n<p>Esta foi a primeira reuni\u00e3o presencial entre Lula e Trump desde a reelei\u00e7\u00e3o de ambos. O di\u00e1logo sinaliza uma tentativa de reaproxima\u00e7\u00e3o entre Bras\u00edlia e Washington ap\u00f3s anos de distanciamento e diverg\u00eancias pol\u00edticas.<\/p>\n<p>A expectativa \u00e9 que, nos pr\u00f3ximos dias, equipes t\u00e9cnicas dos dois governos avancem em propostas de coopera\u00e7\u00e3o comercial e investimentos estrat\u00e9gicos. O encontro em Kuala Lumpur refor\u00e7a a import\u00e2ncia de manter abertos os canais diplom\u00e1ticos entre as duas maiores pot\u00eancias do continente americano.<\/p>\n","protected":false},"excerpt":{"rendered":"<p>Presidentes Lula e Trump se re\u00fanem na Mal\u00e1sia e discutem tarifas e coopera\u00e7\u00e3o entre Brasil e Estados Unidos durante a c\u00fapula da Asean<\/p>\n","protected":false},"author":1,"featured_media":0,"comment_status":"closed","ping_status":"open","sticky":false,"template":"","format":"standard","meta":{"_exactmetrics_skip_tracking":false,"_exactmetrics_sitenote_active":false,"_exactmetrics_sitenote_note":"","_exactmetrics_sitenote_category":0,"jetpack_post_was_ever_published":false,"_jetpack_newsletter_access":"","_jetpack_dont_email_post_to_subs":false,"_jetpack_newsletter_tier_id":0,"_jetpack_memberships_contains_paywalled_content":false,"_jetpack_memberships_contains_paid_content":false,"footnotes":"","jetpack_publicize_message":"","jetpack_publicize_feature_enabled":true,"jetpack_social_post_already_shared":true,"jetpack_social_options":{"image_generator_settings":{"template":"highway","enabled":false},"version":2}},"categories":[1],"tags":[1022,78,220],"class_list":["post-37771","post","type-post","status-publish","format-standard","hentry","category-notas","tag-encontro","tag-lula","tag-trump"],"jetpack_publicize_connections":[],"jetpack_sharing_enabled":true,"jetpack_featured_media_url":"","jetpack_shortlink":"https:\/\/wp.me\/p7wKYW-9Pd","jetpack-related-posts":[],"_links":{"self":[{"href":"http:\/\/blogdalucianaoliveira.com.br\/blog\/wp-json\/wp\/v2\/posts\/37771","targetHints":{"allow":["GET"]}}],"collection":[{"href":"http:\/\/blogdalucianaoliveira.com.br\/blog\/wp-json\/wp\/v2\/posts"}],"about":[{"href":"http:\/\/blogdalucianaoliveira.com.br\/blog\/wp-json\/wp\/v2\/types\/post"}],"author":[{"embeddable":true,"href":"http:\/\/blogdalucianaoliveira.com.br\/blog\/wp-json\/wp\/v2\/users\/1"}],"replies":[{"embeddable":true,"href":"http:\/\/blogdalucianaoliveira.com.br\/blog\/wp-json\/wp\/v2\/comments?post=37771"}],"version-history":[{"count":1,"href":"http:\/\/blogdalucianaoliveira.com.br\/blog\/wp-json\/wp\/v2\/posts\/37771\/revisions"}],"predecessor-version":[{"id":37773,"href":"http:\/\/blogdalucianaoliveira.com.br\/blog\/wp-json\/wp\/v2\/posts\/37771\/revisions\/37773"}],"wp:attachment":[{"href":"http:\/\/blogdalucianaoliveira.com.br\/blog\/wp-json\/wp\/v2\/media?parent=37771"}],"wp:term":[{"taxonomy":"category","embeddable":true,"href":"http:\/\/blogdalucianaoliveira.com.br\/blog\/wp-json\/wp\/v2\/categories?post=37771"},{"taxonomy":"post_tag","embeddable":true,"href":"http:\/\/blogdalucianaoliveira.com.br\/blog\/wp-json\/wp\/v2\/tags?post=37771"}],"curies":[{"name":"wp","href":"https:\/\/api.w.org\/{rel}","templated":true}]}}