{"id":37774,"date":"2025-10-26T06:31:40","date_gmt":"2025-10-26T10:31:40","guid":{"rendered":"https:\/\/blogdalucianaoliveira.com.br\/blog\/?p=37774"},"modified":"2025-10-26T06:31:40","modified_gmt":"2025-10-26T10:31:40","slug":"bolsonaro-e-pagina-virada-para-trump-mas-sancoes-contra-ministros-do-stf-devem-ser-mantidas-diz-ex-embaixador-americano-no-brasil","status":"publish","type":"post","link":"http:\/\/blogdalucianaoliveira.com.br\/blog\/2025\/10\/26\/bolsonaro-e-pagina-virada-para-trump-mas-sancoes-contra-ministros-do-stf-devem-ser-mantidas-diz-ex-embaixador-americano-no-brasil\/","title":{"rendered":"Bolsonaro \u00e9 p\u00e1gina virada para Trump, mas san\u00e7\u00f5es contra ministros do STF devem ser mantidas, diz ex-embaixador americano no Brasil"},"content":{"rendered":"<p><img data-recalc-dims=\"1\" loading=\"lazy\" decoding=\"async\" data-attachment-id=\"37775\" data-permalink=\"http:\/\/blogdalucianaoliveira.com.br\/blog\/2025\/10\/26\/bolsonaro-e-pagina-virada-para-trump-mas-sancoes-contra-ministros-do-stf-devem-ser-mantidas-diz-ex-embaixador-americano-no-brasil\/img_9180\/\" data-orig-file=\"https:\/\/i0.wp.com\/blogdalucianaoliveira.com.br\/blog\/wp-content\/uploads\/2025\/10\/IMG_9180.webp?fit=800%2C450\" data-orig-size=\"800,450\" data-comments-opened=\"0\" data-image-meta=\"{&quot;aperture&quot;:&quot;0&quot;,&quot;credit&quot;:&quot;&quot;,&quot;camera&quot;:&quot;&quot;,&quot;caption&quot;:&quot;&quot;,&quot;created_timestamp&quot;:&quot;0&quot;,&quot;copyright&quot;:&quot;&quot;,&quot;focal_length&quot;:&quot;0&quot;,&quot;iso&quot;:&quot;0&quot;,&quot;shutter_speed&quot;:&quot;0&quot;,&quot;title&quot;:&quot;&quot;,&quot;orientation&quot;:&quot;0&quot;}\" data-image-title=\"IMG_9180\" data-image-description=\"\" data-image-caption=\"\" data-medium-file=\"https:\/\/i0.wp.com\/blogdalucianaoliveira.com.br\/blog\/wp-content\/uploads\/2025\/10\/IMG_9180.webp?fit=300%2C169\" data-large-file=\"https:\/\/i0.wp.com\/blogdalucianaoliveira.com.br\/blog\/wp-content\/uploads\/2025\/10\/IMG_9180.webp?fit=600%2C338\" class=\"alignnone size-medium wp-image-37775\" src=\"https:\/\/i0.wp.com\/blogdalucianaoliveira.com.br\/blog\/wp-content\/uploads\/2025\/10\/IMG_9180.webp?resize=300%2C169\" alt=\"\" width=\"300\" height=\"169\" srcset=\"https:\/\/i0.wp.com\/blogdalucianaoliveira.com.br\/blog\/wp-content\/uploads\/2025\/10\/IMG_9180.webp?resize=300%2C169 300w, https:\/\/i0.wp.com\/blogdalucianaoliveira.com.br\/blog\/wp-content\/uploads\/2025\/10\/IMG_9180.webp?resize=768%2C432 768w, https:\/\/i0.wp.com\/blogdalucianaoliveira.com.br\/blog\/wp-content\/uploads\/2025\/10\/IMG_9180.webp?resize=533%2C300 533w, https:\/\/i0.wp.com\/blogdalucianaoliveira.com.br\/blog\/wp-content\/uploads\/2025\/10\/IMG_9180.webp?w=800 800w\" sizes=\"auto, (max-width: 300px) 100vw, 300px\" \/><\/p>\n<p>&nbsp;<\/p>\n<p><span role=\"text\" data-pf_style_display=\"inline\" data-pf_style_visibility=\"visible\"><span class=\"bbc-m04vo2\" data-pf_style_display=\"block\" data-pf_style_visibility=\"visible\"><span class=\"text-node\">BBC News Brasil, por \u00a0<\/span><\/span><span class=\"bbc-of1z6f\" data-pf_style_display=\"inline-block\" data-pf_style_visibility=\"visible\"><span class=\"text-node\">Jo\u00e3o Fellet &#8211; <\/span><\/span><\/span><span class=\"text-node\">Ap\u00f3s semanas de tens\u00e3o que levaram <\/span><a class=\"focusIndicatorReducedWidth bbc-n8oauk e1p3sufg0\" href=\"https:\/\/www.bbc.com\/portuguese\/topics\/cz74k717pw5t\" data-pf_style_display=\"inline\" data-pf_style_visibility=\"visible\"><span class=\"text-node\">Brasil<\/span><\/a><span class=\"text-node\"> e <\/span><a class=\"focusIndicatorReducedWidth bbc-n8oauk e1p3sufg0\" href=\"https:\/\/www.bbc.com\/portuguese\/topics\/cdr56r2r88wt\" data-pf_style_display=\"inline\" data-pf_style_visibility=\"visible\"><span class=\"text-node\">Estados Unidos<\/span><\/a><span class=\"text-node\"> ao pior momento de sua rela\u00e7\u00e3o em d\u00e9cadas, os governos dos dois pa\u00edses iniciam um movimento de reaproxima\u00e7\u00e3o.<\/span><!--more--><\/p>\n<div class=\"bbc-19j92fr ebmt73l0\" dir=\"ltr\" data-pf_style_display=\"block\" data-pf_style_visibility=\"visible\">\n<p class=\"bbc-hhl7in e17g058b0 added-to-list1\" dir=\"ltr\" data-pf_style_display=\"block\" data-pf_style_visibility=\"visible\"><span class=\"text-node\">A tr\u00e9gua teve in\u00edcio com o presidente <\/span><a class=\"focusIndicatorReducedWidth bbc-n8oauk e1p3sufg0\" href=\"https:\/\/www.bbc.com\/portuguese\/topics\/cdr56r28jgvt\" data-pf_style_display=\"inline\" data-pf_style_visibility=\"visible\"><span class=\"text-node\">Donald Trump<\/span><\/a><span class=\"text-node\">, que, ap\u00f3s encontro com <\/span><a class=\"focusIndicatorReducedWidth bbc-n8oauk e1p3sufg0\" href=\"https:\/\/www.bbc.com\/portuguese\/topics\/cpzd4zx0272t\" data-pf_style_display=\"inline\" data-pf_style_visibility=\"visible\"><span class=\"text-node\">Luiz In\u00e1cio Lula da Silva<\/span><\/a><span class=\"text-node\">(PT) na Assembleia Geral da <\/span><a class=\"focusIndicatorReducedWidth bbc-n8oauk e1p3sufg0\" href=\"https:\/\/www.bbc.com\/portuguese\/topics\/cwr9jr0y464t\" data-pf_style_display=\"inline\" data-pf_style_visibility=\"visible\"><span class=\"text-node\">ONU<\/span><\/a><span class=\"text-node\">, em setembro, <\/span><a class=\"focusIndicatorReducedWidth bbc-n8oauk e1p3sufg0\" href=\"https:\/\/www.bbc.com\/portuguese\/articles\/c33rp0klerzo\" data-pf_style_display=\"inline\" data-pf_style_visibility=\"visible\"><span class=\"text-node\">disse ter gostado do brasileiro<\/span><\/a><span class=\"text-node\">.<\/span><\/p>\n<\/div>\n<div class=\"bbc-19j92fr ebmt73l0\" dir=\"ltr\" data-pf_style_display=\"block\" data-pf_style_visibility=\"visible\">\n<p class=\"bbc-hhl7in e17g058b0 added-to-list1\" dir=\"ltr\" data-pf_style_display=\"block\" data-pf_style_visibility=\"visible\"><span class=\"text-node\">Lula <\/span><a class=\"focusIndicatorReducedWidth bbc-n8oauk e1p3sufg0\" href=\"https:\/\/www.bbc.com\/portuguese\/articles\/c7408y3weezo\" data-pf_style_display=\"inline\" data-pf_style_visibility=\"visible\"><span class=\"text-node\">retribuiu o afago<\/span><\/a><span class=\"text-node\">, os dois voltaram a conversar por telefone e, agora, assessores planejam um encontro presencial entre os l\u00edderes \u2014 reuni\u00e3o que pode acontecer neste domingo na Mal\u00e1sia, durante uma c\u00fapula da Asean (Associa\u00e7\u00e3o das Na\u00e7\u00f5es do Sudeste Asi\u00e1tico).<\/span><\/p>\n<\/div>\n<div class=\"bbc-19j92fr ebmt73l0\" dir=\"ltr\" data-pf_style_display=\"block\" data-pf_style_visibility=\"visible\">\n<p class=\"bbc-hhl7in e17g058b0 added-to-list1\" dir=\"ltr\" data-pf_style_display=\"block\" data-pf_style_visibility=\"visible\"><span class=\"text-node\">Na noite de sexta (24\/10), Trump disse que <\/span><a class=\"focusIndicatorReducedWidth bbc-n8oauk e1p3sufg0\" href=\"https:\/\/www.bbc.com\/portuguese\/articles\/cew4dn51pdeo\" data-pf_style_display=\"inline\" data-pf_style_visibility=\"visible\"><span class=\"text-node\">estaria aberto a rever a tarifa de 50% sobre produtos brasileiros<\/span><\/a><span class=\"text-node\"> &#8220;diante das circunst\u00e2ncias certas&#8221;. <\/span><\/p>\n<\/div>\n<section class=\"bbc-1s6hekm\" role=\"region\" aria-label=\"Publicidade 2\" aria-hidden=\"true\" data-e2e=\"advertisement\" data-pf_style_display=\"flex\" data-pf_style_visibility=\"visible\"><\/section>\n<div class=\"bbc-19j92fr ebmt73l0\" dir=\"ltr\" data-pf_style_display=\"block\" data-pf_style_visibility=\"visible\">\n<p class=\"bbc-hhl7in e17g058b0 added-to-list1\" dir=\"ltr\" data-pf_style_display=\"block\" data-pf_style_visibility=\"visible\"><span class=\"text-node\">A aproxima\u00e7\u00e3o marca uma guinada na postura do americano, que, em julho, havia condicionado a normaliza\u00e7\u00e3o das rela\u00e7\u00f5es \u00e0 (PL), seu aliado pol\u00edtico. Mas o que motivou a reviravolta?<\/span><\/p>\n<\/div>\n<div class=\"bbc-19j92fr ebmt73l0\" dir=\"ltr\" data-pf_style_display=\"block\" data-pf_style_visibility=\"visible\">\n<p class=\"bbc-hhl7in e17g058b0 added-to-list1\" dir=\"ltr\" data-pf_style_display=\"block\" data-pf_style_visibility=\"visible\"><span class=\"text-node\">Em entrevista \u00e0 BBC News Brasil, o ex-embaixador dos EUA no Brasil Thomas Shannon aponta dois principais fatores. O primeiro, segundo ele, \u00e9 o reconhecimento de Trump de que n\u00e3o conseguiria interferir no processo judicial de Bolsonaro.<\/span><\/p>\n<\/div>\n<div class=\"bbc-19j92fr ebmt73l0\" dir=\"ltr\" data-pf_style_display=\"block\" data-pf_style_visibility=\"visible\">\n<p class=\"bbc-hhl7in e17g058b0 added-to-list1\" dir=\"ltr\" data-pf_style_display=\"block\" data-pf_style_visibility=\"visible\"><span class=\"text-node\">&#8220;Trump sabe que sua tentativa de proteger Bolsonaro da pris\u00e3o e garantir que ele pudesse disputar elei\u00e7\u00f5es fracassou&#8221;, afirma o diplomata.<\/span><\/p>\n<div class=\"bbc-19j92fr ebmt73l0\" dir=\"ltr\" data-pf_style_display=\"block\" data-pf_style_visibility=\"visible\">\n<p class=\"bbc-hhl7in e17g058b0 added-to-list1\" dir=\"ltr\" data-pf_style_display=\"block\" data-pf_style_visibility=\"visible\"><span class=\"text-node\">Mesmo ap\u00f3s Trump impor as tarifas contra o Brasil e <\/span><a class=\"focusIndicatorReducedWidth bbc-n8oauk e1p3sufg0\" href=\"https:\/\/www.bbc.com\/portuguese\/articles\/cj4wvgpylyno\" data-pf_style_display=\"inline\" data-pf_style_visibility=\"visible\"><span class=\"text-node\">san\u00e7\u00f5es contra ministros do Supremo Tribunal Federal<\/span><\/a><span class=\"text-node\"> (STF) baseadas na <\/span><a class=\"focusIndicatorReducedWidth bbc-n8oauk e1p3sufg0\" href=\"https:\/\/www.bbc.com\/portuguese\/articles\/czjvp2dk1njo\" data-pf_style_display=\"inline\" data-pf_style_visibility=\"visible\"><span class=\"text-node\">Lei Magnitsky<\/span><\/a><span class=\"text-node\">, <\/span><a class=\"focusIndicatorReducedWidth bbc-n8oauk e1p3sufg0\" href=\"https:\/\/www.bbc.com\/portuguese\/articles\/cy859egpl6jo\" data-pf_style_display=\"inline\" data-pf_style_visibility=\"visible\"><span class=\"text-node\">Bolsonaro foi condenado<\/span><\/a><span class=\"text-node\"> pela corte a 27 anos e 3 meses de pris\u00e3o por golpe de Estado e outros crimes.<\/span><\/p>\n<\/div>\n<div class=\"bbc-19j92fr ebmt73l0\" dir=\"ltr\" data-pf_style_display=\"block\" data-pf_style_visibility=\"visible\">\n<p class=\"bbc-hhl7in e17g058b0 added-to-list1\" dir=\"ltr\" data-pf_style_display=\"block\" data-pf_style_visibility=\"visible\"><span class=\"text-node\">A segunda raz\u00e3o, segundo Shannon, \u00e9 que Trump foi convencido de que as tarifas sobre produtos brasileiros <\/span><a class=\"focusIndicatorReducedWidth bbc-n8oauk e1p3sufg0\" href=\"https:\/\/www.bbc.com\/portuguese\/articles\/cn0r8r9w5gyo\" data-pf_style_display=\"inline\" data-pf_style_visibility=\"visible\"><span class=\"text-node\">prejudicariam empresas e consumidores americanos<\/span><\/a><span class=\"text-node\">.<\/span><\/p>\n<\/div>\n<div class=\"bbc-19j92fr ebmt73l0\" dir=\"ltr\" data-pf_style_display=\"block\" data-pf_style_visibility=\"visible\">\n<p class=\"bbc-hhl7in e17g058b0 added-to-list1\" dir=\"ltr\" data-pf_style_display=\"block\" data-pf_style_visibility=\"visible\"><span class=\"text-node\">&#8220;Acho que o presidente foi exposto, por meio do setor privado americano, a uma esp\u00e9cie de curso intensivo sobre o impacto que essas tarifas teriam no dia a dia de muitos americanos&#8221;, ele diz.<\/span><\/p>\n<\/div>\n<div class=\"bbc-19j92fr ebmt73l0\" dir=\"ltr\" data-pf_style_display=\"block\" data-pf_style_visibility=\"visible\">\n<p class=\"bbc-hhl7in e17g058b0 added-to-list1\" dir=\"ltr\" data-pf_style_display=\"block\" data-pf_style_visibility=\"visible\"><span class=\"text-node\">Para o diplomata, Trump sentiu que estava mal informado ou foi induzido ao erro ao sancionar o Brasil, e assumiu para si a responsabilidade de reverter o quadro.<\/span><\/p>\n<\/div>\n<div class=\"bbc-19j92fr ebmt73l0\" dir=\"ltr\" data-pf_style_display=\"block\" data-pf_style_visibility=\"visible\">\n<p class=\"bbc-hhl7in e17g058b0 added-to-list1\" dir=\"ltr\" data-pf_style_display=\"block\" data-pf_style_visibility=\"visible\"><span class=\"text-node\">&#8220;O que ele fez, ao estilo Trump, foi transformar um problema bilateral entre dois pa\u00edses em um encontro pessoal positivo, e usou esse encontro para mudar o tom da conversa entre os dois pa\u00edses&#8221;, diz.<\/span><\/p>\n<\/div>\n<div class=\"bbc-19j92fr ebmt73l0\" dir=\"ltr\" data-pf_style_display=\"block\" data-pf_style_visibility=\"visible\">\n<p class=\"bbc-hhl7in e17g058b0 added-to-list1\" dir=\"ltr\" data-pf_style_display=\"block\" data-pf_style_visibility=\"visible\"><span class=\"text-node\">&#8220;No mundo da diplomacia, isso \u00e9 um movimento muito inteligente&#8221;, afirma.<\/span><\/p>\n<\/div>\n<div class=\"bbc-19j92fr ebmt73l0\" dir=\"ltr\" data-pf_style_display=\"block\" data-pf_style_visibility=\"visible\">\n<p class=\"bbc-hhl7in e17g058b0 added-to-list1\" dir=\"ltr\" data-pf_style_display=\"block\" data-pf_style_visibility=\"visible\"><span class=\"text-node\">No entanto, Shannon n\u00e3o acredita que essa reaproxima\u00e7\u00e3o signifique a revers\u00e3o das san\u00e7\u00f5es contra ministros do STF e outras figuras pol\u00edticas. Na vis\u00e3o dele, as negocia\u00e7\u00f5es entre EUA e Brasil devem se concentrar em quest\u00f5es econ\u00f4micas.<\/span><\/p>\n<\/div>\n<div class=\"bbc-19j92fr ebmt73l0\" dir=\"ltr\" data-pf_style_display=\"block\" data-pf_style_visibility=\"visible\">\n<p class=\"bbc-hhl7in e17g058b0 added-to-list1\" dir=\"ltr\" data-pf_style_display=\"block\" data-pf_style_visibility=\"visible\"><span class=\"text-node\">Diplomata de carreira, Shannon foi embaixador dos EUA no Brasil entre 2009 e 2013, nomeado pelo ent\u00e3o presidente <\/span><a class=\"focusIndicatorReducedWidth bbc-n8oauk e1p3sufg0\" href=\"https:\/\/www.bbc.com\/portuguese\/geral-62512958\" data-pf_style_display=\"inline\" data-pf_style_visibility=\"visible\"><span class=\"text-node\">Barack Obama<\/span><\/a><span class=\"text-node\">.<\/span><\/p>\n<\/div>\n<div class=\"bbc-19j92fr ebmt73l0\" dir=\"ltr\" data-pf_style_display=\"block\" data-pf_style_visibility=\"visible\">\n<p class=\"bbc-hhl7in e17g058b0 added-to-list1\" dir=\"ltr\" data-pf_style_display=\"block\" data-pf_style_visibility=\"visible\"><span class=\"text-node\">Tamb\u00e9m ocupou o cargo de Subsecret\u00e1rio de Estado para o Hemisf\u00e9rio Ocidental \u2014 principal posto diplom\u00e1tico dos EUA para a Am\u00e9rica Latina \u2014 e, posteriormente, o cargo de Subsecret\u00e1rio de Estado para Assuntos Pol\u00edticos, a terceira posi\u00e7\u00e3o mais alta da chancelaria americana.<\/span><\/p>\n<\/div>\n<div class=\"bbc-19j92fr ebmt73l0\" dir=\"ltr\" data-pf_style_display=\"block\" data-pf_style_visibility=\"visible\">\n<p class=\"bbc-hhl7in e17g058b0 added-to-list1\" dir=\"ltr\" data-pf_style_display=\"block\" data-pf_style_visibility=\"visible\"><span class=\"text-node\">Ele se aposentou do servi\u00e7o p\u00fablico em 2018 e hoje atua como assessor s\u00eanior de Pol\u00edtica Internacional no escrit\u00f3rio de advocacia americano Arnold &amp; Porter, contratado pelo governo brasileiro para tentar reverter as tarifas em Washington. <\/span><\/p>\n<\/div>\n<div class=\"bbc-19j92fr ebmt73l0\" dir=\"ltr\" data-pf_style_display=\"block\" data-pf_style_visibility=\"visible\">\n<p class=\"bbc-hhl7in e17g058b0 added-to-list1\" dir=\"ltr\" data-pf_style_display=\"block\" data-pf_style_visibility=\"visible\"><span class=\"text-node\">Questionado sobre sua atua\u00e7\u00e3o no caso, disse que n\u00e3o poderia coment\u00e1-la por quest\u00f5es contratuais.<\/span><\/p>\n<\/div>\n<div class=\"bbc-19j92fr ebmt73l0\" dir=\"ltr\" data-pf_style_display=\"block\" data-pf_style_visibility=\"visible\">\n<p class=\"bbc-hhl7in e17g058b0 added-to-list1\" dir=\"ltr\" data-pf_style_display=\"block\" data-pf_style_visibility=\"visible\"><span class=\"text-node\">Confira abaixo os principais trechos da entrevista.<\/span><\/p>\n<\/div>\n<figure class=\"bbc-1qn0xuy pf-caption added-to-list1 flex-width blockImage pf-size-full\" data-pf_style_display=\"block\" data-pf_style_visibility=\"visible\">\n<div class=\"bbc-17ytifv\" data-pf_style_display=\"block\" data-pf_style_visibility=\"visible\"><img data-recalc-dims=\"1\" decoding=\"async\" class=\"bbc-139onq pf-large-image caption-img blockImage\" src=\"https:\/\/i0.wp.com\/ichef.bbci.co.uk\/ace\/ws\/640\/cpsprodpb\/cf5b\/live\/3e349170-b183-11f0-9072-b5a32de3c808.jpg.webp?w=600&#038;ssl=1\" sizes=\"(min-width: 1008px) 760px, 100vw\" srcset=\"https:\/\/ichef.bbci.co.uk\/ace\/ws\/240\/cpsprodpb\/cf5b\/live\/3e349170-b183-11f0-9072-b5a32de3c808.jpg.webp 240w, https:\/\/ichef.bbci.co.uk\/ace\/ws\/320\/cpsprodpb\/cf5b\/live\/3e349170-b183-11f0-9072-b5a32de3c808.jpg.webp 320w, https:\/\/ichef.bbci.co.uk\/ace\/ws\/480\/cpsprodpb\/cf5b\/live\/3e349170-b183-11f0-9072-b5a32de3c808.jpg.webp 480w, https:\/\/ichef.bbci.co.uk\/ace\/ws\/624\/cpsprodpb\/cf5b\/live\/3e349170-b183-11f0-9072-b5a32de3c808.jpg.webp 624w, https:\/\/ichef.bbci.co.uk\/ace\/ws\/800\/cpsprodpb\/cf5b\/live\/3e349170-b183-11f0-9072-b5a32de3c808.jpg.webp 800w\" alt=\"Donald Trump, com as m\u00e3os espalmadas e os bra\u00e7os abertos, gravata vermelha e terno azul escuro, discursando no p\u00falpito da Assembleia Geral da ONU\"  data-pf_style_display=\"inline\" data-pf_style_visibility=\"visible\" data-pf_rect_width=\"800\" data-pf_rect_height=\"450\" \/><\/p>\n<p class=\"bbc-by8ykd added-to-list1\" role=\"text\" data-pf_style_display=\"block\" data-pf_style_visibility=\"visible\"><span class=\"bbc-m04vo2\" data-pf_style_display=\"block\" data-pf_style_visibility=\"visible\"><span class=\"text-node\">Cr\u00e9dito, <\/span><\/span><span lang=\"en-GB\" data-pf_style_display=\"inline\" data-pf_style_visibility=\"visible\"><span class=\"text-node\">Getty<\/span><\/span><\/p>\n<\/div><figcaption class=\"bbc-15f1ujd\" dir=\"ltr\" data-pf_style_display=\"block\" data-pf_style_visibility=\"visible\"><span role=\"text\" data-pf_style_display=\"inline\" data-pf_style_visibility=\"visible\"><span class=\"bbc-m04vo2\" data-pf_style_display=\"block\" data-pf_style_visibility=\"visible\"><span class=\"text-node\">Legenda da foto, <\/span><\/span><span data-testid=\"caption-paragraph\" data-pf_style_display=\"inline\" data-pf_style_visibility=\"visible\"><span class=\"text-node\">Trump disse ter tido &#8216;qu\u00edmica&#8217; com Lula ao encontr\u00e1-lo na ONU, em setembro<\/span><\/span><\/span><\/figcaption><\/figure>\n<div class=\"bbc-19j92fr ebmt73l0\" dir=\"ltr\" data-pf_style_display=\"block\" data-pf_style_visibility=\"visible\">\n<p class=\"bbc-hhl7in e17g058b0 added-to-list1\" dir=\"ltr\" data-pf_style_display=\"block\" data-pf_style_visibility=\"visible\"><b data-pf_style_display=\"inline\" data-pf_style_visibility=\"visible\"><span class=\"text-node\">BBC News Brasil &#8211; Brasil e Estados Unidos est\u00e3o enfrentando uma crise na rela\u00e7\u00e3o, mas houve gestos recentes de reaproxima\u00e7\u00e3o. Qual \u00e9 a sua vis\u00e3o sobre o cen\u00e1rio atual?<\/span><\/b><\/p>\n<\/div>\n<div class=\"bbc-19j92fr ebmt73l0\" dir=\"ltr\" data-pf_style_display=\"block\" data-pf_style_visibility=\"visible\">\n<p class=\"bbc-hhl7in e17g058b0 added-to-list1\" dir=\"ltr\" data-pf_style_display=\"block\" data-pf_style_visibility=\"visible\"><b data-pf_style_display=\"inline\" data-pf_style_visibility=\"visible\"><span class=\"text-node\">Thomas Shannon &#8211;<\/span><\/b><span class=\"text-node\"> Considerando onde estava a rela\u00e7\u00e3o em agosto e no in\u00edcio de setembro, acho que estamos em um momento muito positivo. Os gestos que voc\u00ea mencionou foram feitos pelo presidente dos Estados Unidos e depois pelo presidente do Brasil. E s\u00e3o gestos muito importantes, porque sinalizam para uma burocracia maior a dire\u00e7\u00e3o que os dois l\u00edderes querem tomar na rela\u00e7\u00e3o.<\/span><\/p>\n<\/div>\n<div class=\"bbc-19j92fr ebmt73l0\" dir=\"ltr\" data-pf_style_display=\"block\" data-pf_style_visibility=\"visible\">\n<p class=\"bbc-hhl7in e17g058b0 added-to-list1\" dir=\"ltr\" data-pf_style_display=\"block\" data-pf_style_visibility=\"visible\"><span class=\"text-node\">O fato de terem tido uma conversa telef\u00f4nica, planejarem novos encontros e deixarem claro que pretendem trabalhar para fortalecer a rela\u00e7\u00e3o deve ser aplaudida. Ent\u00e3o, estou bastante otimista.<\/span><\/p>\n<\/div>\n<div class=\"bbc-19j92fr ebmt73l0\" dir=\"ltr\" data-pf_style_display=\"block\" data-pf_style_visibility=\"visible\">\n<p class=\"bbc-hhl7in e17g058b0 added-to-list1\" dir=\"ltr\" data-pf_style_display=\"block\" data-pf_style_visibility=\"visible\"><b data-pf_style_display=\"inline\" data-pf_style_visibility=\"visible\"><span class=\"text-node\">BBC News Brasil &#8211; O que o senhor acha que levou o presidente Trump a suavizar o tom contra o Brasil? Foi s\u00f3 a &#8220;qu\u00edmica&#8221; que ele disse ter tido com Lula quando se encontraram na ONU?<\/span><\/b><\/p>\n<\/div>\n<div class=\"bbc-19j92fr ebmt73l0\" dir=\"ltr\" data-pf_style_display=\"block\" data-pf_style_visibility=\"visible\">\n<p class=\"bbc-hhl7in e17g058b0 added-to-list1\" dir=\"ltr\" data-pf_style_display=\"block\" data-pf_style_visibility=\"visible\"><b data-pf_style_display=\"inline\" data-pf_style_visibility=\"visible\"><span class=\"text-node\">Shannon &#8211; <\/span><\/b><span class=\"text-node\">Isso foi parte da hist\u00f3ria. O encontro na ONU quase certamente foi planejado \u2014 se n\u00e3o pelo presidente Lula, com certeza pelo presidente Trump.<\/span><\/p>\n<\/div>\n<div class=\"bbc-19j92fr ebmt73l0\" dir=\"ltr\" data-pf_style_display=\"block\" data-pf_style_visibility=\"visible\">\n<p class=\"bbc-hhl7in e17g058b0 added-to-list1\" dir=\"ltr\" data-pf_style_display=\"block\" data-pf_style_visibility=\"visible\"><span class=\"text-node\">Trump sabia que o Brasil sempre fala primeiro e os Estados Unidos em segundo. Ent\u00e3o ele sabia que quase certamente encontraria Lula. Mas acho que n\u00e3o foi isso que motivou a mudan\u00e7a na postura.<\/span><\/p>\n<\/div>\n<div class=\"bbc-19j92fr ebmt73l0\" dir=\"ltr\" data-pf_style_display=\"block\" data-pf_style_visibility=\"visible\">\n<p class=\"bbc-hhl7in e17g058b0 added-to-list1\" dir=\"ltr\" data-pf_style_display=\"block\" data-pf_style_visibility=\"visible\"><span class=\"text-node\">Trump estava adotando uma estrat\u00e9gia que, quase certamente, continuaria at\u00e9 pelo menos as elei\u00e7\u00f5es brasileiras. Era um longo per\u00edodo. <\/span><\/p>\n<\/div>\n<div class=\"bbc-19j92fr ebmt73l0\" dir=\"ltr\" data-pf_style_display=\"block\" data-pf_style_visibility=\"visible\">\n<p class=\"bbc-hhl7in e17g058b0 added-to-list1\" dir=\"ltr\" data-pf_style_display=\"block\" data-pf_style_visibility=\"visible\"><span class=\"text-node\">E as tarifas n\u00e3o apenas teriam impacto no Brasil, mas tamb\u00e9m nos Estados Unidos \u2014 n\u00e3o apenas nos consumidores americanos, mas nas empresas americanas que dependem de produtos brasileiros ou que t\u00eam empresas brasileiras em suas cadeias de suprimento. E elas teriam que aumentar os pre\u00e7os de seus produtos.<\/span><\/p>\n<\/div>\n<div class=\"bbc-19j92fr ebmt73l0\" dir=\"ltr\" data-pf_style_display=\"block\" data-pf_style_visibility=\"visible\">\n<p class=\"bbc-hhl7in e17g058b0 added-to-list1\" dir=\"ltr\" data-pf_style_display=\"block\" data-pf_style_visibility=\"visible\"><span class=\"text-node\">Isso se tornaria cada vez mais controverso e desafiador, especialmente se o Brasil n\u00e3o desse sinais de ceder \u2014 e o Brasil n\u00e3o deu sinais de ceder.<\/span><\/p>\n<\/div>\n<div class=\"bbc-19j92fr ebmt73l0\" dir=\"ltr\" data-pf_style_display=\"block\" data-pf_style_visibility=\"visible\">\n<p class=\"bbc-hhl7in e17g058b0 added-to-list1\" dir=\"ltr\" data-pf_style_display=\"block\" data-pf_style_visibility=\"visible\"><span class=\"text-node\">Acho que Trump entendeu que foi mal informado ou induzido ao erro [ao sancionar o Brasil] e que caberia a ele tirar os EUA dessa situa\u00e7\u00e3o e tentar criar uma solu\u00e7\u00e3o.<\/span><\/p>\n<\/div>\n<div class=\"bbc-19j92fr ebmt73l0\" dir=\"ltr\" data-pf_style_display=\"block\" data-pf_style_visibility=\"visible\">\n<p class=\"bbc-hhl7in e17g058b0 added-to-list1\" dir=\"ltr\" data-pf_style_display=\"block\" data-pf_style_visibility=\"visible\"><span class=\"text-node\">Parab\u00e9ns ao presidente Trump, porque o que ele fez, ao estilo Trump, foi transformar um problema bilateral entre dois pa\u00edses em um encontro pessoal positivo, e usou esse encontro para mudar o tom da conversa entre os dois pa\u00edses. No mundo da diplomacia, isso \u00e9 um movimento muito inteligente.<\/span><\/p>\n<\/div>\n<div class=\"bbc-19j92fr ebmt73l0\" dir=\"ltr\" data-pf_style_display=\"block\" data-pf_style_visibility=\"visible\">\n<p class=\"bbc-hhl7in e17g058b0 added-to-list1\" dir=\"ltr\" data-pf_style_display=\"block\" data-pf_style_visibility=\"visible\"><b data-pf_style_display=\"inline\" data-pf_style_visibility=\"visible\"><span class=\"text-node\">BBC News Brasil &#8211; O senhor acha que os pedidos de Trump pela anula\u00e7\u00e3o do julgamento de Bolsonaro foram retirados da mesa?<\/span><\/b><\/p>\n<\/div>\n<div class=\"bbc-19j92fr ebmt73l0\" dir=\"ltr\" data-pf_style_display=\"block\" data-pf_style_visibility=\"visible\">\n<p class=\"bbc-hhl7in e17g058b0 added-to-list1\" dir=\"ltr\" data-pf_style_display=\"block\" data-pf_style_visibility=\"visible\"><b data-pf_style_display=\"inline\" data-pf_style_visibility=\"visible\"><span class=\"text-node\">Shannon &#8211; <\/span><\/b><span class=\"text-node\">Sim, foram \u2014 mas pelas a\u00e7\u00f5es das institui\u00e7\u00f5es brasileiras. Acho que Trump entendeu que sua tentativa de intervir em processos criminais no Brasil e de interferir em um processo eleitoral no Brasil n\u00e3o iria prosperar.<\/span><\/p>\n<\/div>\n<div class=\"bbc-19j92fr ebmt73l0\" dir=\"ltr\" data-pf_style_display=\"block\" data-pf_style_visibility=\"visible\">\n<p class=\"bbc-hhl7in e17g058b0 added-to-list1\" dir=\"ltr\" data-pf_style_display=\"block\" data-pf_style_visibility=\"visible\"><b data-pf_style_display=\"inline\" data-pf_style_visibility=\"visible\"><span class=\"text-node\">BBC News Brasil &#8211; Mas Trump insistiu nesse tema por v\u00e1rias semanas. Como essa quest\u00e3o perdeu relev\u00e2ncia t\u00e3o r\u00e1pido?<\/span><\/b><\/p>\n<\/div>\n<div class=\"bbc-19j92fr ebmt73l0\" dir=\"ltr\" data-pf_style_display=\"block\" data-pf_style_visibility=\"visible\">\n<p class=\"bbc-hhl7in e17g058b0 added-to-list1\" dir=\"ltr\" data-pf_style_display=\"block\" data-pf_style_visibility=\"visible\"><b data-pf_style_display=\"inline\" data-pf_style_visibility=\"visible\"><span class=\"text-node\">Shannon &#8211; <\/span><\/b><span class=\"text-node\">Acho que perdeu relev\u00e2ncia principalmente porque o Brasil deixou muito claro que n\u00e3o iria ceder. E a institui\u00e7\u00e3o brasileira em quest\u00e3o \u2014 o Supremo Tribunal Federal \u2014 deixou muito claro que iria continuar com a acusa\u00e7\u00e3o e manter a proibi\u00e7\u00e3o de Bolsonaro concorrer nas pr\u00f3ximas elei\u00e7\u00f5es. Uma vez que isso ficou evidente, o que os Estados Unidos poderiam fazer?<\/span><\/p>\n<\/div>\n<div class=\"bbc-19j92fr ebmt73l0\" dir=\"ltr\" data-pf_style_display=\"block\" data-pf_style_visibility=\"visible\">\n<p class=\"bbc-hhl7in e17g058b0 added-to-list1\" dir=\"ltr\" data-pf_style_display=\"block\" data-pf_style_visibility=\"visible\"><b data-pf_style_display=\"inline\" data-pf_style_visibility=\"visible\"><span class=\"text-node\">BBC News Brasil &#8211; Ao mesmo tempo, o deputado federal Eduardo Bolsonaro (PL-SP) continua sendo recebido por autoridades do governo americano e afirmando que as coisas est\u00e3o indo bem para o lado dele. Como analisar essas duas realidades?<\/span><\/b><\/p>\n<\/div>\n<div class=\"bbc-19j92fr ebmt73l0\" dir=\"ltr\" data-pf_style_display=\"block\" data-pf_style_visibility=\"visible\">\n<p class=\"bbc-hhl7in e17g058b0 added-to-list1\" dir=\"ltr\" data-pf_style_display=\"block\" data-pf_style_visibility=\"visible\"><b data-pf_style_display=\"inline\" data-pf_style_visibility=\"visible\"><span class=\"text-node\">Shannon &#8211;<\/span><\/b><span class=\"text-node\"> H\u00e1 algumas maneiras de ver isso. Primeiro, Trump n\u00e3o vai abandonar Bolsonaro. Ele o considera um amigo com vis\u00f5es pol\u00edticas semelhantes. Mas \u00e9 interessante notar que, em todas as comunica\u00e7\u00f5es com Lula, Bolsonaro n\u00e3o \u00e9 mencionado. E n\u00e3o \u00e9 mencionado porque Trump sabe que sua tentativa de proteger Bolsonaro da pris\u00e3o e garantir que ele pudesse disputar elei\u00e7\u00f5es fracassou.<\/span><\/p>\n<\/div>\n<div class=\"bbc-19j92fr ebmt73l0\" dir=\"ltr\" data-pf_style_display=\"block\" data-pf_style_visibility=\"visible\">\n<p class=\"bbc-hhl7in e17g058b0 added-to-list1\" dir=\"ltr\" data-pf_style_display=\"block\" data-pf_style_visibility=\"visible\"><span class=\"text-node\">Diante disso, o que resta fazer? Ele valoriza a lealdade e quer deixar claro que n\u00e3o vai abandonar Bolsonaro \u2014 mesmo que n\u00e3o possa mais ajudar.<\/span><\/p>\n<\/div>\n<div class=\"bbc-19j92fr ebmt73l0\" dir=\"ltr\" data-pf_style_display=\"block\" data-pf_style_visibility=\"visible\">\n<p class=\"bbc-hhl7in e17g058b0 added-to-list1\" dir=\"ltr\" data-pf_style_display=\"block\" data-pf_style_visibility=\"visible\"><b data-pf_style_display=\"inline\" data-pf_style_visibility=\"visible\"><span class=\"text-node\">BBC News Brasil &#8211; Mas a tentativa de Trump de influenciar o julgamento de Bolsonaro \u00e9 p\u00e1gina virada?<\/span><\/b><\/p>\n<\/div>\n<div class=\"bbc-19j92fr ebmt73l0\" dir=\"ltr\" data-pf_style_display=\"block\" data-pf_style_visibility=\"visible\">\n<p class=\"bbc-hhl7in e17g058b0 added-to-list1\" dir=\"ltr\" data-pf_style_display=\"block\" data-pf_style_visibility=\"visible\"><b data-pf_style_display=\"inline\" data-pf_style_visibility=\"visible\"><span class=\"text-node\">Shannon &#8211; <\/span><\/b><span class=\"text-node\">Sim. Por que ele vai fracassar de novo quando j\u00e1 fracassou uma vez? Trump \u00e9 astuto nesse ponto. Ele sabe quando n\u00e3o pode avan\u00e7ar em uma frente e procura outra.<\/span><\/p>\n<\/div>\n<div class=\"bbc-19j92fr ebmt73l0\" dir=\"ltr\" data-pf_style_display=\"block\" data-pf_style_visibility=\"visible\">\n<p class=\"bbc-hhl7in e17g058b0 added-to-list1\" dir=\"ltr\" data-pf_style_display=\"block\" data-pf_style_visibility=\"visible\"><b data-pf_style_display=\"inline\" data-pf_style_visibility=\"visible\"><span class=\"text-node\">BBC News Brasil &#8211; Ent\u00e3o o senhor est\u00e1 dizendo que a nova postura dos EUA est\u00e1 relacionada \u00e0 economia e aos impactos das tarifas, inclusive para os consumidores americanos?<\/span><\/b><\/p>\n<\/div>\n<div class=\"bbc-19j92fr ebmt73l0\" dir=\"ltr\" data-pf_style_display=\"block\" data-pf_style_visibility=\"visible\">\n<p class=\"bbc-hhl7in e17g058b0 added-to-list1\" dir=\"ltr\" data-pf_style_display=\"block\" data-pf_style_visibility=\"visible\"><b data-pf_style_display=\"inline\" data-pf_style_visibility=\"visible\"><span class=\"text-node\">Shannon &#8211;<\/span><\/b><span class=\"text-node\"> Com certeza. Veja, o interessante sobre a presen\u00e7a do Brasil nos Estados Unidos \u00e9 que ela \u00e9, em grande parte, invis\u00edvel para o americano m\u00e9dio. Mas o Brasil faz parte da vida cotidiana de muitas pessoas.<\/span><\/p>\n<\/div>\n<div class=\"bbc-19j92fr ebmt73l0\" dir=\"ltr\" data-pf_style_display=\"block\" data-pf_style_visibility=\"visible\">\n<p class=\"bbc-hhl7in e17g058b0 added-to-list1\" dir=\"ltr\" data-pf_style_display=\"block\" data-pf_style_visibility=\"visible\"><span class=\"text-node\">Est\u00e1 no caf\u00e9 que bebemos, nos hamb\u00fargueres e no frango que comemos, nos voos regionais em avi\u00f5es menores fabricados por empresas como a Embraer. E tamb\u00e9m est\u00e1 presente em diversas cadeias de suprimento: alum\u00ednio, a\u00e7o, suco de laranja, margarina, entre outras.<\/span><\/p>\n<\/div>\n<div class=\"bbc-19j92fr ebmt73l0\" dir=\"ltr\" data-pf_style_display=\"block\" data-pf_style_visibility=\"visible\">\n<p class=\"bbc-hhl7in e17g058b0 added-to-list1\" dir=\"ltr\" data-pf_style_display=\"block\" data-pf_style_visibility=\"visible\"><span class=\"text-node\">Acho que o presidente foi exposto, por meio do setor privado americano, a uma esp\u00e9cie de curso intensivo sobre o impacto que essas tarifas teriam no dia a dia de muitos americanos.<\/span><\/p>\n<\/div>\n<div class=\"bbc-19j92fr ebmt73l0\" dir=\"ltr\" data-pf_style_display=\"block\" data-pf_style_visibility=\"visible\">\n<p class=\"bbc-hhl7in e17g058b0 added-to-list1\" dir=\"ltr\" data-pf_style_display=\"block\" data-pf_style_visibility=\"visible\"><b data-pf_style_display=\"inline\" data-pf_style_visibility=\"visible\"><span class=\"text-node\">BBC News Brasil &#8211; O senhor acha que Trump est\u00e1 buscando formas de recuar nas tarifas?<\/span><\/b><\/p>\n<\/div>\n<div class=\"bbc-19j92fr ebmt73l0\" dir=\"ltr\" data-pf_style_display=\"block\" data-pf_style_visibility=\"visible\">\n<p class=\"bbc-hhl7in e17g058b0 added-to-list1\" dir=\"ltr\" data-pf_style_display=\"block\" data-pf_style_visibility=\"visible\"><b data-pf_style_display=\"inline\" data-pf_style_visibility=\"visible\"><span class=\"text-node\">Shannon<\/span><\/b><span class=\"text-node\"> &#8211; Estou quase certo disso. Acho que \u00e9 nessa \u00e1rea que teremos novidades. Mas ficaria muito surpreso se houvesse algum avan\u00e7o sobre as san\u00e7\u00f5es do tipo Magnitsky ou as revoga\u00e7\u00f5es de vistos.<\/span><\/p>\n<\/div>\n<div class=\"bbc-19j92fr ebmt73l0\" dir=\"ltr\" data-pf_style_display=\"block\" data-pf_style_visibility=\"visible\">\n<p class=\"bbc-hhl7in e17g058b0 added-to-list1\" dir=\"ltr\" data-pf_style_display=\"block\" data-pf_style_visibility=\"visible\"><b data-pf_style_display=\"inline\" data-pf_style_visibility=\"visible\"><span class=\"text-node\">BBC News Brasil &#8211; As san\u00e7\u00f5es aos ministros do STF ser\u00e3o mantidas?<\/span><\/b><\/p>\n<\/div>\n<div class=\"bbc-19j92fr ebmt73l0\" dir=\"ltr\" data-pf_style_display=\"block\" data-pf_style_visibility=\"visible\">\n<p class=\"bbc-hhl7in e17g058b0 added-to-list1\" dir=\"ltr\" data-pf_style_display=\"block\" data-pf_style_visibility=\"visible\"><b data-pf_style_display=\"inline\" data-pf_style_visibility=\"visible\"><span class=\"text-node\">Shannon &#8211;<\/span><\/b><span class=\"text-node\"> Vamos ver, pode ser que encontrem uma sa\u00edda, espero que sim. Mas acho que a principal preocupa\u00e7\u00e3o no momento \u00e9 o impacto econ\u00f4mico das tarifas.<\/span><\/p>\n<\/div>\n<div class=\"bbc-19j92fr ebmt73l0\" dir=\"ltr\" data-pf_style_display=\"block\" data-pf_style_visibility=\"visible\">\n<p class=\"bbc-hhl7in e17g058b0 added-to-list1\" dir=\"ltr\" data-pf_style_display=\"block\" data-pf_style_visibility=\"visible\"><b data-pf_style_display=\"inline\" data-pf_style_visibility=\"visible\"><span class=\"text-node\">BBC News Brasil &#8211; Quando o senhor acha que as tarifas podem ser retiradas?<\/span><\/b><\/p>\n<\/div>\n<div class=\"bbc-19j92fr ebmt73l0\" dir=\"ltr\" data-pf_style_display=\"block\" data-pf_style_visibility=\"visible\">\n<p class=\"bbc-hhl7in e17g058b0 added-to-list1\" dir=\"ltr\" data-pf_style_display=\"block\" data-pf_style_visibility=\"visible\"><b data-pf_style_display=\"inline\" data-pf_style_visibility=\"visible\"><span class=\"text-node\">Shannon &#8211;<\/span><\/b><span class=\"text-node\"> Depende do ritmo das negocia\u00e7\u00f5es. E, se n\u00e3o forem retiradas, v\u00e3o ser reduzidas drasticamente ou v\u00e1rios produtos ficar\u00e3o isentos.<\/span><\/p>\n<\/div>\n<div class=\"bbc-19j92fr ebmt73l0\" dir=\"ltr\" data-pf_style_display=\"block\" data-pf_style_visibility=\"visible\">\n<p class=\"bbc-hhl7in e17g058b0 added-to-list1\" dir=\"ltr\" data-pf_style_display=\"block\" data-pf_style_visibility=\"visible\"><b data-pf_style_display=\"inline\" data-pf_style_visibility=\"visible\"><span class=\"text-node\">BBC News Brasil &#8211; O senhor est\u00e1 certo disso?<\/span><\/b><\/p>\n<\/div>\n<div class=\"bbc-19j92fr ebmt73l0\" dir=\"ltr\" data-pf_style_display=\"block\" data-pf_style_visibility=\"visible\">\n<p class=\"bbc-hhl7in e17g058b0 added-to-list1\" dir=\"ltr\" data-pf_style_display=\"block\" data-pf_style_visibility=\"visible\"><b data-pf_style_display=\"inline\" data-pf_style_visibility=\"visible\"><span class=\"text-node\">Shannon &#8211; <\/span><\/b><span class=\"text-node\">T\u00e3o certo quanto algu\u00e9m poderia estar sobre qualquer coisa no mundo. Afinal, se nada acontecer com as tarifas, qual foi o motivo dessa mudan\u00e7a na postura?<\/span><\/p>\n<\/div>\n<div class=\"bbc-19j92fr ebmt73l0\" dir=\"ltr\" data-pf_style_display=\"block\" data-pf_style_visibility=\"visible\">\n<p class=\"bbc-hhl7in e17g058b0 added-to-list1\" dir=\"ltr\" data-pf_style_display=\"block\" data-pf_style_visibility=\"visible\"><span class=\"text-node\">Essa reuni\u00e3o na ONU foi significativa. Trump n\u00e3o s\u00f3 encontrou Lula, mas tamb\u00e9m mencionou o encontro em seu discurso, elogiando o presidente brasileiro. Isso foi um compromisso expressivo. E ele seguiu adiante \u2014 como sabemos \u2014 com tu\u00edtes, liga\u00e7\u00f5es, e ambos os lados trabalhando para agendar novos encontros. Isso \u00e9 consider\u00e1vel.<\/span><\/p>\n<\/div>\n<figure class=\"bbc-1qn0xuy pf-caption added-to-list1 flex-width blockImage pf-size-full\" data-pf_style_display=\"block\" data-pf_style_visibility=\"visible\">\n<div class=\"bbc-17ytifv\" data-pf_style_display=\"block\" data-pf_style_visibility=\"visible\"><img data-recalc-dims=\"1\" decoding=\"async\" class=\"bbc-139onq pf-large-image caption-img blockImage\" src=\"https:\/\/i0.wp.com\/ichef.bbci.co.uk\/ace\/ws\/640\/cpsprodpb\/21a9\/live\/ccc7e590-b183-11f0-9072-b5a32de3c808.jpg.webp?w=600&#038;ssl=1\" sizes=\"(min-width: 1008px) 760px, 100vw\" srcset=\"https:\/\/ichef.bbci.co.uk\/ace\/ws\/240\/cpsprodpb\/21a9\/live\/ccc7e590-b183-11f0-9072-b5a32de3c808.jpg.webp 240w, https:\/\/ichef.bbci.co.uk\/ace\/ws\/320\/cpsprodpb\/21a9\/live\/ccc7e590-b183-11f0-9072-b5a32de3c808.jpg.webp 320w, https:\/\/ichef.bbci.co.uk\/ace\/ws\/480\/cpsprodpb\/21a9\/live\/ccc7e590-b183-11f0-9072-b5a32de3c808.jpg.webp 480w, https:\/\/ichef.bbci.co.uk\/ace\/ws\/624\/cpsprodpb\/21a9\/live\/ccc7e590-b183-11f0-9072-b5a32de3c808.jpg.webp 624w, https:\/\/ichef.bbci.co.uk\/ace\/ws\/800\/cpsprodpb\/21a9\/live\/ccc7e590-b183-11f0-9072-b5a32de3c808.jpg.webp 800w\" alt=\"Lula veste terno azul escuro e gravata roxa, com a m\u00e3o no queixo. Ele parece observar algu\u00e9m enquanto fala num palco.\"  data-pf_style_display=\"inline\" data-pf_style_visibility=\"visible\" data-pf_rect_width=\"800\" data-pf_rect_height=\"450.4375\" \/><\/p>\n<p class=\"bbc-by8ykd added-to-list1\" role=\"text\" data-pf_style_display=\"block\" data-pf_style_visibility=\"visible\"><span class=\"bbc-m04vo2\" data-pf_style_display=\"block\" data-pf_style_visibility=\"visible\"><span class=\"text-node\">Cr\u00e9dito, <\/span><\/span><span lang=\"en-GB\" data-pf_style_display=\"inline\" data-pf_style_visibility=\"visible\"><span class=\"text-node\">Getty<\/span><\/span><\/p>\n<\/div><figcaption class=\"bbc-15f1ujd\" dir=\"ltr\" data-pf_style_display=\"block\" data-pf_style_visibility=\"visible\"><span role=\"text\" data-pf_style_display=\"inline\" data-pf_style_visibility=\"visible\"><span class=\"bbc-m04vo2\" data-pf_style_display=\"block\" data-pf_style_visibility=\"visible\"><span class=\"text-node\">Legenda da foto, <\/span><\/span><span data-testid=\"caption-paragraph\" data-pf_style_display=\"inline\" data-pf_style_visibility=\"visible\"><span class=\"text-node\">Lula pode se reunir com Trump durante c\u00fapula na Mal\u00e1sia<\/span><\/span><\/span><\/figcaption><\/figure>\n<div class=\"bbc-19j92fr ebmt73l0\" dir=\"ltr\" data-pf_style_display=\"block\" data-pf_style_visibility=\"visible\">\n<p class=\"bbc-hhl7in e17g058b0 added-to-list1\" dir=\"ltr\" data-pf_style_display=\"block\" data-pf_style_visibility=\"visible\"><b data-pf_style_display=\"inline\" data-pf_style_visibility=\"visible\"><span class=\"text-node\">BBC News Brasil &#8211; Essa reaproxima\u00e7\u00e3o entre Brasil e EUA ocorre ao mesmo tempo em que as rela\u00e7\u00f5es entre EUA e Venezuela est\u00e3o se deteriorando. O senhor v\u00ea alguma conex\u00e3o entre esses dois movimentos?<\/span><\/b><\/p>\n<\/div>\n<div class=\"bbc-19j92fr ebmt73l0\" dir=\"ltr\" data-pf_style_display=\"block\" data-pf_style_visibility=\"visible\">\n<p class=\"bbc-hhl7in e17g058b0 added-to-list1\" dir=\"ltr\" data-pf_style_display=\"block\" data-pf_style_visibility=\"visible\"><b data-pf_style_display=\"inline\" data-pf_style_visibility=\"visible\"><span class=\"text-node\">Shannon &#8211; <\/span><\/b><span class=\"text-node\">N\u00e3o. No mundo de Trump, s\u00e3o eventos muito separados.<\/span><\/p>\n<\/div>\n<div class=\"bbc-19j92fr ebmt73l0\" dir=\"ltr\" data-pf_style_display=\"block\" data-pf_style_visibility=\"visible\">\n<p class=\"bbc-hhl7in e17g058b0 added-to-list1\" dir=\"ltr\" data-pf_style_display=\"block\" data-pf_style_visibility=\"visible\"><b data-pf_style_display=\"inline\" data-pf_style_visibility=\"visible\"><span class=\"text-node\">BBC News Brasil &#8211; O senhor acha poss\u00edvel uma a\u00e7\u00e3o militar dos EUA na Venezuela?<\/span><\/b><\/p>\n<\/div>\n<div class=\"bbc-19j92fr ebmt73l0\" dir=\"ltr\" data-pf_style_display=\"block\" data-pf_style_visibility=\"visible\">\n<p class=\"bbc-hhl7in e17g058b0 added-to-list1\" dir=\"ltr\" data-pf_style_display=\"block\" data-pf_style_visibility=\"visible\"><b data-pf_style_display=\"inline\" data-pf_style_visibility=\"visible\"><span class=\"text-node\">Shannon &#8211;<\/span><\/b><span class=\"text-node\"> N\u00e3o sei. Acho que o presidente e seu governo tentam apresentar as a\u00e7\u00f5es militares no Caribe como opera\u00e7\u00f5es antidrogas. Ent\u00e3o, se houver algum ataque militar na Venezuela, ele provavelmente ser\u00e1 justificado da mesma forma.<\/span><\/p>\n<\/div>\n<div class=\"bbc-19j92fr ebmt73l0\" dir=\"ltr\" data-pf_style_display=\"block\" data-pf_style_visibility=\"visible\">\n<p class=\"bbc-hhl7in e17g058b0 added-to-list1\" dir=\"ltr\" data-pf_style_display=\"block\" data-pf_style_visibility=\"visible\"><span class=\"text-node\">O presidente come\u00e7ou seu mandato disposto a negociar com os venezuelanos e encontrar um caminho. Os venezuelanos acharam que, ao aceitar deportados e oferecer coopera\u00e7\u00e3o em petr\u00f3leo e g\u00e1s, conseguiriam algum tipo de acordo com os EUA. Mas \u00e9 importante lembrar que Trump tentou uma mudan\u00e7a de regime na Venezuela no seu primeiro mandato. E ele continua muito preocupado com o que v\u00ea como caos interno na Venezuela.<\/span><\/p>\n<\/div>\n<div class=\"bbc-19j92fr ebmt73l0\" dir=\"ltr\" data-pf_style_display=\"block\" data-pf_style_visibility=\"visible\">\n<p class=\"bbc-hhl7in e17g058b0 added-to-list1\" dir=\"ltr\" data-pf_style_display=\"block\" data-pf_style_visibility=\"visible\"><span class=\"text-node\">Ele provavelmente n\u00e3o v\u00ea o governo Maduro como um parceiro confi\u00e1vel no longo prazo. Ent\u00e3o Trump quer deixar claro que o governo venezuelano se mant\u00e9m ou cai conforme a vontade dele. E \u00e9 not\u00e1vel como a regi\u00e3o tem se mantido calada diante dessas amea\u00e7as. S\u00f3 o [presidente colombiano, Gustavo] Petro tem falado com mais contund\u00eancia.<\/span><\/p>\n<\/div>\n<div class=\"bbc-19j92fr ebmt73l0\" dir=\"ltr\" data-pf_style_display=\"block\" data-pf_style_visibility=\"visible\">\n<p class=\"bbc-hhl7in e17g058b0 added-to-list1\" dir=\"ltr\" data-pf_style_display=\"block\" data-pf_style_visibility=\"visible\"><b data-pf_style_display=\"inline\" data-pf_style_visibility=\"visible\"><span class=\"text-node\">BBC News Brasil &#8211; Se houver um ataque \u00e0 Venezuela, como isso pode impactar a rela\u00e7\u00e3o Brasil-EUA?<\/span><\/b><\/p>\n<\/div>\n<div class=\"bbc-19j92fr ebmt73l0\" dir=\"ltr\" data-pf_style_display=\"block\" data-pf_style_visibility=\"visible\">\n<p class=\"bbc-hhl7in e17g058b0 added-to-list1\" dir=\"ltr\" data-pf_style_display=\"block\" data-pf_style_visibility=\"visible\"><b data-pf_style_display=\"inline\" data-pf_style_visibility=\"visible\"><span class=\"text-node\">Shannon &#8211; <\/span><\/b><span class=\"text-node\">Depende do tipo de ataque. Se for contra uma base usada por traficantes, ainda assim ser\u00e1 duramente criticado.<\/span><\/p>\n<\/div>\n<div class=\"bbc-19j92fr ebmt73l0\" dir=\"ltr\" data-pf_style_display=\"block\" data-pf_style_visibility=\"visible\">\n<p class=\"bbc-hhl7in e17g058b0 added-to-list1\" dir=\"ltr\" data-pf_style_display=\"block\" data-pf_style_visibility=\"visible\"><b data-pf_style_display=\"inline\" data-pf_style_visibility=\"visible\"><span class=\"text-node\">BBC News Brasil &#8211; E se for uma opera\u00e7\u00e3o para mudan\u00e7a de governo?<\/span><\/b><\/p>\n<\/div>\n<div class=\"bbc-19j92fr ebmt73l0\" dir=\"ltr\" data-pf_style_display=\"block\" data-pf_style_visibility=\"visible\">\n<p class=\"bbc-hhl7in e17g058b0 added-to-list1\" dir=\"ltr\" data-pf_style_display=\"block\" data-pf_style_visibility=\"visible\"><b data-pf_style_display=\"inline\" data-pf_style_visibility=\"visible\"><span class=\"text-node\">Shannon &#8211;<\/span><\/b><span class=\"text-node\"> Ser\u00e1 amplamente rejeitada na regi\u00e3o, com algumas exce\u00e7\u00f5es. Mas, no geral, n\u00e3o \u00e9 algo que a Am\u00e9rica Latina aceitaria.<\/span><\/p>\n<\/div>\n<div class=\"bbc-19j92fr ebmt73l0\" dir=\"ltr\" data-pf_style_display=\"block\" data-pf_style_visibility=\"visible\">\n<p class=\"bbc-hhl7in e17g058b0 added-to-list1\" dir=\"ltr\" data-pf_style_display=\"block\" data-pf_style_visibility=\"visible\"><b data-pf_style_display=\"inline\" data-pf_style_visibility=\"visible\"><span class=\"text-node\">BBC News Brasil &#8211; Isso poderia arruinar a reaproxima\u00e7\u00e3o entre Brasil e EUA?<\/span><\/b><\/p>\n<\/div>\n<div class=\"bbc-19j92fr ebmt73l0\" dir=\"ltr\" data-pf_style_display=\"block\" data-pf_style_visibility=\"visible\">\n<p class=\"bbc-hhl7in e17g058b0 added-to-list1\" dir=\"ltr\" data-pf_style_display=\"block\" data-pf_style_visibility=\"visible\"><b data-pf_style_display=\"inline\" data-pf_style_visibility=\"visible\"><span class=\"text-node\">Shannon<\/span><\/b><span class=\"text-node\"> &#8211; Criaria muitos problemas. Mas, de novo, depende. Se a reaproxima\u00e7\u00e3o for puramente econ\u00f4mica, focada nas tarifas, ela pode continuar mesmo com um grande desentendimento pol\u00edtico.<\/span><\/p>\n<\/div>\n<div class=\"bbc-19j92fr ebmt73l0\" dir=\"ltr\" data-pf_style_display=\"block\" data-pf_style_visibility=\"visible\">\n<p class=\"bbc-hhl7in e17g058b0 added-to-list1\" dir=\"ltr\" data-pf_style_display=\"block\" data-pf_style_visibility=\"visible\"><b data-pf_style_display=\"inline\" data-pf_style_visibility=\"visible\"><span class=\"text-node\">BBC News Brasil &#8211; O senhor mencionou o papel de atores privados na reaproxima\u00e7\u00e3o entre Brasil e EUA. Como se deu essa press\u00e3o silenciosa?<\/span><\/b><\/p>\n<\/div>\n<div class=\"bbc-19j92fr ebmt73l0\" dir=\"ltr\" data-pf_style_display=\"block\" data-pf_style_visibility=\"visible\">\n<p class=\"bbc-hhl7in e17g058b0 added-to-list1\" dir=\"ltr\" data-pf_style_display=\"block\" data-pf_style_visibility=\"visible\"><b data-pf_style_display=\"inline\" data-pf_style_visibility=\"visible\"><span class=\"text-node\">Shannon &#8211; <\/span><\/b><span class=\"text-node\">N\u00e3o sei todos os detalhes e tamb\u00e9m n\u00e3o quero vincular pessoas ou empresas a esse processo. Mas n\u00e3o h\u00e1 d\u00favida de que a principal fonte de informa\u00e7\u00e3o para o presidente provavelmente foram empresas americanas com acesso direto \u00e0 Casa Branca.<\/span><\/p>\n<\/div>\n<div class=\"bbc-19j92fr ebmt73l0\" dir=\"ltr\" data-pf_style_display=\"block\" data-pf_style_visibility=\"visible\">\n<p class=\"bbc-hhl7in e17g058b0 added-to-list1\" dir=\"ltr\" data-pf_style_display=\"block\" data-pf_style_visibility=\"visible\"><span class=\"text-node\">Mas tamb\u00e9m h\u00e1 empresas brasileiras, com forte presen\u00e7a e investimentos nos EUA, que t\u00eam acesso \u2014 se n\u00e3o ao presidente, a pessoas ao seu redor. Isso \u00e9 uma li\u00e7\u00e3o importante para a diplomacia brasileira: \u00e0s vezes, a comunica\u00e7\u00e3o mais eficaz n\u00e3o \u00e9 de governo para governo, mas do setor privado para o governo.<\/span><\/p>\n<\/div>\n<div class=\"bbc-19j92fr ebmt73l0\" dir=\"ltr\" data-pf_style_display=\"block\" data-pf_style_visibility=\"visible\">\n<p class=\"bbc-hhl7in e17g058b0 added-to-list1\" dir=\"ltr\" data-pf_style_display=\"block\" data-pf_style_visibility=\"visible\"><span class=\"text-node\">A presen\u00e7a do Brasil nos EUA \u00e9 impressionante, ainda que pouco reconhecida. E essa presen\u00e7a pode ser um canal de comunica\u00e7\u00e3o poderoso em momentos de crise. Todos merecem ser parabenizados por isso.<\/span><\/p>\n<\/div>\n<div class=\"bbc-19j92fr ebmt73l0\" dir=\"ltr\" data-pf_style_display=\"block\" data-pf_style_visibility=\"visible\">\n<p class=\"bbc-hhl7in e17g058b0 added-to-list1\" dir=\"ltr\" data-pf_style_display=\"block\" data-pf_style_visibility=\"visible\"><b data-pf_style_display=\"inline\" data-pf_style_visibility=\"visible\"><span class=\"text-node\">BBC News Brasil &#8211; Quando Trump disse que o secret\u00e1rio de Estado americano, Marco Rubio, lideraria as negocia\u00e7\u00f5es dos EUA com o Brasil, muitos no Brasil avaliaram essa escolha como negativa para o governo brasileiro, pois Rubio \u00e9 conhecido por ser bastante cr\u00edtico \u00e0 esquerda latino-americana. As posi\u00e7\u00f5es de Rubio podem influenciar essas negocia\u00e7\u00f5es?<\/span><\/b><\/p>\n<\/div>\n<div class=\"bbc-19j92fr ebmt73l0\" dir=\"ltr\" data-pf_style_display=\"block\" data-pf_style_visibility=\"visible\">\n<p class=\"bbc-hhl7in e17g058b0 added-to-list1\" dir=\"ltr\" data-pf_style_display=\"block\" data-pf_style_visibility=\"visible\"><b data-pf_style_display=\"inline\" data-pf_style_visibility=\"visible\"><span class=\"text-node\">Shannon &#8211;<\/span><\/b><span class=\"text-node\"> Primeiro, ele \u00e9 o Secret\u00e1rio de Estado e o Conselheiro de Seguran\u00e7a Nacional. Ou seja, \u00e9 a autoridade mais importante em pol\u00edtica externa. Ao designar Rubio para essa miss\u00e3o, Trump est\u00e1 ressaltando a import\u00e2ncia da negocia\u00e7\u00e3o. Em segundo lugar, o presidente j\u00e1 deixou claro o rumo que quer tomar: ele quer fazer mais neg\u00f3cios com o Brasil e que a rela\u00e7\u00e3o seja \u00f3tima. Rubio vai trabalhar para isso.<\/span><\/p>\n<\/div>\n<div class=\"bbc-19j92fr ebmt73l0\" dir=\"ltr\" data-pf_style_display=\"block\" data-pf_style_visibility=\"visible\">\n<p class=\"bbc-hhl7in e17g058b0 added-to-list1\" dir=\"ltr\" data-pf_style_display=\"block\" data-pf_style_visibility=\"visible\"><span class=\"text-node\">Isso n\u00e3o significa que ele e outros membros do governo deixaram de ter preocupa\u00e7\u00f5es pol\u00edticas \u2014 especialmente com o papel do STF na pol\u00edtica eleitoral brasileira. Mas eles sabem que o foco agora \u00e9 avan\u00e7ar no lado econ\u00f4mico. E acho que \u00e9 isso que Rubio far\u00e1.<\/span><\/p>\n<\/div>\n<div class=\"bbc-19j92fr ebmt73l0\" dir=\"ltr\" data-pf_style_display=\"block\" data-pf_style_visibility=\"visible\">\n<p class=\"bbc-hhl7in e17g058b0 added-to-list1\" dir=\"ltr\" data-pf_style_display=\"block\" data-pf_style_visibility=\"visible\"><b data-pf_style_display=\"inline\" data-pf_style_visibility=\"visible\"><span class=\"text-node\">BBC News Brasil &#8211; H\u00e1 relatos sobre um embate em curso dentro do governo dos EUA entre um grupo mais ideol\u00f3gico \u2014 do qual Rubio faz parte \u2014 e outro mais pragm\u00e1tico e favor\u00e1vel a uma reaproxima\u00e7\u00e3o com o Brasil. Como avalia essa disputa?<\/span><\/b><\/p>\n<\/div>\n<div class=\"bbc-19j92fr ebmt73l0\" dir=\"ltr\" data-pf_style_display=\"block\" data-pf_style_visibility=\"visible\">\n<p class=\"bbc-hhl7in e17g058b0 added-to-list1\" dir=\"ltr\" data-pf_style_display=\"block\" data-pf_style_visibility=\"visible\"><b data-pf_style_display=\"inline\" data-pf_style_visibility=\"visible\"><span class=\"text-node\">Shannon &#8211; <\/span><\/b><span class=\"text-node\">Todos os governos t\u00eam diferentes pontos de vista sobre quest\u00f5es importantes. \u00c9 assim que nosso sistema funciona. \u00c9 como um problema de F\u00edsica, com vetores diferentes colidindo at\u00e9 sair um \u00fanico vetor. Esse vetor depende da for\u00e7a e da influ\u00eancia envolvidas.<\/span><\/p>\n<\/div>\n<div class=\"bbc-19j92fr ebmt73l0\" dir=\"ltr\" data-pf_style_display=\"block\" data-pf_style_visibility=\"visible\">\n<p class=\"bbc-hhl7in e17g058b0 added-to-list1\" dir=\"ltr\" data-pf_style_display=\"block\" data-pf_style_visibility=\"visible\"><span class=\"text-node\">O presidente \u00e9 quem decide. Ele ouve todos os lados e determina qual ser\u00e1 a pol\u00edtica dos EUA. Acho essas diferen\u00e7as saud\u00e1veis. Elas ajudam o presidente a ter uma vis\u00e3o completa antes de tomar uma decis\u00e3o.<\/span><\/p>\n<\/div>\n<figure class=\"bbc-1qn0xuy pf-caption added-to-list1 flex-width blockImage pf-size-full\" data-pf_style_display=\"block\" data-pf_style_visibility=\"visible\">\n<div class=\"bbc-17ytifv\" data-pf_style_display=\"block\" data-pf_style_visibility=\"visible\"><img data-recalc-dims=\"1\" decoding=\"async\" class=\"bbc-139onq pf-large-image caption-img blockImage\" src=\"https:\/\/i0.wp.com\/ichef.bbci.co.uk\/ace\/ws\/640\/cpsprodpb\/b360\/live\/499de790-b184-11f0-9072-b5a32de3c808.jpg.webp?w=600&#038;ssl=1\" sizes=\"(min-width: 1008px) 760px, 100vw\" srcset=\"https:\/\/ichef.bbci.co.uk\/ace\/ws\/240\/cpsprodpb\/b360\/live\/499de790-b184-11f0-9072-b5a32de3c808.jpg.webp 240w, https:\/\/ichef.bbci.co.uk\/ace\/ws\/320\/cpsprodpb\/b360\/live\/499de790-b184-11f0-9072-b5a32de3c808.jpg.webp 320w, https:\/\/ichef.bbci.co.uk\/ace\/ws\/480\/cpsprodpb\/b360\/live\/499de790-b184-11f0-9072-b5a32de3c808.jpg.webp 480w, https:\/\/ichef.bbci.co.uk\/ace\/ws\/624\/cpsprodpb\/b360\/live\/499de790-b184-11f0-9072-b5a32de3c808.jpg.webp 624w, https:\/\/ichef.bbci.co.uk\/ace\/ws\/800\/cpsprodpb\/b360\/live\/499de790-b184-11f0-9072-b5a32de3c808.jpg.webp 800w\" alt=\"Tr\u00eas militares carregam equipamentos em pista com helic\u00f3pteros de combate ao fundo\"  data-pf_style_display=\"inline\" data-pf_style_visibility=\"visible\" data-pf_rect_width=\"800\" data-pf_rect_height=\"450\" \/><\/p>\n<p class=\"bbc-by8ykd added-to-list1\" role=\"text\" data-pf_style_display=\"block\" data-pf_style_visibility=\"visible\"><span class=\"bbc-m04vo2\" data-pf_style_display=\"block\" data-pf_style_visibility=\"visible\"><span class=\"text-node\">Cr\u00e9dito, <\/span><\/span><span lang=\"en-GB\" data-pf_style_display=\"inline\" data-pf_style_visibility=\"visible\"><span class=\"text-node\">Getty<\/span><\/span><\/p>\n<\/div><figcaption class=\"bbc-15f1ujd\" dir=\"ltr\" data-pf_style_display=\"block\" data-pf_style_visibility=\"visible\"><span role=\"text\" data-pf_style_display=\"inline\" data-pf_style_visibility=\"visible\"><span class=\"bbc-m04vo2\" data-pf_style_display=\"block\" data-pf_style_visibility=\"visible\"><span class=\"text-node\">Legenda da foto, <\/span><\/span><span data-testid=\"caption-paragraph\" data-pf_style_display=\"inline\" data-pf_style_visibility=\"visible\"><span class=\"text-node\">EUA intensificam exerc\u00edcios militares no Caribe enquanto ampliam press\u00e3o sobre a Venezuela<\/span><\/span><\/span><\/figcaption><\/figure>\n<div class=\"bbc-19j92fr ebmt73l0\" dir=\"ltr\" data-pf_style_display=\"block\" data-pf_style_visibility=\"visible\">\n<p class=\"bbc-hhl7in e17g058b0 added-to-list1\" dir=\"ltr\" data-pf_style_display=\"block\" data-pf_style_visibility=\"visible\"><b data-pf_style_display=\"inline\" data-pf_style_visibility=\"visible\"><span class=\"text-node\">BBC News Brasil &#8211; Algumas pesquisas no Brasil indicam que o conflito com os EUA foi politicamente bom para Lula, que viu sua aprova\u00e7\u00e3o aumentar. A Casa Branca est\u00e1 ciente disso?<\/span><\/b><\/p>\n<\/div>\n<div class=\"bbc-19j92fr ebmt73l0\" dir=\"ltr\" data-pf_style_display=\"block\" data-pf_style_visibility=\"visible\">\n<p class=\"bbc-hhl7in e17g058b0 added-to-list1\" dir=\"ltr\" data-pf_style_display=\"block\" data-pf_style_visibility=\"visible\"><b data-pf_style_display=\"inline\" data-pf_style_visibility=\"visible\"><span class=\"text-node\">Shannon <\/span><\/b><span class=\"text-node\">&#8211; Sim. Parte da explica\u00e7\u00e3o dada a Trump sobre por que ele n\u00e3o conseguiria o que queria foram os dados das pesquisas, que mostraram que as tarifas tiveram um impacto negativo dram\u00e1tico para Bolsonaro e sua fam\u00edlia. E tamb\u00e9m que, al\u00e9m de estabilizar Lula nas pesquisas, permitiram que ele subisse pela primeira vez em muito tempo.<\/span><\/p>\n<\/div>\n<div class=\"bbc-19j92fr ebmt73l0\" dir=\"ltr\" data-pf_style_display=\"block\" data-pf_style_visibility=\"visible\">\n<p class=\"bbc-hhl7in e17g058b0 added-to-list1\" dir=\"ltr\" data-pf_style_display=\"block\" data-pf_style_visibility=\"visible\"><span class=\"text-node\">Isso \u00e9 not\u00e1vel. Mas n\u00e3o \u00e9 algo novo para Trump \u2014 ele viu algo semelhante no Canad\u00e1 ap\u00f3s seus embates com [o primeiro-ministro] Mark Carney e na Austr\u00e1lia com [o primeiro-ministro Anthony] Albanese.<\/span><\/p>\n<\/div>\n<div class=\"bbc-19j92fr ebmt73l0\" dir=\"ltr\" data-pf_style_display=\"block\" data-pf_style_visibility=\"visible\">\n<p class=\"bbc-hhl7in e17g058b0 added-to-list1\" dir=\"ltr\" data-pf_style_display=\"block\" data-pf_style_visibility=\"visible\"><span class=\"text-node\">O presidente est\u00e1 aprendendo que suas tentativas de se envolver na pol\u00edtica interna nem sempre t\u00eam o efeito esperado \u2014 \u00e0s vezes t\u00eam o efeito contr\u00e1rio.<\/span><\/p>\n<\/div>\n<div class=\"bbc-19j92fr ebmt73l0\" dir=\"ltr\" data-pf_style_display=\"block\" data-pf_style_visibility=\"visible\">\n<p class=\"bbc-hhl7in e17g058b0 added-to-list1\" dir=\"ltr\" data-pf_style_display=\"block\" data-pf_style_visibility=\"visible\"><b data-pf_style_display=\"inline\" data-pf_style_visibility=\"visible\"><span class=\"text-node\">BBC News Brasil &#8211; Qual \u00e9 sua vis\u00e3o geral sobre a estrat\u00e9gia que o Brasil vem adotando desde o in\u00edcio desta crise?<\/span><\/b><\/p>\n<\/div>\n<div class=\"bbc-19j92fr ebmt73l0\" dir=\"ltr\" data-pf_style_display=\"block\" data-pf_style_visibility=\"visible\">\n<p class=\"bbc-hhl7in e17g058b0 added-to-list1\" dir=\"ltr\" data-pf_style_display=\"block\" data-pf_style_visibility=\"visible\"><b data-pf_style_display=\"inline\" data-pf_style_visibility=\"visible\"><span class=\"text-node\">Shannon &#8211;<\/span><\/b><span class=\"text-node\"> Acho que o Brasil seguiu o \u00fanico caminho poss\u00edvel. Os brasileiros nunca permitiriam que uma pot\u00eancia estrangeira se inserisse em um processo criminal ou determinasse quem poderia ou n\u00e3o ser candidato. A quest\u00e3o era conseguir resistir e manter essa posi\u00e7\u00e3o. Sempre acreditei que daria certo.<\/span><\/p>\n<\/div>\n<div class=\"bbc-19j92fr ebmt73l0\" dir=\"ltr\" data-pf_style_display=\"block\" data-pf_style_visibility=\"visible\">\n<p class=\"bbc-hhl7in e17g058b0 added-to-list1\" dir=\"ltr\" data-pf_style_display=\"block\" data-pf_style_visibility=\"visible\"><b data-pf_style_display=\"inline\" data-pf_style_visibility=\"visible\"><span class=\"text-node\">BBC News Brasil &#8211; Muitos n\u00e3o est\u00e3o acostumados com o fato de o Brasil ter tanta visibilidade na agenda da Casa Branca. Trump tem falado muito sobre o Brasil, algo raro entre presidentes dos EUA. Ele est\u00e1 realmente interessado no Brasil?<\/span><\/b><\/p>\n<\/div>\n<div class=\"bbc-19j92fr ebmt73l0\" dir=\"ltr\" data-pf_style_display=\"block\" data-pf_style_visibility=\"visible\">\n<p class=\"bbc-hhl7in e17g058b0 added-to-list1\" dir=\"ltr\" data-pf_style_display=\"block\" data-pf_style_visibility=\"visible\"><b data-pf_style_display=\"inline\" data-pf_style_visibility=\"visible\"><span class=\"text-node\">Shannon &#8211;<\/span><\/b><span class=\"text-node\"> Acho que, agora, sim. No come\u00e7o do mandato dele, ele chegou a dizer, referindo-se ao Brasil e \u00e0 Am\u00e9rica do Sul: &#8220;n\u00e3o precisamos dessas pessoas&#8221; referindo-se a energia e produ\u00e7\u00e3o agr\u00edcola. Mas acho que ele mudou de ideia \u2014 primeiro em rela\u00e7\u00e3o ao Brasil, depois em rela\u00e7\u00e3o \u00e0 Argentina.<\/span><\/p>\n<\/div>\n<div class=\"bbc-19j92fr ebmt73l0\" dir=\"ltr\" data-pf_style_display=\"block\" data-pf_style_visibility=\"visible\">\n<p class=\"bbc-hhl7in e17g058b0 added-to-list1\" dir=\"ltr\" data-pf_style_display=\"block\" data-pf_style_visibility=\"visible\"><b data-pf_style_display=\"inline\" data-pf_style_visibility=\"visible\"><span class=\"text-node\">BBC News Brasil &#8211; Por qu\u00ea? Tem a ver com o avan\u00e7o da China na regi\u00e3o?<\/span><\/b><\/p>\n<\/div>\n<div class=\"bbc-19j92fr ebmt73l0\" dir=\"ltr\" data-pf_style_display=\"block\" data-pf_style_visibility=\"visible\">\n<p class=\"bbc-hhl7in e17g058b0 added-to-list1\" dir=\"ltr\" data-pf_style_display=\"block\" data-pf_style_visibility=\"visible\"><b data-pf_style_display=\"inline\" data-pf_style_visibility=\"visible\"><span class=\"text-node\">Shannon &#8211;<\/span><\/b><span class=\"text-node\"> Em parte sim, mas muito disso tem a ver com quest\u00f5es internas dos EUA. Houve um reconhecimento crescente de que as tarifas prejudicariam politicamente o presidente nos pr\u00f3prios Estados Unidos. E esse costuma ser o fator decisivo.<\/span><\/p>\n<\/div>\n<div class=\"bbc-19j92fr ebmt73l0\" dir=\"ltr\" data-pf_style_display=\"block\" data-pf_style_visibility=\"visible\">\n<p class=\"bbc-hhl7in e17g058b0 added-to-list1\" dir=\"ltr\" data-pf_style_display=\"block\" data-pf_style_visibility=\"visible\"><span class=\"text-node\">Se os EUA mantivessem um confronto prolongado com o Brasil, isso abriria espa\u00e7o para a China se aproximar ainda mais do pa\u00eds. O Brasil historicamente evitou ser dependente de uma \u00fanica pot\u00eancia. Nunca temi que o Brasil entrasse na \u00f3rbita da China. Mas os EUA e suas empresas perderiam oportunidades valiosas \u2014 e isso seria muito ruim.<\/span><\/p>\n<\/div>\n<div class=\"bbc-19j92fr ebmt73l0\" dir=\"ltr\" data-pf_style_display=\"block\" data-pf_style_visibility=\"visible\">\n<p class=\"bbc-hhl7in e17g058b0 added-to-list1\" dir=\"ltr\" data-pf_style_display=\"block\" data-pf_style_visibility=\"visible\"><b data-pf_style_display=\"inline\" data-pf_style_visibility=\"visible\"><span class=\"text-node\">BBC News Brasil &#8211; H\u00e1 sinais de que o Brasil poderia oferecer aos EUA acesso a minerais estrat\u00e9gicos e terras raras como contrapartida \u00e0 revers\u00e3o das tarifas. A estrat\u00e9gia pode funcionar?<\/span><\/b><\/p>\n<\/div>\n<div class=\"bbc-19j92fr ebmt73l0\" dir=\"ltr\" data-pf_style_display=\"block\" data-pf_style_visibility=\"visible\">\n<p class=\"bbc-hhl7in e17g058b0 added-to-list1\" dir=\"ltr\" data-pf_style_display=\"block\" data-pf_style_visibility=\"visible\"><b data-pf_style_display=\"inline\" data-pf_style_visibility=\"visible\"><span class=\"text-node\">Shannon &#8211;<\/span><\/b><span class=\"text-node\"> Sim. Minerais cr\u00edticos e terras raras ser\u00e3o centrais no desenvolvimento e nos processos industriais do s\u00e9culo 21. Se Brasil, Argentina, Bol\u00edvia, Chile e outros tiverem acesso a esses recursos, ser\u00e3o parceiros muito valorizados. Isso deixa o Brasil numa posi\u00e7\u00e3o de for\u00e7a para negociar.<\/span><\/p>\n<\/div>\n<\/div>\n","protected":false},"excerpt":{"rendered":"<p>&nbsp; BBC News Brasil, por \u00a0Jo\u00e3o Fellet &#8211; Ap\u00f3s semanas de tens\u00e3o que levaram Brasil e Estados Unidos ao pior momento de sua rela\u00e7\u00e3o em d\u00e9cadas, os governos dos dois pa\u00edses iniciam um movimento de reaproxima\u00e7\u00e3o.<\/p>\n","protected":false},"author":1,"featured_media":0,"comment_status":"closed","ping_status":"open","sticky":false,"template":"","format":"standard","meta":{"_exactmetrics_skip_tracking":false,"_exactmetrics_sitenote_active":false,"_exactmetrics_sitenote_note":"","_exactmetrics_sitenote_category":0,"jetpack_post_was_ever_published":false,"_jetpack_newsletter_access":"","_jetpack_dont_email_post_to_subs":false,"_jetpack_newsletter_tier_id":0,"_jetpack_memberships_contains_paywalled_content":false,"_jetpack_memberships_contains_paid_content":false,"footnotes":"","jetpack_publicize_message":"","jetpack_publicize_feature_enabled":true,"jetpack_social_post_already_shared":true,"jetpack_social_options":{"image_generator_settings":{"template":"highway","enabled":false},"version":2}},"categories":[1],"tags":[78,1423],"class_list":["post-37774","post","type-post","status-publish","format-standard","hentry","category-notas","tag-lula","tag-trump-bolsonaro"],"jetpack_publicize_connections":[],"jetpack_sharing_enabled":true,"jetpack_featured_media_url":"","jetpack_shortlink":"https:\/\/wp.me\/p7wKYW-9Pg","jetpack-related-posts":[],"_links":{"self":[{"href":"http:\/\/blogdalucianaoliveira.com.br\/blog\/wp-json\/wp\/v2\/posts\/37774","targetHints":{"allow":["GET"]}}],"collection":[{"href":"http:\/\/blogdalucianaoliveira.com.br\/blog\/wp-json\/wp\/v2\/posts"}],"about":[{"href":"http:\/\/blogdalucianaoliveira.com.br\/blog\/wp-json\/wp\/v2\/types\/post"}],"author":[{"embeddable":true,"href":"http:\/\/blogdalucianaoliveira.com.br\/blog\/wp-json\/wp\/v2\/users\/1"}],"replies":[{"embeddable":true,"href":"http:\/\/blogdalucianaoliveira.com.br\/blog\/wp-json\/wp\/v2\/comments?post=37774"}],"version-history":[{"count":1,"href":"http:\/\/blogdalucianaoliveira.com.br\/blog\/wp-json\/wp\/v2\/posts\/37774\/revisions"}],"predecessor-version":[{"id":37776,"href":"http:\/\/blogdalucianaoliveira.com.br\/blog\/wp-json\/wp\/v2\/posts\/37774\/revisions\/37776"}],"wp:attachment":[{"href":"http:\/\/blogdalucianaoliveira.com.br\/blog\/wp-json\/wp\/v2\/media?parent=37774"}],"wp:term":[{"taxonomy":"category","embeddable":true,"href":"http:\/\/blogdalucianaoliveira.com.br\/blog\/wp-json\/wp\/v2\/categories?post=37774"},{"taxonomy":"post_tag","embeddable":true,"href":"http:\/\/blogdalucianaoliveira.com.br\/blog\/wp-json\/wp\/v2\/tags?post=37774"}],"curies":[{"name":"wp","href":"https:\/\/api.w.org\/{rel}","templated":true}]}}