{"id":37783,"date":"2025-10-27T11:11:00","date_gmt":"2025-10-27T15:11:00","guid":{"rendered":"https:\/\/blogdalucianaoliveira.com.br\/blog\/?p=37783"},"modified":"2025-10-27T11:11:00","modified_gmt":"2025-10-27T15:11:00","slug":"lula-chega-aos-80-anos-com-energia-de-30-celebrado-como-simbolo-da-classe-trabalhadora-e-de-olho-em-4o-mandato-presidencial","status":"publish","type":"post","link":"http:\/\/blogdalucianaoliveira.com.br\/blog\/2025\/10\/27\/lula-chega-aos-80-anos-com-energia-de-30-celebrado-como-simbolo-da-classe-trabalhadora-e-de-olho-em-4o-mandato-presidencial\/","title":{"rendered":"Lula chega aos 80 anos \u2018com energia de 30\u2019, celebrado como s\u00edmbolo da classe trabalhadora e de olho em 4\u00ba mandato presidencial"},"content":{"rendered":"<p><img data-recalc-dims=\"1\" loading=\"lazy\" decoding=\"async\" data-attachment-id=\"37784\" data-permalink=\"http:\/\/blogdalucianaoliveira.com.br\/blog\/2025\/10\/27\/lula-chega-aos-80-anos-com-energia-de-30-celebrado-como-simbolo-da-classe-trabalhadora-e-de-olho-em-4o-mandato-presidencial\/img_9201-2\/\" data-orig-file=\"https:\/\/i0.wp.com\/blogdalucianaoliveira.com.br\/blog\/wp-content\/uploads\/2025\/10\/IMG_9201.jpeg?fit=1140%2C815\" data-orig-size=\"1140,815\" data-comments-opened=\"0\" data-image-meta=\"{&quot;aperture&quot;:&quot;0&quot;,&quot;credit&quot;:&quot;&quot;,&quot;camera&quot;:&quot;&quot;,&quot;caption&quot;:&quot;&quot;,&quot;created_timestamp&quot;:&quot;0&quot;,&quot;copyright&quot;:&quot;&quot;,&quot;focal_length&quot;:&quot;0&quot;,&quot;iso&quot;:&quot;0&quot;,&quot;shutter_speed&quot;:&quot;0&quot;,&quot;title&quot;:&quot;&quot;,&quot;orientation&quot;:&quot;0&quot;}\" data-image-title=\"IMG_9201\" data-image-description=\"\" data-image-caption=\"\" data-medium-file=\"https:\/\/i0.wp.com\/blogdalucianaoliveira.com.br\/blog\/wp-content\/uploads\/2025\/10\/IMG_9201.jpeg?fit=300%2C214\" data-large-file=\"https:\/\/i0.wp.com\/blogdalucianaoliveira.com.br\/blog\/wp-content\/uploads\/2025\/10\/IMG_9201.jpeg?fit=600%2C429\" class=\"alignnone size-medium wp-image-37784\" src=\"https:\/\/i0.wp.com\/blogdalucianaoliveira.com.br\/blog\/wp-content\/uploads\/2025\/10\/IMG_9201.jpeg?resize=300%2C214\" alt=\"\" width=\"300\" height=\"214\" srcset=\"https:\/\/i0.wp.com\/blogdalucianaoliveira.com.br\/blog\/wp-content\/uploads\/2025\/10\/IMG_9201.jpeg?resize=300%2C214 300w, https:\/\/i0.wp.com\/blogdalucianaoliveira.com.br\/blog\/wp-content\/uploads\/2025\/10\/IMG_9201.jpeg?resize=1024%2C732 1024w, https:\/\/i0.wp.com\/blogdalucianaoliveira.com.br\/blog\/wp-content\/uploads\/2025\/10\/IMG_9201.jpeg?resize=768%2C549 768w, https:\/\/i0.wp.com\/blogdalucianaoliveira.com.br\/blog\/wp-content\/uploads\/2025\/10\/IMG_9201.jpeg?resize=420%2C300 420w, https:\/\/i0.wp.com\/blogdalucianaoliveira.com.br\/blog\/wp-content\/uploads\/2025\/10\/IMG_9201.jpeg?w=1140 1140w\" sizes=\"auto, (max-width: 300px) 100vw, 300px\" \/><\/p>\n<h2 class=\"jeg_post_subtitle\">27 de outubro \u00e9 anivers\u00e1rio do \u00fanico brasileiro eleito tr\u00eas vezes pelo voto popular ao cargo mais alto da Rep\u00fablica<\/h2>\n<p><!--more--><\/p>\n<p>O ano era 1945. O mundo celebrava o fim da Segunda Guerra Mundial e finalmente libertava dos campos de concentra\u00e7\u00e3o milhares de pessoas aprisionadas pelo horror do nazismo. Nascia, portanto, em Nova York, a Organiza\u00e7\u00e3o das Na\u00e7\u00f5es Unidas (ONU), com a promessa de tempos de paz.<\/p>\n<p>No Brasil, chegava ao fim o primeiro per\u00edodo de governo do ex-presidente Get\u00falio Vargas, conhecido como o \u201cEstado Novo\u201d, e em plena \u201cEra do R\u00e1dio\u201d, bombavam os sucessos de Dorival Caymmi, Nelson Gon\u00e7alves, Araci de Almeida e Carmen Miranda. Nas telonas, o p\u00fablico lotava as salas de cinema para assistir ao suspense psicol\u00f3gico de Alfred Hitchcock <em>Quando Fala o Cora\u00e7\u00e3o<\/em>.<\/p>\n<div class=\"jeg_ad jeg_ad_article jnews_content_inline_ads  \">\n<div class=\"ads-wrapper align-center \">\n<div class=\"ads_shortcode\">\n<div class=\"ads-region-container\" data-slot=\"artigos-leaderboard-incontent-1-mobile\" data-region=\"br\" data-slot-name=\"artigos-leaderboard-incontent-1-mobile-br\">\n<div id=\"div-gpt-ad-artigos-mobile_rectangle_mobile_1\" class=\"ad-slot\"><\/div>\n<\/div>\n<\/div>\n<\/div>\n<\/div>\n<p>Foi nesse contexto que nasceu, no dia 27 de outubro daquele ano, na cidade de Garanhuns (PE), <a href=\"https:\/\/www.brasildefato.com.br\/2025\/10\/22\/academicos-de-niteroi-divulga-o-samba-que-levara-a-sapucai-em-homenagem-a-lula\/\" target=\"_blank\" rel=\"noopener noreferrer\">Luiz In\u00e1cio Lula da Silva<\/a>, s\u00e9timo de oito filhos do casal de lavradores Aristides In\u00e1cio da Silva e Eur\u00eddice Ferreira de Melo \u2014 essa, conhecida como Dona Lindu.<\/p>\n<figure class=\"wp-block-image size-large\"><img data-recalc-dims=\"1\" loading=\"lazy\" decoding=\"async\" class=\"wp-image-868916\" src=\"https:\/\/i0.wp.com\/assets.brasildefato.com.br\/2025\/10\/maruo-vieira-e-marco-rubio-1-1024x724.png?resize=600%2C424&#038;ssl=1\" sizes=\"auto, (max-width: 1024px) 100vw, 1024px\" srcset=\"https:\/\/assets.brasildefato.com.br\/2025\/10\/maruo-vieira-e-marco-rubio-1-300x212.png 300w, https:\/\/assets.brasildefato.com.br\/2025\/10\/maruo-vieira-e-marco-rubio-1-1024x724.png 1024w, https:\/\/assets.brasildefato.com.br\/2025\/10\/maruo-vieira-e-marco-rubio-1-768x543.png 768w, https:\/\/assets.brasildefato.com.br\/2025\/10\/maruo-vieira-e-marco-rubio-1-1536x1086.png 1536w, https:\/\/assets.brasildefato.com.br\/2025\/10\/maruo-vieira-e-marco-rubio-1-750x536.png 750w, https:\/\/assets.brasildefato.com.br\/2025\/10\/maruo-vieira-e-marco-rubio-1-1140x815.png 1140w, https:\/\/assets.brasildefato.com.br\/2025\/10\/maruo-vieira-e-marco-rubio-1-120x86.png 120w, https:\/\/assets.brasildefato.com.br\/2025\/10\/maruo-vieira-e-marco-rubio-1.png 2000w\" alt=\"\" width=\"600\" height=\"424\" data-pin-no-hover=\"true\" \/><figcaption class=\"wp-element-caption\">\u00c0 esquerda, Eur\u00eddice Ferreira de Melo, a Dona Lindu; \u00e0 direita, Lula, aos 3 anos. Fotos: Acervo Instituto Lula<\/figcaption><\/figure>\n<p>Migrou ainda crian\u00e7a para S\u00e3o Paulo, onde cresceu, casou-se, profissionalizou-se torneiro mec\u00e2nico e iniciou sua vida pol\u00edtica na lideran\u00e7a das <a href=\"https:\/\/www.brasildefato.com.br\/2022\/09\/11\/lula-das-greves-do-abc-ao-planalto-livro-analisa-trajetoria-politica-do-ex-presidente\/\" target=\"_blank\" rel=\"noopener noreferrer\">greves no ABC Paulista<\/a> e na luta pela redemocratiza\u00e7\u00e3o do Brasil.<\/p>\n<div class=\"jeg_ad jeg_ad_article jnews_content_inline_2_ads  \">\n<div class=\"ads-wrapper align-center \">\n<div class=\"ads_shortcode\">\n<div class=\"ads-region-container\" data-slot=\"artigos-leaderboard-incontent-2-mobile\" data-region=\"br\" data-slot-name=\"artigos-leaderboard-incontent-2-mobile-br\">\n<div id=\"div-gpt-ad-artigos-mobile_rectangle_mobile_2\" class=\"ad-slot\"><\/div>\n<\/div>\n<\/div>\n<\/div>\n<\/div>\n<p>Pai de cinco filhos, vi\u00favo por duas vezes e casado pela terceira com a atual primeira-dama, Ros\u00e2ngela Silva, a Janja, Lula completa 80 anos \u201ccom energia de 30 e tes\u00e3o de 20\u201d, como costuma dizer. Est\u00e1 \u00e0 frente de seu terceiro mandato como presidente do Brasil e j\u00e1 antecipou que estar\u00e1 na disputa pela quarta vit\u00f3ria em 2026.<\/p>\n<p>O<strong> Brasil de Fato <\/strong>conversou com amigos, companheiros de milit\u00e2ncia e de mais de cinco d\u00e9cadas de conviv\u00eancia ao lado do \u201cfilho do povo brasileiro\u201d.<\/p>\n<div class=\"jeg_ad jeg_ad_article jnews_content_inline_3_ads  \">\n<div class=\"ads-wrapper align-center \">\n<div class=\"ads_shortcode\">\n<div class=\"ads-region-container\" data-slot=\"artigos-leaderboard-incontent-3-mobile\" data-region=\"br\" data-slot-name=\"artigos-leaderboard-incontent-3-mobile-br\">\n<div id=\"div-gpt-ad-artigos-mobile_rectangle_mobile_3\" class=\"ad-slot\"><\/div>\n<\/div>\n<\/div>\n<\/div>\n<\/div>\n<h4 class=\"wp-block-heading\">O come\u00e7o de tudo<\/h4>\n<p>As grandes greves que marcaram o final dos anos 70 no Brasil s\u00e3o consideradas por muitos historiadores como o in\u00edcio de um processo de abertura gradual do regime militar, for\u00e7ado pela press\u00e3o das ruas e da opini\u00e3o p\u00fablica internacional.<\/p>\n<p>Foi nessa \u00e9poca que <a href=\"https:\/\/www.brasildefato.com.br\/2024\/10\/05\/jose-genoino-constituicao-foi-avanco-popular-mas-garantia-de-direitos-sofre-violacoes-constantes\/\" target=\"_blank\" rel=\"noopener noreferrer\">Jos\u00e9 Genoino<\/a>conheceu aquele que ser tornaria um de seus amigos mais ilustres. \u201cEu conheci o presidente Lula no Sindicato dos Metal\u00fargicos de S\u00e3o Bernardo, quando ele ainda n\u00e3o tinha fundado o PT e ele era presidente do sindicato. Eu fui com um companheiro de esquerda, meu amigo m\u00e9dico Aytan Sipahi. A\u00ed n\u00f3s fomos l\u00e1. Eu tinha acabado de sair da pris\u00e3o em 77, era por volta de 78, eu dava aula em cursinho e participava daquela articula\u00e7\u00e3o pol\u00edtica dos comit\u00eas de solidariedade \u00e0 greve e tamb\u00e9m das reuni\u00f5es para fundar um novo partido\u201d, lembra o companheiro de milit\u00e2ncia.<\/p>\n<figure class=\"wp-block-image size-large\"><img data-recalc-dims=\"1\" loading=\"lazy\" decoding=\"async\" class=\"wp-image-868920\" src=\"https:\/\/i0.wp.com\/assets.brasildefato.com.br\/2025\/10\/lula-abc-1-acervo-PT-1024x297.jpg?resize=600%2C174&#038;ssl=1\" sizes=\"auto, (max-width: 1024px) 100vw, 1024px\" srcset=\"https:\/\/assets.brasildefato.com.br\/2025\/10\/lula-abc-1-acervo-PT-300x87.jpg 300w, https:\/\/assets.brasildefato.com.br\/2025\/10\/lula-abc-1-acervo-PT-1024x297.jpg 1024w, https:\/\/assets.brasildefato.com.br\/2025\/10\/lula-abc-1-acervo-PT-768x223.jpg 768w, https:\/\/assets.brasildefato.com.br\/2025\/10\/lula-abc-1-acervo-PT-750x330.jpg 750w, https:\/\/assets.brasildefato.com.br\/2025\/10\/lula-abc-1-acervo-PT.jpg 1137w\" alt=\"\" width=\"600\" height=\"174\" data-pin-no-hover=\"true\" \/><figcaption class=\"wp-element-caption\">Lula, em discurso para milhares de trabalhadores, no ABC paulista. Foto: Josias Gomes\/Acervo PT<\/figcaption><\/figure>\n<p>\u201cA primeira reuni\u00e3o que eu tive com o Lula, eu perguntei para ele: esse partido que voc\u00ea est\u00e1 querendo criar \u00e9 estrat\u00e9gico ou t\u00e1tico?\u201d, seguiu Genoino. \u201cA\u00ed ele disse para mim: \u2018oh, n\u00e3o quero saber se \u00e9 de vanguarda ou de estrat\u00e9gica ou t\u00e1tica, eu quero fazer um partido dos trabalhadores\u2019\u201d, relatou.<\/p>\n<p>Foi nesse mesmo contexto que a hoje deputada federal <a href=\"https:\/\/www.brasildefato.com.br\/2025\/06\/10\/benedita-da-silva-relembra-origem-favelada-ao-receber-titulo-de-doutora-honoris-causa-pela-ufrj-a-pobreza-negra-nao-permite-o-erro\/\" target=\"_blank\" rel=\"noopener noreferrer\">Benedita da Silva (PT-RJ)<\/a> se aproximou de Lula. \u201cEu fui convidada a participar de uma reuni\u00e3o onde um sindicalista estava discutindo a possibilidade de criar um partido em S\u00e3o Paulo. A\u00ed eu falei: \u2018Ah, mas o que eu vou fazer em S\u00e3o Paulo?\u2019 N\u00e3o, \u00e9 porque para criar o partido tem que ter l\u00edderes de comunidade, tem que ter todo mundo, tem que ter estudante, ter religiosos, at\u00e9 apelidaram depois o Partido dos Trabalhadores, que era o partido da igreja\u201d, conta a ex-governadora fluminense.<\/p>\n<p>\u201cEu confesso que no primeiro dia assim que eu estava l\u00e1, eu fiquei assim\u2026 eu o admirava muito, mas fiquei olhando, olhando, e ele foi falando e eu fui me envolvendo, porque ele disse tudo que eu pensava, ele disse tudo que eu gostaria que fosse feito, para o pobre, para a classe m\u00e9dia\u201d, lembra a deputada.<\/p>\n<blockquote class=\"wp-block-quote is-layout-flow wp-block-quote-is-layout-flow\"><p>\u201cE eu me animei. Ent\u00e3o, animada, eu fiz campanha para as pessoas se filiarem no PT e falava: \u2018Olha, \u00e9 um trabalhador, \u00e9 um partido de um trabalhador\u201d, rememora.<\/p><\/blockquote>\n<figure class=\"wp-block-image size-full\"><img data-recalc-dims=\"1\" loading=\"lazy\" decoding=\"async\" class=\"wp-image-868923\" src=\"https:\/\/i0.wp.com\/assets.brasildefato.com.br\/2025\/10\/fundacao-do-pt-acervo-instituto-Lula.jpg?resize=600%2C338&#038;ssl=1\" sizes=\"auto, (max-width: 1015px) 100vw, 1015px\" srcset=\"https:\/\/assets.brasildefato.com.br\/2025\/10\/fundacao-do-pt-acervo-instituto-Lula-300x169.jpg 300w, https:\/\/assets.brasildefato.com.br\/2025\/10\/fundacao-do-pt-acervo-instituto-Lula-768x432.jpg 768w, https:\/\/assets.brasildefato.com.br\/2025\/10\/fundacao-do-pt-acervo-instituto-Lula-750x536.jpg 750w, https:\/\/assets.brasildefato.com.br\/2025\/10\/fundacao-do-pt-acervo-instituto-Lula.jpg 1015w\" alt=\"\" width=\"600\" height=\"338\" data-pin-no-hover=\"true\" \/><figcaption class=\"wp-element-caption\">Lula durante assembleia de funda\u00e7\u00e3o do Partido dos Trabalhadores. Foto: Acervo PT<\/figcaption><\/figure>\n<p>Tanto Genoino como Benedita j\u00e1 viam no ent\u00e3o sindicalista, entusiasta e fundador do Partido dos Trabalhadores, uma lideran\u00e7a nacional.<\/p>\n<p>\u201cO papel da lideran\u00e7a dele estava claro para n\u00f3s desde o in\u00edcio. Primeiro porque a gente se surpreendeu, saindo da clandestinidade, passando pela pris\u00e3o, resist\u00eancia armada, encontrar uma lideran\u00e7a de massa do tamanho do Lula\u201d, conta o ex-deputado federal Jos\u00e9 Genoino.<\/p>\n<p>\u201cEu vi aquela multid\u00e3o de trabalhadores, trabalhadoras\u201d, lembra Benedita. \u201cDepois a gente estava discutindo a quest\u00e3o de direito de greve e tudo mais, e ele fazia aquelas reuni\u00f5es enormes. Eu via naquele homem um talento, sabe? Eu sempre vi.\u201d<\/p>\n<p>Outro amigo de tempos que remontam o processo de cria\u00e7\u00e3o do PT \u00e9 o senador Jaques Wagner (PT-BA), apelidado por Lula de \u201cGalego\u201d.<\/p>\n<p>\u201cA minha rela\u00e7\u00e3o com ele, para mim, \u00e9 de amizade, de carinho, de respeito e de admira\u00e7\u00e3o. Sem idolatria, que voc\u00ea sabe que idolatria n\u00e3o ajuda a gente a ajudar quem a gente gosta, mas muito carinho, muito respeito meu e de F\u00e1tima\u201d, conta o senador e ex-governador da Bahia.<\/p>\n<p>\u201cEu fico me lembrando aqui, no Campo Grande [bairro de Salvador], o Congresso dos petroqu\u00edmicos e petroleiros em 1978, na boca das diretas, j\u00e1 come\u00e7ando o movimento um pouquinho antes da lei da anistia, todos os partidos na clandestinidade, mas todo mundo se preparando para realinhar a vida pol\u00edtica partid\u00e1ria\u201d, recorda.<\/p>\n<p>\u201cEssa data foi muito marcante, porque naquele dia que nascia Sandro, o segundo filho dele, com a querida e saudosa Marisa. E ele tomou uma bronca. Eu me lembro porque que a Marisa ligou, n\u00e3o tinha celular, deve ter ligado para o hotel, e falou: \u2018T\u00e1 vendo a\u00ed? Voc\u00ea vive nessas viagens, seu filho nasceu e voc\u00ea n\u00e3o est\u00e1 nem aqui\u2019\u201d, conta Wagner.<\/p>\n<p>Naquele encontro, recorda o senador, foi uma das primeiras vezes que o ent\u00e3o sindicalista Lula falou sobre a cria\u00e7\u00e3o de um partido.<\/p>\n<p>\u201cEle disse: \u2018Galego, n\u00f3s n\u00e3o podemos ficar s\u00f3 na luta sindical, s\u00f3 enxugando o gelo. N\u00f3s precisamos fazer um partido pol\u00edtico para participar, para influenciar a pol\u00edtica brasileira, a pol\u00edtica nacional, que a\u00ed sim a gente vai conseguir resgatar o direito dos trabalhadores e trabalhadoras e diminuir esse fosso social que sempre foi, infelizmente, uma marca de uma elite muito cruel, que pensa muito em si, mas n\u00e3o pensa no Brasil e nos brasileiros\u2019.\u201d<\/p>\n<h4 class=\"wp-block-heading\">A luta pela democratiza\u00e7\u00e3o e a Constituinte de 1988<\/h4>\n<p>Genoino lembra que a rela\u00e7\u00e3o com o presidente passou por contradi\u00e7\u00f5es, diverg\u00eancias e muitos pontos de unidade, com um momento de virada na rela\u00e7\u00e3o entre os dois: a Constituinte de 1988.<\/p>\n<p>\u201cEu fui para a Constituinte, foi quando eu dei um salto de qualidade na rela\u00e7\u00e3o com o Lula, porque eu cheguei na Constituinte, eu conhecia o parlamento, eu j\u00e1 tinha tido um mandato, eu comecei a estudar muito o parlamento, como atuar. Eu me baseei naquela ideia: \u2018se eu aprendi com a Amaz\u00f4nia, eu vou aprender com o parlamento e eu quero dominar o cen\u00e1rio, o territ\u00f3rio e as regras que funcionam isso aqui\u2019. E virei um militante da Constituinte.\u201d<\/p>\n<p>\u00danica parlamentar negra a participar da Assembleia Nacional Constituinte que redigiu a Constitui\u00e7\u00e3o cidad\u00e3, Benedita lembra das trocas que tinha com Lula, que tamb\u00e9m era deputado constituinte. \u201cEle falava assim: \u2018o que eu fa\u00e7o, Ben\u00e9, aqui nessa comiss\u00e3o?\u2019 Eu falava: Lula, voc\u00ea precisa dar for\u00e7a aqui nessa comiss\u00e3o que a gente est\u00e1 tocando tal tema\u201d, lembra a deputada, ressaltando o lado companheiro e amigo do presidente.<\/p>\n<p>\u201c\u00c9 importante falar isso porque parecem coisas menores. Mas n\u00e3o \u00e9 a pol\u00edtica que o Lula te oferece primeiro. Primeiro, ele oferece amizade, sabe? Considera\u00e7\u00e3o, amigo, de entender, de estar ali. Eu sou apaixonada, muito apaixonada, muito\u201d, se declara.<\/p>\n<figure class=\"wp-block-image size-full\"><img data-recalc-dims=\"1\" loading=\"lazy\" decoding=\"async\" class=\"wp-image-868927\" src=\"https:\/\/i0.wp.com\/assets.brasildefato.com.br\/2025\/10\/lula-na-assembleia-constituinte.-acervo-pt.jpg?resize=600%2C313&#038;ssl=1\" sizes=\"auto, (max-width: 960px) 100vw, 960px\" srcset=\"https:\/\/assets.brasildefato.com.br\/2025\/10\/lula-na-assembleia-constituinte.-acervo-pt-300x156.jpg 300w, https:\/\/assets.brasildefato.com.br\/2025\/10\/lula-na-assembleia-constituinte.-acervo-pt-768x400.jpg 768w, https:\/\/assets.brasildefato.com.br\/2025\/10\/lula-na-assembleia-constituinte.-acervo-pt-750x500.jpg 750w, https:\/\/assets.brasildefato.com.br\/2025\/10\/lula-na-assembleia-constituinte.-acervo-pt.jpg 960w\" alt=\"\" width=\"600\" height=\"313\" data-pin-no-hover=\"true\" \/><figcaption class=\"wp-element-caption\">Lula na Assembleia Nacional Constituinte, ao lado de Benedita da Silva e outros parlamentares como Pl\u00ednio de Arruda Sampaio e Florestan Fernandes. Foto: Acervo PT<\/figcaption><\/figure>\n<h4 class=\"wp-block-heading\">Lula 1 e Lula 2<\/h4>\n<p>Foram tr\u00eas elei\u00e7\u00f5es consecutivas perdidas, em 1989, 1994, 1998, at\u00e9 que em 2002, o Brasil elegeu para govern\u00e1-lo o primeiro presidente com carteira assinada, o primeiro trabalhador a conquistar o mais alto cargo da Rep\u00fablica.<\/p>\n<figure class=\"wp-block-image size-full\"><img data-recalc-dims=\"1\" loading=\"lazy\" decoding=\"async\" class=\"wp-image-868928\" src=\"https:\/\/i0.wp.com\/assets.brasildefato.com.br\/2025\/10\/adeviso-campanha-vitoriosa-acervo-instituto-lula.jpg?resize=600%2C200&#038;ssl=1\" sizes=\"auto, (max-width: 1015px) 100vw, 1015px\" srcset=\"https:\/\/assets.brasildefato.com.br\/2025\/10\/adeviso-campanha-vitoriosa-acervo-instituto-lula-300x100.jpg 300w, https:\/\/assets.brasildefato.com.br\/2025\/10\/adeviso-campanha-vitoriosa-acervo-instituto-lula-768x257.jpg 768w, https:\/\/assets.brasildefato.com.br\/2025\/10\/adeviso-campanha-vitoriosa-acervo-instituto-lula-750x339.jpg 750w, https:\/\/assets.brasildefato.com.br\/2025\/10\/adeviso-campanha-vitoriosa-acervo-instituto-lula.jpg 1015w\" alt=\"\" width=\"600\" height=\"200\" data-pin-no-hover=\"true\" \/><figcaption class=\"wp-element-caption\">Adesivo da campanha vitoriosa do PT em 2002. Foto: Acervo PT<\/figcaption><\/figure>\n<p>As imagens do dia 1\u00ba de janeiro de 2003 documentam uma multid\u00e3o de peregrinos, dos mais long\u00ednquos rinc\u00f5es do pa\u00eds, que percorreram centenas de quil\u00f4metros at\u00e9 chegar a Bras\u00edlia para ver a posse de Lula. A mesma multid\u00e3o que se refrescou no espelho d\u2019\u00e1gua do Pal\u00e1cio do Planalto, celebrando aquele feito hist\u00f3rico.<\/p>\n<figure class=\"wp-block-image size-full\"><img data-recalc-dims=\"1\" loading=\"lazy\" decoding=\"async\" class=\"wp-image-868931\" src=\"https:\/\/i0.wp.com\/assets.brasildefato.com.br\/2025\/10\/posse-2003-acervo-pt.jpg?resize=600%2C313&#038;ssl=1\" sizes=\"auto, (max-width: 960px) 100vw, 960px\" srcset=\"https:\/\/assets.brasildefato.com.br\/2025\/10\/posse-2003-acervo-pt-300x156.jpg 300w, https:\/\/assets.brasildefato.com.br\/2025\/10\/posse-2003-acervo-pt-768x400.jpg 768w, https:\/\/assets.brasildefato.com.br\/2025\/10\/posse-2003-acervo-pt-750x500.jpg 750w, https:\/\/assets.brasildefato.com.br\/2025\/10\/posse-2003-acervo-pt.jpg 960w\" alt=\"\" width=\"600\" height=\"313\" data-pin-no-hover=\"true\" \/><figcaption class=\"wp-element-caption\">Lula e sua falecida esposa Dona Marisa chegam para a posse do presidente, em 2003. Foto: Acervo PT<\/figcaption><\/figure>\n<p>Genoino lembra que na mesma elei\u00e7\u00e3o que elegeu Lula pela primeira vez, ele foi candidato ao governo de S\u00e3o Paulo, a pedido do presidente. Depois de n\u00e3o ter sido eleito, e com uma forte experi\u00eancia no parlamento, ele acabou assumindo a presid\u00eancia do PT e atuando como uma esp\u00e9cie de \u201cministro sem pasta\u201d do novo governo.<\/p>\n<p>\u201cPrimeiro eu participei da transi\u00e7\u00e3o, da discuss\u00e3o sobre os minist\u00e9rios, das escolhas\u2026 E no in\u00edcio de 2003 eu participava de tudo, porque eu estava na seguinte condi\u00e7\u00e3o: \u2018ou eu era um ministro sem pasta, ou um deputado sem mandato\u2019\u201d, brinca o ex-deputado, que se considera um \u201camigo sincero\u201d.<\/p>\n<blockquote class=\"wp-block-quote is-layout-flow wp-block-quote-is-layout-flow\"><p>\u201cEu me sentia muito \u00e0 vontade com ele para dizer o que eu penso de maneira muito sincera. Ali\u00e1s, a gente tinha um pacto: na conversa comigo, a gente fala tudo, mas nada \u00e9 publicizado\u201d, conta Genoino.<\/p><\/blockquote>\n<p>O senador Jaques Wagner comp\u00f4s a primeira forma\u00e7\u00e3o ministerial do governo Lula 1, primeiro como ministro do Trabalho e Emprego e depois como ministro-chefe da Secretaria de Rela\u00e7\u00f5es Institucionais (SRI). Para ele, \u00e9 at\u00e9 dif\u00edcil rememorar todas as conquistas realizadas naqueles primeiros mandatos presidenciais.<\/p>\n<p>\u201cVou acabar esquecendo de alguma coisa, porque o volume de programas que ele fez focado no social, o Fome Zero, o Primeiro Emprego, o reajuste do sal\u00e1rio m\u00ednimo, o apoio \u00e0 agricultura familiar, o Bolsa Fam\u00edlia, o Prouni, as escolas profissionalizantes. Aqui na Bahia, por exemplo, a gente tinha uma universidade, depois dele e da gente tem seis ou sete universidades federais. Tinha uma escola t\u00e9cnica, hoje tem mais de 20 ou mais de 30. Ent\u00e3o eu acho que \u00e9 muito grandioso tudo que ele fez\u201d, avalia o senador.<\/p>\n<p>Ao <strong>Brasil de Fato<\/strong>, o ex-ministro de Lula relembrou o epis\u00f3dio de uma entrevista do presidente, em que ele usou o termo \u201cmarolinha\u201d para descartar que a crise econ\u00f4mica desatada em 2008 tivesse grande impacto sobre a economia brasileira.<\/p>\n<p>\u201cUm tempo depois, eu perguntei a ele: presidente, qual eram os dados que voc\u00ea tinha para dizer que aqui ia ser uma marolinha, e n\u00e3o tsunami? Por que o mundo todo estava impactado com aquilo? Ele falou: \u2018Galego, eu n\u00e3o tinha nenhum elemento que me garantisse o que eu falei. A \u00fanica coisa que eu tinha era consci\u00eancia que se o l\u00edder do pa\u00eds, o l\u00edder de uma popula\u00e7\u00e3o de 200 milh\u00f5es de habitantes n\u00e3o fosse dizer \u00e0 popula\u00e7\u00e3o para se estimular e n\u00e3o se acovardar, se esconder e n\u00e3o gastar, a\u00ed n\u00f3s vamos ter uma crise imensa\u201d, relata Wagner.<\/p>\n<p>\u201cE acabou que o que ele falou prevaleceu aqui no Brasil. N\u00e3o foi um tsunami, foi uma marolinha\u201d, completa.<\/p>\n<figure class=\"wp-block-image size-large is-resized\"><img data-recalc-dims=\"1\" loading=\"lazy\" decoding=\"async\" class=\"wp-image-868933\" src=\"https:\/\/i0.wp.com\/assets.brasildefato.com.br\/2025\/10\/marcello-casal-jr-abr-1024x672.jpg?resize=600%2C394&#038;ssl=1\" sizes=\"auto, (max-width: 1024px) 100vw, 1024px\" srcset=\"https:\/\/assets.brasildefato.com.br\/2025\/10\/marcello-casal-jr-abr-300x197.jpg 300w, https:\/\/assets.brasildefato.com.br\/2025\/10\/marcello-casal-jr-abr-1024x672.jpg 1024w, https:\/\/assets.brasildefato.com.br\/2025\/10\/marcello-casal-jr-abr-768x504.jpg 768w, https:\/\/assets.brasildefato.com.br\/2025\/10\/marcello-casal-jr-abr-1536x1008.jpg 1536w, https:\/\/assets.brasildefato.com.br\/2025\/10\/marcello-casal-jr-abr-750x536.jpg 750w, https:\/\/assets.brasildefato.com.br\/2025\/10\/marcello-casal-jr-abr-1140x815.jpg 1140w, https:\/\/assets.brasildefato.com.br\/2025\/10\/marcello-casal-jr-abr.jpg 1800w\" alt=\"\" width=\"600\" height=\"394\" data-pin-no-hover=\"true\" \/><figcaption class=\"wp-element-caption\">Lula (centro) ao lado de Jos\u00e9 Genoino (direita) e Jos\u00e9 Dirceu (esquerda). Foto: Marcelo Casal Jr.\/Ag\u00eancia Brasil<\/figcaption><\/figure>\n<p>Para Jo\u00e3o Paulo Rodrigues, da dire\u00e7\u00e3o nacional do Movimento dos Trabalhadores Rurais Sem Terra (MST), a chegada de Lula ao governo, em 2003, \u201carrumou a casa\u201d, e recolocou o papel do Estado na condu\u00e7\u00e3o da pol\u00edtica p\u00fablica. Mas a grande marca foi a abertura de mecanismos de participa\u00e7\u00e3o social nas decis\u00f5es do governo federal.<\/p>\n<p>\u201cO presidente d\u00e1 um tom de governo de centro, mas com uma participa\u00e7\u00e3o popular muito grande. As idas dos ministros, a rela\u00e7\u00e3o com o movimento popular, voc\u00ea tem o presidente que recebe no pal\u00e1cio todos os p\u00fablicos poss\u00edveis imagin\u00e1rios da classe trabalhadoras, pessoas em situa\u00e7\u00e3o de rua, catador, ind\u00edgena, sem terra, comunidades LGBT\u201d, avalia o dirigente sem terra, que tamb\u00e9m possui v\u00ednculos de amizade estreitos com o presidente Lula.<\/p>\n<p>Por outro lado, Rodrigues destaca que tamb\u00e9m foram governos com limita\u00e7\u00e3o e problemas. \u201c\u00c9 um governo que fez uma alian\u00e7a muito grande, um fortalecimento do centr\u00e3o, famoso, o centr\u00e3o surge com mais for\u00e7a. A\u00ed \u00e9 um governo que modernizou o agroneg\u00f3cio, volume de recursos absurdo\u201d, considera. \u201cE \u00e9 um governo que escolheu mal e organizou mal o Judici\u00e1rio\u201d, completa Rodrigues.<\/p>\n<h4 class=\"wp-block-heading\">Na jornada do her\u00f3i, o maior desafio<\/h4>\n<p>Ap\u00f3s ter deixado o governo com cerca de 80% de aprova\u00e7\u00e3o popular e conseguido eleger sua sucessora, a presidenta Dilma Rousseff, em 2010, Lula passou a dar palestras e percorrer o pa\u00eds e o mundo falando da experi\u00eancia de reduzir drasticamente a fome no Brasil a partir de suas pol\u00edticas sociais.<\/p>\n<p>Em 2014, uma articula\u00e7\u00e3o ilegal entre o Minist\u00e9rio P\u00fablico Federal do Paran\u00e1, em conluio com o ex-juiz S\u00e9rgio Moro e ve\u00edculos de imprensa comerciais de proje\u00e7\u00e3o nacional, deu origem \u00e0 chamada Opera\u00e7\u00e3o Lava Jato, que investigava contratos entre empresas privadas e a Petrobras.<\/p>\n<p>O conluio foi revelado em 2019, por um conjunto de reportagens do <em>The Intercept Brasil<\/em> que descortinaram os bastidores da opera\u00e7\u00e3o e ensejaram a anula\u00e7\u00e3o de diversos processos da opera\u00e7\u00e3o pelo Supremo Tribunal Federal.<\/p>\n<p>Fato \u00e9 que, por meio de intercepta\u00e7\u00f5es telef\u00f4nicas ilegais e vazamentos de conte\u00fados sigilosos \u00e0 imprensa, a Opera\u00e7\u00e3o Lava Jato obteve um amplo respaldo popular, que ajudava a legitimar uma verdadeira ca\u00e7ada com um objetivo final claro: prender Lula, o \u00fanico representante de uma esquerda absolutamente desgastada, que ainda conservava um apoio capaz de amea\u00e7ar os planos da direita conservadora no Brasil, que j\u00e1 se articulava para um golpe contra a presidenta Dilma Rousseff, consolidado em 2016.<\/p>\n<p>Em mar\u00e7o de 2018, ap\u00f3s prestar uma s\u00e9rie de depoimentos ao juiz de Curitiba, o presidente Lula decide realizar <a href=\"https:\/\/www.brasildefato.com.br\/2018\/03\/28\/relembre-os-momentos-mais-marcantes-da-caravana-de-lula-pelo-sul\/\" target=\"_blank\" rel=\"noopener noreferrer\">uma de suas caravanas pelo Sul do pa\u00eds<\/a>, terminando justamente na capital paranaense, ber\u00e7o de seu maior inimigo. Na jornada do her\u00f3i, teorizada pelo escritor estadunidense Joseph Campbell, \u00e9 l\u00e1, no lugar de maior perigo, onde o her\u00f3i enfrentar\u00e1 sua maior prova\u00e7\u00e3o.<\/p>\n<p>E foi. De Bag\u00e9 (RS) a Curitiba, a caravana do presidente passou por situa\u00e7\u00f5es inimagin\u00e1veis. Persegui\u00e7\u00e3o, bloqueio de estradas, viol\u00eancia e mensagens de \u00f3dio. \u201cA Caravana Lula pelo Brasil na regi\u00e3o Sul tem sofrido uma s\u00e9rie de agress\u00f5es desde seu in\u00edcio. Seus integrantes foram atingidos por ovos e pedras, como o ex-deputado federal Paulo Frateschi (PT), que teve sua orelha dilacerada por uma pedra atirada por um opositor, na cidade de Chapec\u00f3 (SC). J\u00e1 em Foz do Igua\u00e7u (PR), o padre Idalino Alflen, de 64 anos, levou uma pedrada na cabe\u00e7a e foi atropelado por uma motocicleta, minutos antes do pronunciamento de Lula\u201d, noticiou o <strong>Brasil de Fato<\/strong> \u00e0 \u00e9poca.<\/p>\n<figure class=\"wp-block-image size-large\"><img data-recalc-dims=\"1\" loading=\"lazy\" decoding=\"async\" class=\"wp-image-868936\" src=\"https:\/\/i0.wp.com\/assets.brasildefato.com.br\/2025\/10\/montagem-1024x724.png?resize=600%2C424&#038;ssl=1\" sizes=\"auto, (max-width: 1024px) 100vw, 1024px\" srcset=\"https:\/\/assets.brasildefato.com.br\/2025\/10\/montagem-300x212.png 300w, https:\/\/assets.brasildefato.com.br\/2025\/10\/montagem-1024x724.png 1024w, https:\/\/assets.brasildefato.com.br\/2025\/10\/montagem-768x543.png 768w, https:\/\/assets.brasildefato.com.br\/2025\/10\/montagem-1536x1086.png 1536w, https:\/\/assets.brasildefato.com.br\/2025\/10\/montagem-750x536.png 750w, https:\/\/assets.brasildefato.com.br\/2025\/10\/montagem-1140x815.png 1140w, https:\/\/assets.brasildefato.com.br\/2025\/10\/montagem-120x86.png 120w, https:\/\/assets.brasildefato.com.br\/2025\/10\/montagem.png 2000w\" alt=\"\" width=\"600\" height=\"424\" data-pin-no-hover=\"true\" \/><figcaption class=\"wp-element-caption\">\u00c0 esquerda, o ent\u00e3o deputado Jair Bolsonaro, em um ato em Ponta Grossa (PR) que pedia a pris\u00e3o de Lula. \u00c0 direita, marcas de tiros em um \u00f4nibus da Caravana Lula pelo Sul. Fotos: Reprodu\u00e7\u00e3o<\/figcaption><\/figure>\n<p>Muitos manifestantes vestiam camisas com a foto do ent\u00e3o deputado federal Jair Bolsonaro. Em diversas cidades, a caravana passava por <em>outdoors<\/em>imensos, ora com a foto do capit\u00e3o, ora com mensagens que defendiam a pris\u00e3o do petista. No \u00faltimo trecho da viagem, no dia 27 de mar\u00e7o, entre as cidades de Quedas do Igua\u00e7u e Laranjeiras do Sul, ambas no Paran\u00e1, <a href=\"https:\/\/www.brasildefato.com.br\/2019\/03\/27\/ha-um-ano-dois-tiros-atingiam-caravana-de-lula-no-parana-nenhum-esclarecimento\/\" target=\"_blank\" rel=\"noopener noreferrer\">a caravana do ent\u00e3o ex-presidente sofreu um ataque a tiros<\/a>, sem feridos.<\/p>\n<h4 class=\"wp-block-heading\">\u201cN\u00e3o troco minha dignidade pela minha liberdade\u201d<\/h4>\n<p>Dez dias ap\u00f3s o epis\u00f3dio da emboscada \u00e0 caravana, o ent\u00e3o juiz S\u00e9rgio Moro decretou a pris\u00e3o de Lula, que passaria <a href=\"https:\/\/www.brasildefato.com.br\/2019\/08\/20\/arbitrariedades-e-casuismos-marcam-500-dias-da-prisao-de-lula\/\" target=\"_blank\" rel=\"noopener noreferrer\">580 dias preso na carceragem da Pol\u00edcia Federal em Curitiba<\/a>, passando por prova\u00e7\u00f5es que jamais poderia imaginar: a morte de um neto, de um irm\u00e3o, a proibi\u00e7\u00e3o de dar entrevistas e a inabilita\u00e7\u00e3o de sua candidatura para as elei\u00e7\u00f5es de 2018.<\/p>\n<p>\u201cS\u00f3 quem tem o direito de decretar meu fim \u00e9 o povo brasileiro\u201d, declarou o presidente ao se despedir da multid\u00e3o que o cercava no Sindicato dos Metal\u00fargicos, em S\u00e3o Bernardo do Campo, pouco antes de se entregar voluntariamente \u00e0 Pol\u00edcia Federal. \u201cEsse processo come\u00e7ou com uma mentira do jornal <em>O Globo<\/em>\u201d, disse Lula. \u201cEu sempre tive a consci\u00eancia de que, se o Lula pudesse ser candidato [em 2018], o golpe n\u00e3o fechava\u201d, completou.<\/p>\n<figure class=\"wp-block-image size-large\"><img data-recalc-dims=\"1\" loading=\"lazy\" decoding=\"async\" class=\"wp-image-868937\" src=\"https:\/\/i0.wp.com\/assets.brasildefato.com.br\/2025\/10\/30412012_1121388198019324_5455167820985794560_n-1024x682.jpg?resize=600%2C400&#038;ssl=1\" sizes=\"auto, (max-width: 1024px) 100vw, 1024px\" srcset=\"https:\/\/assets.brasildefato.com.br\/2025\/10\/30412012_1121388198019324_5455167820985794560_n-300x200.jpg 300w, https:\/\/assets.brasildefato.com.br\/2025\/10\/30412012_1121388198019324_5455167820985794560_n-1024x682.jpg 1024w, https:\/\/assets.brasildefato.com.br\/2025\/10\/30412012_1121388198019324_5455167820985794560_n-768x511.jpg 768w, https:\/\/assets.brasildefato.com.br\/2025\/10\/30412012_1121388198019324_5455167820985794560_n-750x536.jpg 750w, https:\/\/assets.brasildefato.com.br\/2025\/10\/30412012_1121388198019324_5455167820985794560_n-1140x802.jpg 1140w, https:\/\/assets.brasildefato.com.br\/2025\/10\/30412012_1121388198019324_5455167820985794560_n-600x400.jpg 600w, https:\/\/assets.brasildefato.com.br\/2025\/10\/30412012_1121388198019324_5455167820985794560_n.jpg 1205w\" alt=\"\" width=\"600\" height=\"400\" data-pin-no-hover=\"true\" \/><figcaption class=\"wp-element-caption\">Lula \u00e9 cercado por apoiadores no Sindicato dos Metal\u00fargicos, em S\u00e3o Bernardo do Campo, antes de se entregar voluntariamente \u00e0 PF. Foto: Francisco Poner<\/figcaption><\/figure>\n<p>A ele ofereceriam a possibilidade de usar uma tornozeleira eletr\u00f4nica e cumprir pena em pris\u00e3o domiciliar, pelo que respondeu: \u201cN\u00e3o troco minha dignidade pela minha liberdade\u201d. E da pris\u00e3o, viu o in\u00edcio do governo de Jair Bolsonaro, e o juiz S\u00e9rgio Moro, seu ministro da Justi\u00e7a. Mas n\u00e3o abandonava a certeza de que a verdade viria \u00e0 tona.<\/p>\n<p>Lula foi solto no dia 8 de novembro de 2019, ap\u00f3s o Supremo Tribunal Federal ter considerado a pris\u00e3o ap\u00f3s condena\u00e7\u00e3o em segunda inst\u00e2ncia inconstitucional. Em 2021, o <a href=\"https:\/\/www.brasildefato.com.br\/2021\/04\/15\/por-8-a-3-stf-decide-que-moro-e-incompetente-para-julgar-lula-que-segue-elegivel\/\" target=\"_blank\" rel=\"noopener noreferrer\">STF anulou as condena\u00e7\u00f5es<\/a>, por considerar o ex-juiz S\u00e9rgio Moro parcial para julg\u00e1-lo, devolvendo ao petista seus direitos pol\u00edticos.<\/p>\n<p>Em 2022, o personagem heroico teria sua recompensa confirmada: com mais de 60 milh\u00f5es de votos, foi eleito para um terceiro mandato, derrotando o presidente de ent\u00e3o, que se tornou o \u00fanico desde a cria\u00e7\u00e3o do instituto da reelei\u00e7\u00e3o a n\u00e3o conseguir se reeleger. No caminho de volta, ele enfrentaria novos desafios.<\/p>\n<h4 class=\"wp-block-heading\">Lula 3\u2026 e Lula 4?<\/h4>\n<p>O atual governo Lula 3 teve in\u00edcio a partir da ideia de \u201creconstru\u00e7\u00e3o\u201d do pa\u00eds, ap\u00f3s sucessivos desmontes promovidos pelo governo de extrema direita liderado por Jair Bolsonaro. Os resultados t\u00eam aparecido. Na \u00faltima semana, o ministro da Fazenda, Fernando Haddad, anunciou que o presidente terminar\u00e1 seu terceiro mandato com o melhor resultado fiscal desde 2015. Para 2026, a meta \u00e9 de super\u00e1vit de 0,25% do Produto Interno Bruto (PIB), equivalente a R$ 34,3 bilh\u00f5es.<\/p>\n<p>Por outro lado, o desemprego tem uma das menores taxas da s\u00e9rie hist\u00f3rica, perto dos 5%, e o n\u00edvel de crescimento da economia tem se mantido acima dos 3% nos \u00faltimos tr\u00eas anos.<\/p>\n<p>Al\u00e9m disso, em agosto, a Organiza\u00e7\u00e3o das Na\u00e7\u00f5es Unidas para a Alimenta\u00e7\u00e3o e a Agricultura (FAO) divulgou seu relat\u00f3rio anual, atestando que o pa\u00eds saiu novamente do Mapa da Fome. A \u00faltima vez que isso ocorreu foi em 2014, e o atual governo recebeu o pa\u00eds com cerca de 33 milh\u00f5es de pessoas em situa\u00e7\u00e3o de inseguran\u00e7a alimentar grave.<\/p>\n<figure class=\"wp-block-image size-large\"><img data-recalc-dims=\"1\" loading=\"lazy\" decoding=\"async\" class=\"wp-image-868940\" src=\"https:\/\/i0.wp.com\/assets.brasildefato.com.br\/2025\/10\/stck-4-1024x683.jpg?resize=600%2C400&#038;ssl=1\" sizes=\"auto, (max-width: 1024px) 100vw, 1024px\" srcset=\"https:\/\/assets.brasildefato.com.br\/2025\/10\/stck-4-300x200.jpg 300w, https:\/\/assets.brasildefato.com.br\/2025\/10\/stck-4-1024x683.jpg 1024w, https:\/\/assets.brasildefato.com.br\/2025\/10\/stck-4-768x512.jpg 768w, https:\/\/assets.brasildefato.com.br\/2025\/10\/stck-4-1536x1024.jpg 1536w, https:\/\/assets.brasildefato.com.br\/2025\/10\/stck-4-750x536.jpg 750w, https:\/\/assets.brasildefato.com.br\/2025\/10\/stck-4-1140x815.jpg 1140w, https:\/\/assets.brasildefato.com.br\/2025\/10\/stck-4-600x400.jpg 600w, https:\/\/assets.brasildefato.com.br\/2025\/10\/stck-4.jpg 2048w\" alt=\"\" width=\"600\" height=\"400\" data-pin-no-hover=\"true\" \/><figcaption class=\"wp-element-caption\">Lula toma posse para o seu terceiro mandato, em 2022. Foto: Ricardo Stuckert | Ricardo Stuckert \/ PR<\/figcaption><\/figure>\n<p>Genoino defende que, ap\u00f3s realizada a tarefa de recuperar a democracia e reconstruir as pol\u00edticas sociais que garantem condi\u00e7\u00f5es m\u00ednimas de vida para a popula\u00e7\u00e3o, um quarto mandato de Lula deve retomar as bases do partido e realizar transforma\u00e7\u00f5es estruturais que ainda est\u00e3o por fazer.<\/p>\n<p>\u201cN\u00f3s governamos, colocando o povo no or\u00e7amento, fazendo inclus\u00e3o, reformas sociais. N\u00f3s governamos melhorando a renda do pa\u00eds, o emprego, as pol\u00edticas de inclus\u00e3o, mas o Brasil carece de mudan\u00e7as estruturais na democracia\u201d, avalia o petista, citando as tarefas inconclusas e urgentes para o pa\u00eds, entre elas, a reforma agr\u00e1ria, a democratiza\u00e7\u00e3o dos meios de comunica\u00e7\u00e3o, a reforma dos poderes p\u00fablicos, incluindo Judici\u00e1rio e Legislativo, al\u00e9m do fim da \u201ctutela militar\u201d.<\/p>\n<blockquote class=\"wp-block-quote is-layout-flow wp-block-quote-is-layout-flow\"><p>\u201cEu acho que a candidatura do Lula tem que estar amarrada nessas grandes bandeiras estrat\u00e9gicas sobre o futuro do pa\u00eds\u201d, opina Genoino.<\/p><\/blockquote>\n<p>Para Benedita, al\u00e9m da admira\u00e7\u00e3o e carinho que o presidente conserva em amplos setores da sociedade, sua reelei\u00e7\u00e3o dever\u00e1 ser viabilizada, sobretudo, pelos resultados concretos da atual gest\u00e3o na vida da popula\u00e7\u00e3o.<\/p>\n<p>\u201cO povo quer o Lula reeleito. A pessoa l\u00e1 na ponta que est\u00e1 sendo beneficiada, ela sabe fazer a diferen\u00e7a entre governos e governos. O Brasil ficou mais perto de todo mundo, e uma reelei\u00e7\u00e3o, eu acho que ele completa esse ciclo\u201d, avalia a deputada.<\/p>\n<p>Jaques Wagner recorda o conselho dado por sua maior inspira\u00e7\u00e3o, sua m\u00e3e, sobre persist\u00eancia. \u201cO presidente Lula tem sempre uma inspira\u00e7\u00e3o que para ele \u00e9 fundamental, de dona Lindu, o carinho e a lembran\u00e7a de dona Lindu dizendo para ele, teime, continue teimando, n\u00e3o desiste. O que anima ele \u00e9 saber que ele fez uma contribui\u00e7\u00e3o para diminuir essa injusti\u00e7a, para pregar a paz, para n\u00e3o alimentar o conflito e a guerra\u201d, avalia o senador.<\/p>\n<p>\u201cN\u00e3o vejo ningu\u00e9m mais preparado, com mais energia, com mais vis\u00e3o do que \u00e9 preciso fazer do que ele e com capacidade de liderar a sua equipe e a sociedade\u201d, opina o baiano.<\/p>\n<p>Para Jo\u00e3o Paulo Rodrigues, do MST, o atual governo conseguiu recompor as perdas dos seis anos em que foi governado pela direita e pela extrema direita, no entanto, \u00e9 preciso avan\u00e7ar, sobretudo, na constru\u00e7\u00e3o de um novo modelo econ\u00f4mico que d\u00ea conta dos desafios dessa \u00e9poca.<\/p>\n<p>\u201cA esquerda precisa organizar uma nova perspectiva de desenvolvimento a partir da organiza\u00e7\u00e3o do mundo do trabalho. N\u00f3s n\u00e3o temos condi\u00e7\u00f5es de manter uma pol\u00edtica de estado que seja baseado somente na pol\u00edtica de compensa\u00e7\u00e3o social. Ela n\u00e3o d\u00e1 conta de resolver as contradi\u00e7\u00f5es\u201d, sugere Rodrigues, destacando a tarefa hist\u00f3rica inconclusa de realiza\u00e7\u00e3o de uma reforma agr\u00e1ria ampla e popular, como parte de um projeto nacional de desenvolvimento.<\/p>\n<p>\u201cSeria muito mais digno para o governo e para n\u00f3s, que parte dos recursos que o governo coloca num conjunto de programas sociais pudesse voltar para a reforma agr\u00e1ria, que \u00e9 um projeto de desenvolvimento, que \u00e9 um projeto que produz e que gera renda e trabalho. Mas isso tem que ter vontade\u201d, afirma.<\/p>\n<p>\u201cOu seja\u201d, segue o dirigente do MST, \u201cpara voc\u00ea ter uma no\u00e7\u00e3o \u2014 e eu n\u00e3o estou fazendo uma cr\u00edtica que tem que mudar, s\u00f3 estou dizendo \u2014 n\u00f3s colocamos mais de R$ 420 bilh\u00f5es nas v\u00e1rias pol\u00edticas de assist\u00eancia, que \u00e9 uma conquista importante. E n\u00f3s s\u00f3 conseguimos colocar R$ 300 milh\u00f5es para reforma agr\u00e1ria. Ent\u00e3o n\u00f3s precisamos mudar essa l\u00f3gica, n\u00e3o tem sentido. N\u00f3s precis\u00e1vamos pelo menos R$ 2 bilh\u00f5es para a reforma agr\u00e1ria. J\u00e1 resolvia um baita programa de desenvolvimento\u201d, conclui, agregando a necessidade de construir uma \u201cagenda em defesa da soberania nacional\u201d, o que passa pela soberania alimentar e a prote\u00e7\u00e3o do meio ambiente.<\/p>\n<h4 class=\"wp-block-heading\">Legado hist\u00f3rico<\/h4>\n<p>Para o amigo e companheiro de milit\u00e2ncia Jos\u00e9 Genoino, para al\u00e9m das contradi\u00e7\u00f5es inerentes \u00e0 hist\u00f3ria, Lula \u201c\u00e9 produto da classe trabalhadora, da classe oper\u00e1ria, na sua dimens\u00e3o de luta, de organiza\u00e7\u00e3o e nos seus dilemas\u201d. \u201cE o Lula \u00e9 da pol\u00edtica. O Lula se encanta com a pol\u00edtica. O Lula ama a pol\u00edtica\u201d, diz o ex-deputado.<\/p>\n<p>\u201cLula \u00e9 uma lideran\u00e7a que tem uma autenticidade e \u00e9 reconhecido pela classe trabalhadora por essa autenticidade, por essa for\u00e7a. Voc\u00ea pode fazer avalia\u00e7\u00f5es de alguns momentos: tem ambiguidade, noutros momentos ele podia ter uma elabora\u00e7\u00e3o de um n\u00facleo pol\u00edtico mais avan\u00e7ado. Mas ele, para mim, o grande legado do Lula \u00e9 que o Brasil, eu acho que produziu uma das maiores lideran\u00e7as de um projeto de transforma\u00e7\u00e3o no Brasil. Igualando a [Get\u00falio] Vargas, Leonel Brizola, Jo\u00e3o Goulart, Juscelino [Kubitschek], Lula \u00e9 filho, como diz o livro da Denise Paran\u00e1, filho do povo brasileiro, que emerge com uma capacidade pol\u00edtica que \u00e9 fenomenal\u201d, comenta.<\/p>\n<figure class=\"wp-block-image size-large\"><img data-recalc-dims=\"1\" loading=\"lazy\" decoding=\"async\" class=\"wp-image-868950\" src=\"https:\/\/i0.wp.com\/assets.brasildefato.com.br\/2025\/10\/stck-2-1024x683.jpg?resize=600%2C400&#038;ssl=1\" sizes=\"auto, (max-width: 1024px) 100vw, 1024px\" srcset=\"https:\/\/assets.brasildefato.com.br\/2025\/10\/stck-2-300x200.jpg 300w, https:\/\/assets.brasildefato.com.br\/2025\/10\/stck-2-1024x683.jpg 1024w, https:\/\/assets.brasildefato.com.br\/2025\/10\/stck-2-768x512.jpg 768w, https:\/\/assets.brasildefato.com.br\/2025\/10\/stck-2-1536x1024.jpg 1536w, https:\/\/assets.brasildefato.com.br\/2025\/10\/stck-2-750x536.jpg 750w, https:\/\/assets.brasildefato.com.br\/2025\/10\/stck-2-1140x815.jpg 1140w, https:\/\/assets.brasildefato.com.br\/2025\/10\/stck-2-600x400.jpg 600w, https:\/\/assets.brasildefato.com.br\/2025\/10\/stck-2.jpg 2048w\" alt=\"\" width=\"600\" height=\"400\" data-pin-no-hover=\"true\" \/><figcaption class=\"wp-element-caption\">Ao lado da primeira-dama, Ros\u00e2ngela Silva, e do governador da Bahia, Jer\u00f4nimo Rodrigues, Lula levanta placa em defesa da taxa\u00e7\u00e3o dos super-ricos. Foto: Ricardo Stuckert<\/figcaption><\/figure>\n<p>O tamanho do legado do \u00fanico presidente a ser eleito tr\u00eas vezes pelo voto popular no Brasil ainda fica por ser comprovado, tomada a devida dist\u00e2ncia na hist\u00f3ria e diante do porvir, j\u00e1 que Lula \u00e9, at\u00e9 a data desta publica\u00e7\u00e3o, o candidato natural e <a href=\"https:\/\/www.brasildefato.com.br\/2025\/10\/24\/a-1-ano-da-eleicao-lula-venceria-disputas-contra-todos-os-bolsonaristas-diz-pesquisa-atlasintel\/\" target=\"_blank\" rel=\"noopener noreferrer\">favorito \u00e0 reelei\u00e7\u00e3o nas elei\u00e7\u00f5es presidenciais de 2026<\/a>, quando j\u00e1 ter\u00e1 completado 81 anos.<\/p>\n<h4 class=\"wp-block-heading\">Homenagens<\/h4>\n<p>Neste ano, o presidente Lula vai passar a data do seu anivers\u00e1rio em Kuala Lumpur, capital da Mal\u00e1sia, onde participa da <a href=\"https:\/\/www.brasildefato.com.br\/2025\/10\/24\/lula-diz-que-pretende-mostrar-a-trump-que-houve-equivoco-nas-taxacoes-e-acredita-no-sucesso-da-negociacao\/\" target=\"_blank\" rel=\"noopener noreferrer\">c\u00fapula da Associa\u00e7\u00e3o de Na\u00e7\u00f5es do Sudeste Asi\u00e1tico (Asean)<\/a>. Mas os amigos aproveitaram para enviar suas mensagens atrav\u00e9s desta reportagem.<\/p>\n<p>\u201cPresidente Lula, o que eu te desejo \u00e9 sua reelei\u00e7\u00e3o, porque a sua reelei\u00e7\u00e3o \u00e9 reelei\u00e7\u00e3o do povo brasileiro. Parab\u00e9ns, Lula. Voc\u00ea merece viver, viver, viver, viver, viver. Que Deus te aben\u00e7oe grandemente. Que em todo tempo voc\u00ea tenha o socorro de Deus, em todo tempo voc\u00ea possa servir as pessoas que mais precisam e que n\u00f3s possamos tamb\u00e9m centenas e centenas de vezes comemorar o seu anivers\u00e1rio. Parab\u00e9ns, presidente Lula, feliz anivers\u00e1rio\u201d, declarou a deputada Benedita da Silva.<\/p>\n<p>\u201cLula, voc\u00ea representa muito para o povo brasileiro. Voc\u00ea \u00e9 a materializa\u00e7\u00e3o da esperan\u00e7a, do sonho. Receba o meu abra\u00e7o militante\u201d, disse Jos\u00e9 Genoino.<\/p>\n<p>\u201cN\u00e3o \u00e9 para todo mundo, ainda mais com essa vitalidade sua, correndo a 8 km\/h, cheio de energia, parecendo um cabrito, pulando de pa\u00eds em pa\u00eds, s\u00f3 no sucesso\u201d, brincou Wagner.<\/p>\n<p>\u201cMas parab\u00e9ns, Deus lhe aben\u00e7oe, lhe d\u00ea muita luz para continuar dirigindo o nosso pa\u00eds como se dirige, em favor das pessoas que mais precisam, em favor da soberania nacional, do crescimento da nossa economia\u201d, declarou.<\/p>\n<p>\u201cCaro presidente, quero desejar feliz anivers\u00e1rio para voc\u00ea e, \u00f3bvio, que voc\u00ea tenha uma boa sa\u00fade e continua com essa sua intelig\u00eancia guiando nosso pa\u00eds, orientando as nossas organiza\u00e7\u00f5es, os nossos partidos e cuidando do nosso povo. Que o senhor possa ter um tempinho para poder fazer as suas pescarias, que \u00e9 t\u00e3o importante para a sa\u00fade mental, mas n\u00e3o saia do meio do povo. Vida longa. Presidente Lula, estamos juntos\u201d, disse Jo\u00e3o Paulo Rodrigues.<\/p>\n<p>Em homenagem ao anivers\u00e1rio de 80 anos, a escola de samba <a href=\"https:\/\/www.brasildefato.com.br\/2025\/10\/22\/academicos-de-niteroi-divulga-o-samba-que-levara-a-sapucai-em-homenagem-a-lula\/\" target=\"_blank\" rel=\"noopener noreferrer\">Acad\u00eamicos de Niter\u00f3i<\/a>, estreante no Grupo Especial do carnaval carioca, vai desfilar pela Marqu\u00eas de Sapuca\u00ed com um enredo sobre sua hist\u00f3ria de vida, de Garanhuns ao Pal\u00e1cio do Planalto. \u201cTem filho de pobre virando doutor \/ comida na mesa do trabalhador \/ a fome tem pressa\u201d, diz a letra do samba enredo.<\/p>\n<div class=\"jeg_meta_post_footer\">\n<div class=\"jeg_meta_editors\">Editado por: Geisa Marques<\/div>\n<\/div>\n","protected":false},"excerpt":{"rendered":"<p>27 de outubro \u00e9 anivers\u00e1rio do \u00fanico brasileiro eleito tr\u00eas vezes pelo voto popular ao cargo mais alto da Rep\u00fablica<\/p>\n","protected":false},"author":1,"featured_media":0,"comment_status":"closed","ping_status":"open","sticky":false,"template":"","format":"standard","meta":{"_exactmetrics_skip_tracking":false,"_exactmetrics_sitenote_active":false,"_exactmetrics_sitenote_note":"","_exactmetrics_sitenote_category":0,"jetpack_post_was_ever_published":false,"_jetpack_newsletter_access":"","_jetpack_dont_email_post_to_subs":false,"_jetpack_newsletter_tier_id":0,"_jetpack_memberships_contains_paywalled_content":false,"_jetpack_memberships_contains_paid_content":false,"footnotes":"","jetpack_publicize_message":"","jetpack_publicize_feature_enabled":true,"jetpack_social_post_already_shared":true,"jetpack_social_options":{"image_generator_settings":{"template":"highway","enabled":false},"version":2}},"categories":[1],"tags":[1552,78,932],"class_list":["post-37783","post","type-post","status-publish","format-standard","hentry","category-notas","tag-80-anos","tag-lula","tag-presidente"],"jetpack_publicize_connections":[],"jetpack_sharing_enabled":true,"jetpack_featured_media_url":"","jetpack_shortlink":"https:\/\/wp.me\/p7wKYW-9Pp","jetpack-related-posts":[],"_links":{"self":[{"href":"http:\/\/blogdalucianaoliveira.com.br\/blog\/wp-json\/wp\/v2\/posts\/37783","targetHints":{"allow":["GET"]}}],"collection":[{"href":"http:\/\/blogdalucianaoliveira.com.br\/blog\/wp-json\/wp\/v2\/posts"}],"about":[{"href":"http:\/\/blogdalucianaoliveira.com.br\/blog\/wp-json\/wp\/v2\/types\/post"}],"author":[{"embeddable":true,"href":"http:\/\/blogdalucianaoliveira.com.br\/blog\/wp-json\/wp\/v2\/users\/1"}],"replies":[{"embeddable":true,"href":"http:\/\/blogdalucianaoliveira.com.br\/blog\/wp-json\/wp\/v2\/comments?post=37783"}],"version-history":[{"count":1,"href":"http:\/\/blogdalucianaoliveira.com.br\/blog\/wp-json\/wp\/v2\/posts\/37783\/revisions"}],"predecessor-version":[{"id":37785,"href":"http:\/\/blogdalucianaoliveira.com.br\/blog\/wp-json\/wp\/v2\/posts\/37783\/revisions\/37785"}],"wp:attachment":[{"href":"http:\/\/blogdalucianaoliveira.com.br\/blog\/wp-json\/wp\/v2\/media?parent=37783"}],"wp:term":[{"taxonomy":"category","embeddable":true,"href":"http:\/\/blogdalucianaoliveira.com.br\/blog\/wp-json\/wp\/v2\/categories?post=37783"},{"taxonomy":"post_tag","embeddable":true,"href":"http:\/\/blogdalucianaoliveira.com.br\/blog\/wp-json\/wp\/v2\/tags?post=37783"}],"curies":[{"name":"wp","href":"https:\/\/api.w.org\/{rel}","templated":true}]}}