{"id":37786,"date":"2025-10-27T13:59:06","date_gmt":"2025-10-27T17:59:06","guid":{"rendered":"https:\/\/blogdalucianaoliveira.com.br\/blog\/?p=37786"},"modified":"2025-10-27T13:59:06","modified_gmt":"2025-10-27T17:59:06","slug":"reforco-ao-carnaval-das-escolas-de-samba-em-porto-velho-e-defendido-por-claudia-de-jesus","status":"publish","type":"post","link":"http:\/\/blogdalucianaoliveira.com.br\/blog\/2025\/10\/27\/reforco-ao-carnaval-das-escolas-de-samba-em-porto-velho-e-defendido-por-claudia-de-jesus\/","title":{"rendered":"Refor\u00e7o ao Carnaval das Escolas de Samba em Porto Velho \u00e9 defendido por Cl\u00e1udia de Jesus"},"content":{"rendered":"<p><img data-recalc-dims=\"1\" loading=\"lazy\" decoding=\"async\" data-attachment-id=\"37787\" data-permalink=\"http:\/\/blogdalucianaoliveira.com.br\/blog\/2025\/10\/27\/reforco-ao-carnaval-das-escolas-de-samba-em-porto-velho-e-defendido-por-claudia-de-jesus\/img_9206\/\" data-orig-file=\"https:\/\/i0.wp.com\/blogdalucianaoliveira.com.br\/blog\/wp-content\/uploads\/2025\/10\/IMG_9206.jpeg?fit=1600%2C900\" data-orig-size=\"1600,900\" data-comments-opened=\"0\" data-image-meta=\"{&quot;aperture&quot;:&quot;0&quot;,&quot;credit&quot;:&quot;&quot;,&quot;camera&quot;:&quot;&quot;,&quot;caption&quot;:&quot;&quot;,&quot;created_timestamp&quot;:&quot;0&quot;,&quot;copyright&quot;:&quot;&quot;,&quot;focal_length&quot;:&quot;0&quot;,&quot;iso&quot;:&quot;0&quot;,&quot;shutter_speed&quot;:&quot;0&quot;,&quot;title&quot;:&quot;&quot;,&quot;orientation&quot;:&quot;0&quot;}\" data-image-title=\"IMG_9206\" data-image-description=\"\" data-image-caption=\"\" data-medium-file=\"https:\/\/i0.wp.com\/blogdalucianaoliveira.com.br\/blog\/wp-content\/uploads\/2025\/10\/IMG_9206.jpeg?fit=300%2C169\" data-large-file=\"https:\/\/i0.wp.com\/blogdalucianaoliveira.com.br\/blog\/wp-content\/uploads\/2025\/10\/IMG_9206.jpeg?fit=600%2C338\" class=\"alignnone size-medium wp-image-37787\" src=\"https:\/\/i0.wp.com\/blogdalucianaoliveira.com.br\/blog\/wp-content\/uploads\/2025\/10\/IMG_9206.jpeg?resize=300%2C169\" alt=\"\" width=\"300\" height=\"169\" srcset=\"https:\/\/i0.wp.com\/blogdalucianaoliveira.com.br\/blog\/wp-content\/uploads\/2025\/10\/IMG_9206.jpeg?resize=300%2C169 300w, https:\/\/i0.wp.com\/blogdalucianaoliveira.com.br\/blog\/wp-content\/uploads\/2025\/10\/IMG_9206.jpeg?resize=1024%2C576 1024w, https:\/\/i0.wp.com\/blogdalucianaoliveira.com.br\/blog\/wp-content\/uploads\/2025\/10\/IMG_9206.jpeg?resize=768%2C432 768w, https:\/\/i0.wp.com\/blogdalucianaoliveira.com.br\/blog\/wp-content\/uploads\/2025\/10\/IMG_9206.jpeg?resize=1536%2C864 1536w, https:\/\/i0.wp.com\/blogdalucianaoliveira.com.br\/blog\/wp-content\/uploads\/2025\/10\/IMG_9206.jpeg?resize=533%2C300 533w, https:\/\/i0.wp.com\/blogdalucianaoliveira.com.br\/blog\/wp-content\/uploads\/2025\/10\/IMG_9206.jpeg?w=1600 1600w, https:\/\/i0.wp.com\/blogdalucianaoliveira.com.br\/blog\/wp-content\/uploads\/2025\/10\/IMG_9206.jpeg?w=1200 1200w\" sizes=\"auto, (max-width: 300px) 100vw, 300px\" \/><\/p>\n<p><strong>Deputada pede cria\u00e7\u00e3o de pol\u00edticas permanentes para o setor cultural<\/strong><!--more--><\/p>\n<p>A deputada estadual Cl\u00e1udia de Jesus (PT) apresentou requerimento \u00e0 Secretaria de Estado da Juventude, Cultura, Esporte e Lazer (Sejucel) pedindo a an\u00e1lise e o atendimento das reivindica\u00e7\u00f5es da Liga das Escolas de Samba do Estado de Rond\u00f4nia (Lieser), voltadas \u00e0 retomada e fortalecimento do Carnaval de Porto Velho a partir de 2026. O pedido inclui medidas de fomento, capacita\u00e7\u00e3o e reconhecimento das escolas como agentes culturais de relev\u00e2ncia p\u00fablica.<\/p>\n<p>Segundo a deputada, o Carnaval de Porto Velho \u00e9 um patrim\u00f4nio art\u00edstico e social com mais de sete d\u00e9cadas de hist\u00f3ria, que gera renda, movimenta a economia criativa e valoriza a cultura popular. \u201cO Carnaval das Escolas de Samba faz parte da identidade do nosso povo. Ele representa inclus\u00e3o, arte e oportunidade para centenas de fam\u00edlias que vivem da cultura. Precisamos garantir pol\u00edticas p\u00fablicas permanentes para que essa tradi\u00e7\u00e3o volte a brilhar nas ruas de Porto Velho\u201d, afirmou Cl\u00e1udia.<\/p>\n<p>A Lieser, por meio de carta encaminhada \u00e0 Assembleia Legislativa, destacou que o setor enfrenta anos de abandono e desorganiza\u00e7\u00e3o, pedindo a cria\u00e7\u00e3o de linhas de fomento anual, capacita\u00e7\u00e3o das agremia\u00e7\u00f5es e parcerias institucionais.<\/p>\n<p>Texto e foto: Assessoria Parlamentar<\/p>\n","protected":false},"excerpt":{"rendered":"<p>Deputada pede cria\u00e7\u00e3o de pol\u00edticas permanentes para o setor cultural<\/p>\n","protected":false},"author":1,"featured_media":0,"comment_status":"closed","ping_status":"open","sticky":false,"template":"","format":"standard","meta":{"_exactmetrics_skip_tracking":false,"_exactmetrics_sitenote_active":false,"_exactmetrics_sitenote_note":"","_exactmetrics_sitenote_category":0,"jetpack_post_was_ever_published":false,"_jetpack_newsletter_access":"","_jetpack_dont_email_post_to_subs":false,"_jetpack_newsletter_tier_id":0,"_jetpack_memberships_contains_paywalled_content":false,"_jetpack_memberships_contains_paid_content":false,"footnotes":"","jetpack_publicize_message":"","jetpack_publicize_feature_enabled":true,"jetpack_social_post_already_shared":true,"jetpack_social_options":{"image_generator_settings":{"template":"highway","enabled":false},"version":2}},"categories":[1],"tags":[],"class_list":["post-37786","post","type-post","status-publish","format-standard","hentry","category-notas"],"jetpack_publicize_connections":[],"jetpack_sharing_enabled":true,"jetpack_featured_media_url":"","jetpack_shortlink":"https:\/\/wp.me\/p7wKYW-9Ps","jetpack-related-posts":[],"_links":{"self":[{"href":"http:\/\/blogdalucianaoliveira.com.br\/blog\/wp-json\/wp\/v2\/posts\/37786","targetHints":{"allow":["GET"]}}],"collection":[{"href":"http:\/\/blogdalucianaoliveira.com.br\/blog\/wp-json\/wp\/v2\/posts"}],"about":[{"href":"http:\/\/blogdalucianaoliveira.com.br\/blog\/wp-json\/wp\/v2\/types\/post"}],"author":[{"embeddable":true,"href":"http:\/\/blogdalucianaoliveira.com.br\/blog\/wp-json\/wp\/v2\/users\/1"}],"replies":[{"embeddable":true,"href":"http:\/\/blogdalucianaoliveira.com.br\/blog\/wp-json\/wp\/v2\/comments?post=37786"}],"version-history":[{"count":1,"href":"http:\/\/blogdalucianaoliveira.com.br\/blog\/wp-json\/wp\/v2\/posts\/37786\/revisions"}],"predecessor-version":[{"id":37788,"href":"http:\/\/blogdalucianaoliveira.com.br\/blog\/wp-json\/wp\/v2\/posts\/37786\/revisions\/37788"}],"wp:attachment":[{"href":"http:\/\/blogdalucianaoliveira.com.br\/blog\/wp-json\/wp\/v2\/media?parent=37786"}],"wp:term":[{"taxonomy":"category","embeddable":true,"href":"http:\/\/blogdalucianaoliveira.com.br\/blog\/wp-json\/wp\/v2\/categories?post=37786"},{"taxonomy":"post_tag","embeddable":true,"href":"http:\/\/blogdalucianaoliveira.com.br\/blog\/wp-json\/wp\/v2\/tags?post=37786"}],"curies":[{"name":"wp","href":"https:\/\/api.w.org\/{rel}","templated":true}]}}