{"id":37789,"date":"2025-10-28T06:06:58","date_gmt":"2025-10-28T10:06:58","guid":{"rendered":"https:\/\/blogdalucianaoliveira.com.br\/blog\/?p=37789"},"modified":"2025-10-28T06:06:58","modified_gmt":"2025-10-28T10:06:58","slug":"debate-na-unir-discute-a-solidariedade-ao-povo-palestino","status":"publish","type":"post","link":"http:\/\/blogdalucianaoliveira.com.br\/blog\/2025\/10\/28\/debate-na-unir-discute-a-solidariedade-ao-povo-palestino\/","title":{"rendered":"DEBATE NA UNIR DISCUTE A SOLIDARIEDADE AO POVO PALESTINO"},"content":{"rendered":"<p><img data-recalc-dims=\"1\" loading=\"lazy\" decoding=\"async\" data-attachment-id=\"37790\" data-permalink=\"http:\/\/blogdalucianaoliveira.com.br\/blog\/2025\/10\/28\/debate-na-unir-discute-a-solidariedade-ao-povo-palestino\/img_9220\/\" data-orig-file=\"https:\/\/i0.wp.com\/blogdalucianaoliveira.com.br\/blog\/wp-content\/uploads\/2025\/10\/IMG_9220.jpeg?fit=992%2C1403\" data-orig-size=\"992,1403\" data-comments-opened=\"0\" data-image-meta=\"{&quot;aperture&quot;:&quot;0&quot;,&quot;credit&quot;:&quot;&quot;,&quot;camera&quot;:&quot;&quot;,&quot;caption&quot;:&quot;&quot;,&quot;created_timestamp&quot;:&quot;0&quot;,&quot;copyright&quot;:&quot;&quot;,&quot;focal_length&quot;:&quot;0&quot;,&quot;iso&quot;:&quot;0&quot;,&quot;shutter_speed&quot;:&quot;0&quot;,&quot;title&quot;:&quot;&quot;,&quot;orientation&quot;:&quot;0&quot;}\" data-image-title=\"IMG_9220\" data-image-description=\"\" data-image-caption=\"\" data-medium-file=\"https:\/\/i0.wp.com\/blogdalucianaoliveira.com.br\/blog\/wp-content\/uploads\/2025\/10\/IMG_9220.jpeg?fit=212%2C300\" data-large-file=\"https:\/\/i0.wp.com\/blogdalucianaoliveira.com.br\/blog\/wp-content\/uploads\/2025\/10\/IMG_9220.jpeg?fit=600%2C849\" class=\"alignnone size-medium wp-image-37790\" src=\"https:\/\/i0.wp.com\/blogdalucianaoliveira.com.br\/blog\/wp-content\/uploads\/2025\/10\/IMG_9220.jpeg?resize=212%2C300\" alt=\"\" width=\"212\" height=\"300\" srcset=\"https:\/\/i0.wp.com\/blogdalucianaoliveira.com.br\/blog\/wp-content\/uploads\/2025\/10\/IMG_9220.jpeg?resize=212%2C300 212w, https:\/\/i0.wp.com\/blogdalucianaoliveira.com.br\/blog\/wp-content\/uploads\/2025\/10\/IMG_9220.jpeg?resize=724%2C1024 724w, https:\/\/i0.wp.com\/blogdalucianaoliveira.com.br\/blog\/wp-content\/uploads\/2025\/10\/IMG_9220.jpeg?resize=768%2C1086 768w, https:\/\/i0.wp.com\/blogdalucianaoliveira.com.br\/blog\/wp-content\/uploads\/2025\/10\/IMG_9220.jpeg?w=992 992w\" sizes=\"auto, (max-width: 212px) 100vw, 212px\" \/><\/p>\n<p><b><br \/>\nATIVIDADE TER\u00c1 COMO EXPOSITORA A ADVOGADA ARIADNE TELLES, ATIVISTA DA GLOBAL SUMUD FLOTILLA, SEQUESTRADA E ENCARCERADA PELO GOVERNO ISRAELENSE<\/b><!--more--><\/p>\n<p>\u201cUma coaliz\u00e3o de pessoas comuns \u2014 organizadores, humanit\u00e1rios, m\u00e9dicos, artistas, cl\u00e9rigos, advogados e mar\u00edtimos \u2014 que acreditam na dignidade humana e no poder da a\u00e7\u00e3o coletiva\u201d. Assim se apresenta a GLOBAL SUMUD FLOTILLA, que \u00e9 uma coaliz\u00e3o global pela Palestina que lan\u00e7ou 42 barcos, formando a maior flotilha civil j\u00e1 organizada para romper o cerco ilegal de Israel a Gaza e mobilizar milh\u00f5es em todo o mundo para defender a humanidade e a liberta\u00e7\u00e3o.<\/p>\n<p>Nesta iniciativa, 15 brasileiros participaram da Flotilha sentido Faixa de Gaza para distribuir ajuda humanit\u00e1ria e foram impedidos, quando sequestrados pelo governo israelense em \u00e1guas internacionais, presos ilegalmente e colocados em uma pris\u00e3o isolada no deserto. A Flotilha buscava romper o bloqueio israelense usando embarca\u00e7\u00f5es que partiram de portos do outro lado do Mar Mediterr\u00e2neo e, al\u00e9m de centenas de ativistas, estava a ativista clim\u00e1tica Greta Thunberg. Entre os presos, estava a advogada rondoniense Ariadne Telles. Embora oficialmente tenha-se estabelecido um cessar-fogo, o ocupante israelense na faixa de Gaza se nega a abrir as passagens e permitir a entrada de ajuda humanit\u00e1ria b\u00e1sica. A destrui\u00e7\u00e3o e falta de moradia, alimento e \u00e1gua assolam a popula\u00e7\u00e3o palestina. Desde 7 de outubro de 2023, foram registrados 68.527 mortos e 170.395 feridos palestinos. Desde o cessar-fogo (11 de outubro de 2025), os ataques israelenses vitimaram mais de 400 palestinos entre mortos e feridos.<\/p>\n<p>&#8220;Escombros e detritos ultrapassam 61 milh\u00f5es de toneladas, incluindo 4,9 milh\u00f5es de quilogramas contaminados com materiais t\u00f3xicos, segundo o Centro de Sat\u00e9lites da ONU. Mais de 90% das redes de \u00e1gua em algumas \u00e1reas foram destru\u00eddas, deixando 70%\u201375% da \u00e1gua insegura. O amianto em pr\u00e9dios antigos e redes de \u00e1gua aumenta os riscos de c\u00e2ncer, especialmente c\u00e2ncer de pulm\u00e3o.<\/p>\n<p>As for\u00e7as israelenses detiveram milhares de palestinos desde o in\u00edcio do genoc\u00eddio em Gaza, em outubro de 2023, muitos dos quais foram mantidos e interrogados em Sde Teiman. Tortura, estupro e assassinatos s\u00e3o comuns nas instala\u00e7\u00f5es, segundo investiga\u00e7\u00f5es de ve\u00edculos e organiza\u00e7\u00f5es de direitos humanos \u2014 entre eles Middle East Eye, CNN e The New York Times \u2014 que encontraram amplas evid\u00eancias de abusos. O exame forense dos 195 corpos palestinos recentemente devolvidos confirmou relatos consistentes com esses testemunhos.<\/p>\n<p>Viola\u00e7\u00f5es de Direitos e a\u00e7\u00f5es de solidariedade internacional estar\u00e3o no centro do debate promovido pela Roda de Conversa com a Global Sumud Flotilha que &#8220;ocorrer\u00e1 na pr\u00f3xima quinta-feira, 30 de outubro de 2025, \u00e0s 19h no Audit\u00f3rio da UNIR -Centro, em Porto Velho.<br \/>\nAriadne Telles, advogada popular, que navegava no barco Adara da Global Sumud Flotilha, \u00e9 bacharel em direito egressa da Universidade Federal de Rond\u00f4nia e integrante do Movimento Bem Viver. O evento \u00e9 organizado pelo Comit\u00ea de Apoio \u00e0 Resist\u00eancia Palestina \u2013 Rond\u00f4nia e pelo Grupo de Estudos e Pesquisas Hist\u00f3ria, Sociedade e Educa\u00e7\u00e3o no Brasil \u2013 HISTEDBR, da Universidade Federal de Rond\u00f4nia.<\/p>\n<p>Grupo de Pesquisa, Hist\u00f3ria, Sociedade e Educa\u00e7\u00e3o no Brasil &#8211; HISTEDBR\/UNIR<\/p>\n","protected":false},"excerpt":{"rendered":"<p>ATIVIDADE TER\u00c1 COMO EXPOSITORA A ADVOGADA ARIADNE TELLES, ATIVISTA DA GLOBAL SUMUD FLOTILLA, SEQUESTRADA E ENCARCERADA PELO GOVERNO ISRAELENSE<\/p>\n","protected":false},"author":1,"featured_media":0,"comment_status":"closed","ping_status":"open","sticky":false,"template":"","format":"standard","meta":{"_exactmetrics_skip_tracking":false,"_exactmetrics_sitenote_active":false,"_exactmetrics_sitenote_note":"","_exactmetrics_sitenote_category":0,"jetpack_post_was_ever_published":false,"_jetpack_newsletter_access":"","_jetpack_dont_email_post_to_subs":false,"_jetpack_newsletter_tier_id":0,"_jetpack_memberships_contains_paywalled_content":false,"_jetpack_memberships_contains_paid_content":false,"footnotes":"","jetpack_publicize_message":"","jetpack_publicize_feature_enabled":true,"jetpack_social_post_already_shared":true,"jetpack_social_options":{"image_generator_settings":{"template":"highway","enabled":false},"version":2}},"categories":[1],"tags":[351,219,244],"class_list":["post-37789","post","type-post","status-publish","format-standard","hentry","category-notas","tag-debate","tag-palestina","tag-unir"],"jetpack_publicize_connections":[],"jetpack_sharing_enabled":true,"jetpack_featured_media_url":"","jetpack_shortlink":"https:\/\/wp.me\/p7wKYW-9Pv","jetpack-related-posts":[],"_links":{"self":[{"href":"http:\/\/blogdalucianaoliveira.com.br\/blog\/wp-json\/wp\/v2\/posts\/37789","targetHints":{"allow":["GET"]}}],"collection":[{"href":"http:\/\/blogdalucianaoliveira.com.br\/blog\/wp-json\/wp\/v2\/posts"}],"about":[{"href":"http:\/\/blogdalucianaoliveira.com.br\/blog\/wp-json\/wp\/v2\/types\/post"}],"author":[{"embeddable":true,"href":"http:\/\/blogdalucianaoliveira.com.br\/blog\/wp-json\/wp\/v2\/users\/1"}],"replies":[{"embeddable":true,"href":"http:\/\/blogdalucianaoliveira.com.br\/blog\/wp-json\/wp\/v2\/comments?post=37789"}],"version-history":[{"count":1,"href":"http:\/\/blogdalucianaoliveira.com.br\/blog\/wp-json\/wp\/v2\/posts\/37789\/revisions"}],"predecessor-version":[{"id":37791,"href":"http:\/\/blogdalucianaoliveira.com.br\/blog\/wp-json\/wp\/v2\/posts\/37789\/revisions\/37791"}],"wp:attachment":[{"href":"http:\/\/blogdalucianaoliveira.com.br\/blog\/wp-json\/wp\/v2\/media?parent=37789"}],"wp:term":[{"taxonomy":"category","embeddable":true,"href":"http:\/\/blogdalucianaoliveira.com.br\/blog\/wp-json\/wp\/v2\/categories?post=37789"},{"taxonomy":"post_tag","embeddable":true,"href":"http:\/\/blogdalucianaoliveira.com.br\/blog\/wp-json\/wp\/v2\/tags?post=37789"}],"curies":[{"name":"wp","href":"https:\/\/api.w.org\/{rel}","templated":true}]}}