{"id":37792,"date":"2025-10-28T10:45:16","date_gmt":"2025-10-28T14:45:16","guid":{"rendered":"https:\/\/blogdalucianaoliveira.com.br\/blog\/?p=37792"},"modified":"2025-10-28T10:45:16","modified_gmt":"2025-10-28T14:45:16","slug":"por-dentro-da-blue-zone-da-cop-30-o-espaco-controlado-pela-onu-em-belem","status":"publish","type":"post","link":"http:\/\/blogdalucianaoliveira.com.br\/blog\/2025\/10\/28\/por-dentro-da-blue-zone-da-cop-30-o-espaco-controlado-pela-onu-em-belem\/","title":{"rendered":"Por dentro da Blue Zone da COP 30: o espa\u00e7o controlado pela ONU em Bel\u00e9m"},"content":{"rendered":"<h2><img data-recalc-dims=\"1\" loading=\"lazy\" decoding=\"async\" data-attachment-id=\"37793\" data-permalink=\"http:\/\/blogdalucianaoliveira.com.br\/blog\/2025\/10\/28\/por-dentro-da-blue-zone-da-cop-30-o-espaco-controlado-pela-onu-em-belem\/img_9225\/\" data-orig-file=\"https:\/\/i0.wp.com\/blogdalucianaoliveira.com.br\/blog\/wp-content\/uploads\/2025\/10\/IMG_9225.jpeg?fit=600%2C276\" data-orig-size=\"600,276\" data-comments-opened=\"0\" data-image-meta=\"{&quot;aperture&quot;:&quot;0&quot;,&quot;credit&quot;:&quot;&quot;,&quot;camera&quot;:&quot;&quot;,&quot;caption&quot;:&quot;&quot;,&quot;created_timestamp&quot;:&quot;0&quot;,&quot;copyright&quot;:&quot;&quot;,&quot;focal_length&quot;:&quot;0&quot;,&quot;iso&quot;:&quot;0&quot;,&quot;shutter_speed&quot;:&quot;0&quot;,&quot;title&quot;:&quot;&quot;,&quot;orientation&quot;:&quot;0&quot;}\" data-image-title=\"IMG_9225\" data-image-description=\"\" data-image-caption=\"\" data-medium-file=\"https:\/\/i0.wp.com\/blogdalucianaoliveira.com.br\/blog\/wp-content\/uploads\/2025\/10\/IMG_9225.jpeg?fit=300%2C138\" data-large-file=\"https:\/\/i0.wp.com\/blogdalucianaoliveira.com.br\/blog\/wp-content\/uploads\/2025\/10\/IMG_9225.jpeg?fit=600%2C276\" class=\"alignnone size-medium wp-image-37793\" src=\"https:\/\/i0.wp.com\/blogdalucianaoliveira.com.br\/blog\/wp-content\/uploads\/2025\/10\/IMG_9225.jpeg?resize=300%2C138\" alt=\"\" width=\"300\" height=\"138\" srcset=\"https:\/\/i0.wp.com\/blogdalucianaoliveira.com.br\/blog\/wp-content\/uploads\/2025\/10\/IMG_9225.jpeg?resize=300%2C138 300w, https:\/\/i0.wp.com\/blogdalucianaoliveira.com.br\/blog\/wp-content\/uploads\/2025\/10\/IMG_9225.jpeg?w=600 600w\" sizes=\"auto, (max-width: 300px) 100vw, 300px\" \/><\/h2>\n<h2 class=\"globo-amp-article-subtitle content-head__subtitle\">\nEstrutura tempor\u00e1ria de 125 mil metros quadrados abrigar\u00e1 as discuss\u00f5es centrais do maior evento clim\u00e1tico do planeta.<\/h2>\n<p><!--more--><\/p>\n<div class=\"globo-amp-share\">\n<div class=\"content__signa-share mc-column\">\n<div class=\"content__signature\">\n<div class=\"content-publication-data\">\n<div class=\"content-publication-data__text\">\n<p class=\"content-publication-data__from\" title=\"Taym\u00e3 Carneiro\">Por <a class=\"multi_signatures\" href=\"https:\/\/g1.globo.com\/autores\/tayma-carneiro\/\">Taym\u00e3 Carneiro<\/a>, g1 Par\u00e1 &#8211; A 14 dias da Confer\u00eancia do Clima das Na\u00e7\u00f5es Unidas (COP 30), <a class=\"\" href=\"https:\/\/g1.globo.com\/pa\/para\/cidade\/belem\/\">Bel\u00e9m<\/a> est\u00e1 nos toques finais de um dos espa\u00e7os mais estrat\u00e9gicos do evento: a <strong>Blue Zone<\/strong>, \u00e1rea que ser\u00e1 administrada pela ONU e \u00e9 onde ser\u00e3o realizadas as negocia\u00e7\u00f5es diplom\u00e1ticas entre chefes de Estado, ministros e delega\u00e7\u00f5es estrangeiras.<\/p>\n<\/div>\n<\/div>\n<\/div>\n<\/div>\n<\/div>\n<div id=\"chunk-6p4o6\">\n<p>Instalado no Parque da Cidade, em Bel\u00e9m, o projeto custou <strong><span class=\"highlight\">R$ 423.514.812,71<\/span><\/strong> e inclui um corredor de quase 1 km entre as estruturas tempor\u00e1rias que est\u00e3o sendo montadas por um grupo vencedor da licita\u00e7\u00e3o conduzida pelo governo federal. O status da constru\u00e7\u00e3o ainda n\u00e3o foi informado.<\/p>\n<\/div>\n<div id=\"chunk-fehnf\">\n<p>O espa\u00e7o todo possui 250 mil metros quadrados, sendo 125 mil destinados \u00e0 montagem, e ganha forma com 64 estruturas modulares que receber\u00e3o climatiza\u00e7\u00e3o, paredes ac\u00fasticas e <a class=\"\" href=\"https:\/\/g1.globo.com\/pa\/para\/noticia\/2025\/09\/22\/costureiras-do-para-assinam-teto-da-blue-zone-palco-principal-da-cop-30-para-as-discussoes-climaticas.ghtml\">forros de lycra produzidos de forma artesanal por costureiras<\/a> de Bel\u00e9m.<\/p>\n<div id=\"chunk-17tmo\">\n<div class=\"content-intertitle\">\n<h2>Empregos<\/h2>\n<\/div>\n<p>&nbsp;<\/p>\n<\/div>\n<div id=\"chunk-v4nr\">\n<p>A Blue Zone movimenta a economia da capital paraense, segundo o CEO do projeto, Marcos Gamboa, do Grupo DMDL. Ele disse que s\u00e3o mais de 300 postos de trabalho diretos criados, e a expectativa \u00e9 chegar a 2 mil empregos diretos e indiretos at\u00e9 a conclus\u00e3o das obras.<\/p>\n<\/div>\n<div id=\"chunk-av5av\">\n<p>&nbsp;<\/p>\n<blockquote class=\"content-blockquote theme-border-color-primary-before\"><p>\u201cS\u00e3o mais de 125 mil metros de tenda, equipadas com piso elevado, climatiza\u00e7\u00e3o e mobili\u00e1rio. A montagem envolve hoje cerca de 380 profissionais, a maioria de Bel\u00e9m, e deve chegar a 2,5 mil pessoas durante o pico dos trabalhos\u201d, afirma Gamboa.<\/p><\/blockquote>\n<p>&nbsp;<\/p>\n<\/div>\n<div id=\"chunk-3lt85\">\n<p>Nos galp\u00f5es do projeto, costureiras transformam faixas de elastano em grandes revestimentos que v\u00e3o compor o teto da estrutura diplom\u00e1tica. As cortinas e forros, explica o executivo, ser\u00e3o reaproveitados em outros eventos ap\u00f3s a confer\u00eancia, numa estrat\u00e9gia alinhada aos Objetivos de Desenvolvimento Sustent\u00e1vel (ODS) da ONU.<\/p>\n<div id=\"chunk-1h7bf\">\n<div class=\"content-intertitle\">\n<h2>Log\u00edstica e sustentabilidade<\/h2>\n<\/div>\n<p>&nbsp;<\/p>\n<\/div>\n<div id=\"chunk-esr4c\">\n<p>O transporte dos materiais exigiu uma opera\u00e7\u00e3o nacional. \u201cTivemos cerca de 120 carretas trazendo material por terra e parte chegando por cont\u00eaineres via porto, para reduzir custos&#8221;, conta o CEO.<\/p>\n<\/div>\n<div id=\"chunk-8ca27\">\n<p>Iniciada em 7 de julho, a montagem avan\u00e7a conforme o cronograma e deve ser entregue at\u00e9 o fim de outubro, liberando o espa\u00e7o para que a ONU assuma a instala\u00e7\u00e3o e os protocolos de seguran\u00e7a antes do in\u00edcio da COP30, marcada para 10 a 21 de novembro.<\/p>\n<\/div>\n<div id=\"chunk-659ob\">\n<p>Mesmo com o regime intenso de chuvas na capital paraense, Gamboa afirma que a drenagem e o asfalto aplicados no terreno evitaram alagamentos. \u201cO governo fez obras de escoamento que deram resultado. Apesar das chuvas di\u00e1rias, n\u00e3o tivemos nenhum problema.\u201d<\/p>\n<\/div>\n<div id=\"chunk-e6oed\">\n<p>&nbsp;<\/p>\n<div class=\"content-intertitle\">\n<h2>Uso e desmontagem<\/h2>\n<\/div>\n<p>&nbsp;<\/p>\n<\/div>\n<div id=\"chunk-ftofo\">\n<p>Durante o evento, a Blue Zone abrigar\u00e1 reuni\u00f5es oficiais, plen\u00e1rias e negocia\u00e7\u00f5es entre governos, com 50 mil participantes esperados segundo estimativas da Organiza\u00e7\u00e3o das Na\u00e7\u00f5es Unidas (UNFCCC). Ap\u00f3s o encerramento, todo o material tempor\u00e1rio ser\u00e1 retirado ou reaproveitado, segundo a empresa.<\/p>\n<\/div>\n<div id=\"chunk-doqvg\">\n<p>&nbsp;<\/p>\n<blockquote class=\"content-blockquote theme-border-color-primary-before\"><p>\u201cParte das estruturas, como paredes de madeira e pisos, ter\u00e1 o descarte realizado por cooperativas locais; j\u00e1 as tendas e lycras ser\u00e3o reutilizadas\u201d, explica Gamboa.<\/p><\/blockquote>\n<p>&nbsp;<\/p>\n<\/div>\n<div id=\"chunk-4256e\">\n<p>O Parque da Cidade, que continua a abrigar a chamada Green Zone, \u00e1rea aberta ao p\u00fablico com atividades culturais e debates, segue parcialmente interditado para a conclus\u00e3o da montagem diplom\u00e1tica.<\/p>\n<div id=\"chunk-frjdc\">\n<blockquote class=\"content-blockquote theme-border-color-primary-before\"><p>\u201cA COP em qualquer parte do mundo \u00e9 um grande desafio, e n\u00e3o \u00e9 diferente aqui. Em nada devemos para outras cidades. Estamos mostrando que \u00e9 poss\u00edvel entregar um projeto dessa dimens\u00e3o na Amaz\u00f4nia, com m\u00e3o de obra local e solu\u00e7\u00f5es sustent\u00e1veis&#8221;.<\/p><\/blockquote>\n<p>&nbsp;<\/p>\n<\/div>\n<div id=\"chunk-4ll17\">\n<p>&nbsp;<\/p>\n<div class=\"content-intertitle\">\n<h2>O que \u00e9 Blue Zone?<\/h2>\n<\/div>\n<p>&nbsp;<\/p>\n<\/div>\n<div id=\"chunk-30lc8\">\n<p>A Confer\u00eancia das Partes (COP) tem duas \u00e1reas principais: a Blue Zone e a Green Zone.<\/p>\n<\/div>\n<div id=\"chunk-belij\">\n<p>A Blue Zone \u00e9 o espa\u00e7o oficial das negocia\u00e7\u00f5es clim\u00e1ticas internacionais, sob gest\u00e3o direta da ONU (UNFCCC). \u00c9 nela que ocorrem reuni\u00f5es plen\u00e1rias, sess\u00f5es entre delega\u00e7\u00f5es governamentais, pronunciamentos de chefes de Estado e a defini\u00e7\u00e3o de acordos multilaterais. O acesso \u00e9 restrito a delegados credenciados, representantes de ag\u00eancias internacionais, imprensa e observadores reconhecidos pela ONU.<\/p>\n<\/div>\n<div id=\"chunk-2n0aa\">\n<p>J\u00e1 a Green Zone \u00e9 administrada pelo pa\u00eds anfitri\u00e3o e aberta ao p\u00fablico. Serve como vitrine de inova\u00e7\u00e3o, educa\u00e7\u00e3o e engajamento da sociedade civil, reunindo ONGs, empresas, universidades e cidad\u00e3os em debates, exposi\u00e7\u00f5es e apresenta\u00e7\u00f5es culturais. O objetivo \u00e9 democratizar o di\u00e1logo clim\u00e1tico e aproximar a agenda ambiental das comunidades, complementando o trabalho diplom\u00e1tico da Blue Zone.<\/p>\n<\/div>\n<\/div>\n<\/div>\n<\/div>\n","protected":false},"excerpt":{"rendered":"<p>Estrutura tempor\u00e1ria de 125 mil metros quadrados abrigar\u00e1 as discuss\u00f5es centrais do maior evento clim\u00e1tico do planeta.<\/p>\n","protected":false},"author":1,"featured_media":0,"comment_status":"closed","ping_status":"open","sticky":false,"template":"","format":"standard","meta":{"_exactmetrics_skip_tracking":false,"_exactmetrics_sitenote_active":false,"_exactmetrics_sitenote_note":"","_exactmetrics_sitenote_category":0,"jetpack_post_was_ever_published":false,"_jetpack_newsletter_access":"","_jetpack_dont_email_post_to_subs":false,"_jetpack_newsletter_tier_id":0,"_jetpack_memberships_contains_paywalled_content":false,"_jetpack_memberships_contains_paid_content":false,"footnotes":"","jetpack_publicize_message":"","jetpack_publicize_feature_enabled":true,"jetpack_social_post_already_shared":true,"jetpack_social_options":{"image_generator_settings":{"template":"highway","enabled":false},"version":2}},"categories":[1],"tags":[1275,1553,1274],"class_list":["post-37792","post","type-post","status-publish","format-standard","hentry","category-notas","tag-belem","tag-blue-zone","tag-cop30"],"jetpack_publicize_connections":[],"jetpack_sharing_enabled":true,"jetpack_featured_media_url":"","jetpack_shortlink":"https:\/\/wp.me\/p7wKYW-9Py","jetpack-related-posts":[],"_links":{"self":[{"href":"http:\/\/blogdalucianaoliveira.com.br\/blog\/wp-json\/wp\/v2\/posts\/37792","targetHints":{"allow":["GET"]}}],"collection":[{"href":"http:\/\/blogdalucianaoliveira.com.br\/blog\/wp-json\/wp\/v2\/posts"}],"about":[{"href":"http:\/\/blogdalucianaoliveira.com.br\/blog\/wp-json\/wp\/v2\/types\/post"}],"author":[{"embeddable":true,"href":"http:\/\/blogdalucianaoliveira.com.br\/blog\/wp-json\/wp\/v2\/users\/1"}],"replies":[{"embeddable":true,"href":"http:\/\/blogdalucianaoliveira.com.br\/blog\/wp-json\/wp\/v2\/comments?post=37792"}],"version-history":[{"count":1,"href":"http:\/\/blogdalucianaoliveira.com.br\/blog\/wp-json\/wp\/v2\/posts\/37792\/revisions"}],"predecessor-version":[{"id":37794,"href":"http:\/\/blogdalucianaoliveira.com.br\/blog\/wp-json\/wp\/v2\/posts\/37792\/revisions\/37794"}],"wp:attachment":[{"href":"http:\/\/blogdalucianaoliveira.com.br\/blog\/wp-json\/wp\/v2\/media?parent=37792"}],"wp:term":[{"taxonomy":"category","embeddable":true,"href":"http:\/\/blogdalucianaoliveira.com.br\/blog\/wp-json\/wp\/v2\/categories?post=37792"},{"taxonomy":"post_tag","embeddable":true,"href":"http:\/\/blogdalucianaoliveira.com.br\/blog\/wp-json\/wp\/v2\/tags?post=37792"}],"curies":[{"name":"wp","href":"https:\/\/api.w.org\/{rel}","templated":true}]}}