{"id":37796,"date":"2025-10-28T12:16:05","date_gmt":"2025-10-28T16:16:05","guid":{"rendered":"https:\/\/blogdalucianaoliveira.com.br\/blog\/?p=37796"},"modified":"2025-10-28T12:16:05","modified_gmt":"2025-10-28T16:16:05","slug":"ambulancia-claudia-de-jesus-cobra-da-sesau-atendimento-para-governador-jorge-teixeira","status":"publish","type":"post","link":"http:\/\/blogdalucianaoliveira.com.br\/blog\/2025\/10\/28\/ambulancia-claudia-de-jesus-cobra-da-sesau-atendimento-para-governador-jorge-teixeira\/","title":{"rendered":"Ambul\u00e2ncia: Cl\u00e1udia de Jesus cobra da Sesau atendimento para Governador Jorge Teixeira"},"content":{"rendered":"<p><img data-recalc-dims=\"1\" loading=\"lazy\" decoding=\"async\" data-attachment-id=\"37797\" data-permalink=\"http:\/\/blogdalucianaoliveira.com.br\/blog\/2025\/10\/28\/ambulancia-claudia-de-jesus-cobra-da-sesau-atendimento-para-governador-jorge-teixeira\/img_9226\/\" data-orig-file=\"https:\/\/i0.wp.com\/blogdalucianaoliveira.com.br\/blog\/wp-content\/uploads\/2025\/10\/IMG_9226.jpeg?fit=1620%2C906\" data-orig-size=\"1620,906\" data-comments-opened=\"0\" data-image-meta=\"{&quot;aperture&quot;:&quot;0&quot;,&quot;credit&quot;:&quot;&quot;,&quot;camera&quot;:&quot;&quot;,&quot;caption&quot;:&quot;&quot;,&quot;created_timestamp&quot;:&quot;0&quot;,&quot;copyright&quot;:&quot;&quot;,&quot;focal_length&quot;:&quot;0&quot;,&quot;iso&quot;:&quot;0&quot;,&quot;shutter_speed&quot;:&quot;0&quot;,&quot;title&quot;:&quot;&quot;,&quot;orientation&quot;:&quot;0&quot;}\" data-image-title=\"IMG_9226\" data-image-description=\"\" data-image-caption=\"\" data-medium-file=\"https:\/\/i0.wp.com\/blogdalucianaoliveira.com.br\/blog\/wp-content\/uploads\/2025\/10\/IMG_9226.jpeg?fit=300%2C168\" data-large-file=\"https:\/\/i0.wp.com\/blogdalucianaoliveira.com.br\/blog\/wp-content\/uploads\/2025\/10\/IMG_9226.jpeg?fit=600%2C336\" class=\"alignnone size-medium wp-image-37797\" src=\"https:\/\/i0.wp.com\/blogdalucianaoliveira.com.br\/blog\/wp-content\/uploads\/2025\/10\/IMG_9226.jpeg?resize=300%2C168\" alt=\"\" width=\"300\" height=\"168\" srcset=\"https:\/\/i0.wp.com\/blogdalucianaoliveira.com.br\/blog\/wp-content\/uploads\/2025\/10\/IMG_9226.jpeg?resize=300%2C168 300w, https:\/\/i0.wp.com\/blogdalucianaoliveira.com.br\/blog\/wp-content\/uploads\/2025\/10\/IMG_9226.jpeg?resize=1024%2C573 1024w, https:\/\/i0.wp.com\/blogdalucianaoliveira.com.br\/blog\/wp-content\/uploads\/2025\/10\/IMG_9226.jpeg?resize=768%2C430 768w, https:\/\/i0.wp.com\/blogdalucianaoliveira.com.br\/blog\/wp-content\/uploads\/2025\/10\/IMG_9226.jpeg?resize=1536%2C859 1536w, https:\/\/i0.wp.com\/blogdalucianaoliveira.com.br\/blog\/wp-content\/uploads\/2025\/10\/IMG_9226.jpeg?resize=536%2C300 536w, https:\/\/i0.wp.com\/blogdalucianaoliveira.com.br\/blog\/wp-content\/uploads\/2025\/10\/IMG_9226.jpeg?w=1620 1620w, https:\/\/i0.wp.com\/blogdalucianaoliveira.com.br\/blog\/wp-content\/uploads\/2025\/10\/IMG_9226.jpeg?w=1200 1200w\" sizes=\"auto, (max-width: 300px) 100vw, 300px\" \/><\/p>\n<p>Deputada afirma que a falta de ambul\u00e2ncia compromete o atendimento de emerg\u00eancias.<!--more--><\/p>\n<p>A deputada estadual Cl\u00e1udia de Jesus (PT) apresentou requerimento \u00e0 Secretaria de Estado da Sa\u00fade (Sesau) para a aquisi\u00e7\u00e3o de uma ambul\u00e2ncia destinada ao munic\u00edpio de Governador Jorge Teixeira.<\/p>\n<p>\u201cN\u00e3o se pode admitir que vidas fiquem em risco por falta de ambul\u00e2ncia. Governador Jorge Teixeira precisa desse ve\u00edculo para assegurar que a popula\u00e7\u00e3o tenha atendimento digno e em tempo h\u00e1bil\u201d, afirmou a deputada.<\/p>\n<p>O pedido tem como objetivo suprir a falta de ve\u00edculo espec\u00edfico para o socorro imediato e o transporte seguro de pacientes, uma necessidade considerada urgente pela popula\u00e7\u00e3o e pelas autoridades de sa\u00fade do munic\u00edpio que pediram apoio da deputada.<\/p>\n","protected":false},"excerpt":{"rendered":"<p>Deputada afirma que a falta de ambul\u00e2ncia compromete o atendimento de emerg\u00eancias.<\/p>\n","protected":false},"author":1,"featured_media":0,"comment_status":"closed","ping_status":"open","sticky":false,"template":"","format":"standard","meta":{"_exactmetrics_skip_tracking":false,"_exactmetrics_sitenote_active":false,"_exactmetrics_sitenote_note":"","_exactmetrics_sitenote_category":0,"jetpack_post_was_ever_published":false,"_jetpack_newsletter_access":"","_jetpack_dont_email_post_to_subs":false,"_jetpack_newsletter_tier_id":0,"_jetpack_memberships_contains_paywalled_content":false,"_jetpack_memberships_contains_paid_content":false,"footnotes":"","jetpack_publicize_message":"","jetpack_publicize_feature_enabled":true,"jetpack_social_post_already_shared":true,"jetpack_social_options":{"image_generator_settings":{"template":"highway","enabled":false},"version":2}},"categories":[1],"tags":[1554,1429,1555],"class_list":["post-37796","post","type-post","status-publish","format-standard","hentry","category-notas","tag-ambulancia","tag-deputada-claudia-de-jesus","tag-entrega"],"jetpack_publicize_connections":[],"jetpack_sharing_enabled":true,"jetpack_featured_media_url":"","jetpack_shortlink":"https:\/\/wp.me\/p7wKYW-9PC","jetpack-related-posts":[],"_links":{"self":[{"href":"http:\/\/blogdalucianaoliveira.com.br\/blog\/wp-json\/wp\/v2\/posts\/37796","targetHints":{"allow":["GET"]}}],"collection":[{"href":"http:\/\/blogdalucianaoliveira.com.br\/blog\/wp-json\/wp\/v2\/posts"}],"about":[{"href":"http:\/\/blogdalucianaoliveira.com.br\/blog\/wp-json\/wp\/v2\/types\/post"}],"author":[{"embeddable":true,"href":"http:\/\/blogdalucianaoliveira.com.br\/blog\/wp-json\/wp\/v2\/users\/1"}],"replies":[{"embeddable":true,"href":"http:\/\/blogdalucianaoliveira.com.br\/blog\/wp-json\/wp\/v2\/comments?post=37796"}],"version-history":[{"count":1,"href":"http:\/\/blogdalucianaoliveira.com.br\/blog\/wp-json\/wp\/v2\/posts\/37796\/revisions"}],"predecessor-version":[{"id":37798,"href":"http:\/\/blogdalucianaoliveira.com.br\/blog\/wp-json\/wp\/v2\/posts\/37796\/revisions\/37798"}],"wp:attachment":[{"href":"http:\/\/blogdalucianaoliveira.com.br\/blog\/wp-json\/wp\/v2\/media?parent=37796"}],"wp:term":[{"taxonomy":"category","embeddable":true,"href":"http:\/\/blogdalucianaoliveira.com.br\/blog\/wp-json\/wp\/v2\/categories?post=37796"},{"taxonomy":"post_tag","embeddable":true,"href":"http:\/\/blogdalucianaoliveira.com.br\/blog\/wp-json\/wp\/v2\/tags?post=37796"}],"curies":[{"name":"wp","href":"https:\/\/api.w.org\/{rel}","templated":true}]}}