{"id":37799,"date":"2025-10-28T15:38:13","date_gmt":"2025-10-28T19:38:13","guid":{"rendered":"https:\/\/blogdalucianaoliveira.com.br\/blog\/?p=37799"},"modified":"2025-10-28T15:38:13","modified_gmt":"2025-10-28T19:38:13","slug":"cinema-amazonico-animacao-rondoniense-planeta-fome-ultrapassa-60-selecoes-em-festivais-e-pode-ser-assistida-online","status":"publish","type":"post","link":"http:\/\/blogdalucianaoliveira.com.br\/blog\/2025\/10\/28\/cinema-amazonico-animacao-rondoniense-planeta-fome-ultrapassa-60-selecoes-em-festivais-e-pode-ser-assistida-online\/","title":{"rendered":"CINEMA AMAZ\u00d4NICO: Anima\u00e7\u00e3o rondoniense \u201cPlaneta Fome\u201d ultrapassa 60 sele\u00e7\u00f5es em festivais e pode ser assistida online"},"content":{"rendered":"<p><img data-recalc-dims=\"1\" loading=\"lazy\" decoding=\"async\" data-attachment-id=\"37802\" data-permalink=\"http:\/\/blogdalucianaoliveira.com.br\/blog\/2025\/10\/28\/cinema-amazonico-animacao-rondoniense-planeta-fome-ultrapassa-60-selecoes-em-festivais-e-pode-ser-assistida-online\/img_9235\/\" data-orig-file=\"https:\/\/i0.wp.com\/blogdalucianaoliveira.com.br\/blog\/wp-content\/uploads\/2025\/10\/IMG_9235.jpeg?fit=1179%2C649\" data-orig-size=\"1179,649\" data-comments-opened=\"0\" data-image-meta=\"{&quot;aperture&quot;:&quot;0&quot;,&quot;credit&quot;:&quot;&quot;,&quot;camera&quot;:&quot;&quot;,&quot;caption&quot;:&quot;&quot;,&quot;created_timestamp&quot;:&quot;0&quot;,&quot;copyright&quot;:&quot;&quot;,&quot;focal_length&quot;:&quot;0&quot;,&quot;iso&quot;:&quot;0&quot;,&quot;shutter_speed&quot;:&quot;0&quot;,&quot;title&quot;:&quot;&quot;,&quot;orientation&quot;:&quot;1&quot;}\" data-image-title=\"IMG_9235\" data-image-description=\"\" data-image-caption=\"\" data-medium-file=\"https:\/\/i0.wp.com\/blogdalucianaoliveira.com.br\/blog\/wp-content\/uploads\/2025\/10\/IMG_9235.jpeg?fit=300%2C165\" data-large-file=\"https:\/\/i0.wp.com\/blogdalucianaoliveira.com.br\/blog\/wp-content\/uploads\/2025\/10\/IMG_9235.jpeg?fit=600%2C330\" class=\"alignnone size-medium wp-image-37802\" src=\"https:\/\/i0.wp.com\/blogdalucianaoliveira.com.br\/blog\/wp-content\/uploads\/2025\/10\/IMG_9235.jpeg?resize=300%2C165\" alt=\"\" width=\"300\" height=\"165\" srcset=\"https:\/\/i0.wp.com\/blogdalucianaoliveira.com.br\/blog\/wp-content\/uploads\/2025\/10\/IMG_9235.jpeg?resize=300%2C165 300w, https:\/\/i0.wp.com\/blogdalucianaoliveira.com.br\/blog\/wp-content\/uploads\/2025\/10\/IMG_9235.jpeg?resize=1024%2C564 1024w, https:\/\/i0.wp.com\/blogdalucianaoliveira.com.br\/blog\/wp-content\/uploads\/2025\/10\/IMG_9235.jpeg?resize=768%2C423 768w, https:\/\/i0.wp.com\/blogdalucianaoliveira.com.br\/blog\/wp-content\/uploads\/2025\/10\/IMG_9235.jpeg?resize=545%2C300 545w, https:\/\/i0.wp.com\/blogdalucianaoliveira.com.br\/blog\/wp-content\/uploads\/2025\/10\/IMG_9235.jpeg?w=1179 1179w\" sizes=\"auto, (max-width: 300px) 100vw, 300px\" \/><\/p>\n<p class=\"s5\"><span class=\"s4\">Com dire\u00e7\u00e3o de <\/span><span class=\"s4\">\u00c9dier<\/span><span class=\"s4\"> William, obra se destaca em festivais nacionais e internacionais com sua distopia amaz\u00f4nica ambientada no ano de 2125<\/span><!--more--><\/p>\n<p class=\"s6\">A anima\u00e7\u00e3o <span class=\"s4\">Planeta Fome<\/span>, uma distopia amaz\u00f4nica que se passa no ano de 2125, acaba de ultrapassar a marca de 60 sele\u00e7\u00f5es oficiais em festivais de cinema ao redor do mundo. Ambientado em uma Porto Velho futurista \u2014 sem \u00e1rvores, sem cor e assolada por desigualdade \u2014 o curta-metragem exp\u00f5e a fome n\u00e3o como trag\u00e9dia isolada, mas como pol\u00edtica de controle, sistema e culto.<\/p>\n<p class=\"s6\">O filme \u00e9 dirigido e roteirizado pelo cineasta rondoniense \u00c9dier William e com anima\u00e7\u00e3o assinada por Luan Ott e trilha sonora de Tullio Nunes. A narrativa se constitui sem di\u00e1logos, comunicando-se inteiramente por meio daest\u00e9tica, s\u00edmbolos visuais e trilha sonora que transita da floresta ao sil\u00eancio.<\/p>\n<p class=\"s3\">\n<p class=\"s3\"><span class=\"s2\">Destaques em festivais<\/span><\/p>\n<p class=\"s6\">Desde sua estreia, <span class=\"s4\">Planeta Fome<\/span> tem sido selecionado para festivais em 14 pa\u00edses Brasil, Espanha, Col\u00f4mbia, It\u00e1lia, R\u00fassia, \u00cdndia, Alemanha, Uruguai, Marrocos, Argentina, Chile, China, Canad\u00e1, Estados Unidos) e vem acumulando pr\u00eamios importantes:<\/p>\n<div class=\"s8\"><span class=\"s7\">\u2022 <\/span>Mostra Sesc de Cinema 2024 \u2013 exibido em todas as regi\u00f5es do Brasil, passando por 19 estados;<\/div>\n<div class=\"s8\"><span class=\"s7\">\u2022 <\/span>20\u00ba Shorts M\u00e9xico \u2013 um dos maiores festivais de curtas da Am\u00e9rica Latina;<\/div>\n<div class=\"s8\"><span class=\"s7\">\u2022 <\/span>51\u00ba Festival de Huelva (Espanha) \u2013 refer\u00eancia no cinema ibero-americano;<\/div>\n<div class=\"s8\"><span class=\"s7\">\u2022 <\/span>Bengaluru International Short Film Festival (\u00cdndia) \u2013 maior festival de curtas-metragens do pa\u00eds e qualificador oficial para o Oscar;<\/div>\n<div class=\"s8\"><span class=\"s7\">\u2022 <\/span>AnimArt 2025 (Brasil) \u2013 importante festival nacional dedicado \u00e0 anima\u00e7\u00e3o.<\/div>\n<p class=\"s6\">A obra tamb\u00e9m acumula pr\u00eamios em diversas categorias, tendo vencido como Melhor Filme, Melhor Anima\u00e7\u00e3o e Melhor Trilha Sonora. Al\u00e9m disso, recebeu men\u00e7\u00f5es honrosas e indica\u00e7\u00f5es a Melhor Dire\u00e7\u00e3o, Melhor Roteiro, Melhor Dire\u00e7\u00e3o de Arte, Melhor Cartaz e Melhor Montagem, consolidando-se como uma das mais relevantes anima\u00e7\u00f5es autorais da nova gera\u00e7\u00e3o do cinema amaz\u00f4nico.<\/p>\n<p class=\"s6\">\n<p class=\"s6\">\n<p class=\"s3\"><span class=\"s2\">Exibi\u00e7\u00e3o online gratuita<\/span><\/p>\n<p class=\"s6\">Atualmente, o filme est\u00e1 dispon\u00edvel online na programa\u00e7\u00e3o do <span class=\"s2\">10\u00ba Planeta.doc \u2013 Festival Internacional de Cinema Socioambiental<\/span>. A exibi\u00e7\u00e3o \u00e9 gratuita e pode ser acessada pelo link:<\/p>\n<p><a href=\"https:\/\/planetdoc.org\/documentario\/planeta-fome\/\"><span class=\"s9\">https:\/\/planetdoc.org\/documentario\/planeta-fome\/<\/span><\/a><\/p>\n<p class=\"s6\">\n<p class=\"s3\"><span class=\"s2\">Sobre o filme<\/span><\/p>\n<p class=\"s6\">Na trama, Ivani, uma m\u00e3e solo, e seu filho de 8 anos, Lucca, enfrentam o colapso econ\u00f4mico em uma sociedade que transformou a fome em mercadoria. Inspirado em fatos reais \u2014 como a \u201cfila dos ossos\u201d durante a pandemia da COVID-19 \u2014 o curta aborda a desigualdade construindo um retrato de um futuro poss\u00edvel e profundamente inc\u00f4modo.<\/p>\n<p class=\"s6\">O filme foi viabilizado pela Lei Paulo Gustavo por meio do Edital 001\/2023\/Funcultural de Porto Velho, comprodu\u00e7\u00e3o da Zenital Produ\u00e7\u00f5es e distribui\u00e7\u00e3o de Tarrafa Produtora.<\/p>\n<p class=\"s6\">\n","protected":false},"excerpt":{"rendered":"<p>Com dire\u00e7\u00e3o de \u00c9dier William, obra se destaca em festivais nacionais e internacionais com sua distopia amaz\u00f4nica ambientada no ano de 2125<\/p>\n","protected":false},"author":1,"featured_media":0,"comment_status":"closed","ping_status":"open","sticky":false,"template":"","format":"standard","meta":{"_exactmetrics_skip_tracking":false,"_exactmetrics_sitenote_active":false,"_exactmetrics_sitenote_note":"","_exactmetrics_sitenote_category":0,"jetpack_post_was_ever_published":false,"_jetpack_newsletter_access":"","_jetpack_dont_email_post_to_subs":false,"_jetpack_newsletter_tier_id":0,"_jetpack_memberships_contains_paywalled_content":false,"_jetpack_memberships_contains_paid_content":false,"footnotes":"","jetpack_publicize_message":"","jetpack_publicize_feature_enabled":true,"jetpack_social_post_already_shared":true,"jetpack_social_options":{"image_generator_settings":{"template":"highway","enabled":false},"version":2}},"categories":[1],"tags":[1464,253,1556],"class_list":["post-37799","post","type-post","status-publish","format-standard","hentry","category-notas","tag-animacao","tag-filme","tag-planeta-fome"],"jetpack_publicize_connections":[],"jetpack_sharing_enabled":true,"jetpack_featured_media_url":"","jetpack_shortlink":"https:\/\/wp.me\/p7wKYW-9PF","jetpack-related-posts":[],"_links":{"self":[{"href":"http:\/\/blogdalucianaoliveira.com.br\/blog\/wp-json\/wp\/v2\/posts\/37799","targetHints":{"allow":["GET"]}}],"collection":[{"href":"http:\/\/blogdalucianaoliveira.com.br\/blog\/wp-json\/wp\/v2\/posts"}],"about":[{"href":"http:\/\/blogdalucianaoliveira.com.br\/blog\/wp-json\/wp\/v2\/types\/post"}],"author":[{"embeddable":true,"href":"http:\/\/blogdalucianaoliveira.com.br\/blog\/wp-json\/wp\/v2\/users\/1"}],"replies":[{"embeddable":true,"href":"http:\/\/blogdalucianaoliveira.com.br\/blog\/wp-json\/wp\/v2\/comments?post=37799"}],"version-history":[{"count":1,"href":"http:\/\/blogdalucianaoliveira.com.br\/blog\/wp-json\/wp\/v2\/posts\/37799\/revisions"}],"predecessor-version":[{"id":37803,"href":"http:\/\/blogdalucianaoliveira.com.br\/blog\/wp-json\/wp\/v2\/posts\/37799\/revisions\/37803"}],"wp:attachment":[{"href":"http:\/\/blogdalucianaoliveira.com.br\/blog\/wp-json\/wp\/v2\/media?parent=37799"}],"wp:term":[{"taxonomy":"category","embeddable":true,"href":"http:\/\/blogdalucianaoliveira.com.br\/blog\/wp-json\/wp\/v2\/categories?post=37799"},{"taxonomy":"post_tag","embeddable":true,"href":"http:\/\/blogdalucianaoliveira.com.br\/blog\/wp-json\/wp\/v2\/tags?post=37799"}],"curies":[{"name":"wp","href":"https:\/\/api.w.org\/{rel}","templated":true}]}}