{"id":37804,"date":"2025-10-29T21:11:24","date_gmt":"2025-10-30T01:11:24","guid":{"rendered":"https:\/\/blogdalucianaoliveira.com.br\/blog\/?p=37804"},"modified":"2025-10-29T21:11:24","modified_gmt":"2025-10-30T01:11:24","slug":"acao-no-rj-e-cortina-de-fumaca-e-expoe-populacao-dizem-especialistas","status":"publish","type":"post","link":"http:\/\/blogdalucianaoliveira.com.br\/blog\/2025\/10\/29\/acao-no-rj-e-cortina-de-fumaca-e-expoe-populacao-dizem-especialistas\/","title":{"rendered":"A\u00e7\u00e3o no RJ \u00e9 cortina de fuma\u00e7a e exp\u00f5e popula\u00e7\u00e3o, dizem especialistas"},"content":{"rendered":"<p><img data-recalc-dims=\"1\" loading=\"lazy\" decoding=\"async\" data-attachment-id=\"37805\" data-permalink=\"http:\/\/blogdalucianaoliveira.com.br\/blog\/2025\/10\/29\/acao-no-rj-e-cortina-de-fumaca-e-expoe-populacao-dizem-especialistas\/img_9272\/\" data-orig-file=\"https:\/\/i0.wp.com\/blogdalucianaoliveira.com.br\/blog\/wp-content\/uploads\/2025\/10\/IMG_9272.webp?fit=1170%2C700\" data-orig-size=\"1170,700\" data-comments-opened=\"0\" data-image-meta=\"{&quot;aperture&quot;:&quot;0&quot;,&quot;credit&quot;:&quot;&quot;,&quot;camera&quot;:&quot;&quot;,&quot;caption&quot;:&quot;&quot;,&quot;created_timestamp&quot;:&quot;0&quot;,&quot;copyright&quot;:&quot;&quot;,&quot;focal_length&quot;:&quot;0&quot;,&quot;iso&quot;:&quot;0&quot;,&quot;shutter_speed&quot;:&quot;0&quot;,&quot;title&quot;:&quot;&quot;,&quot;orientation&quot;:&quot;0&quot;}\" data-image-title=\"IMG_9272\" data-image-description=\"\" data-image-caption=\"\" data-medium-file=\"https:\/\/i0.wp.com\/blogdalucianaoliveira.com.br\/blog\/wp-content\/uploads\/2025\/10\/IMG_9272.webp?fit=300%2C179\" data-large-file=\"https:\/\/i0.wp.com\/blogdalucianaoliveira.com.br\/blog\/wp-content\/uploads\/2025\/10\/IMG_9272.webp?fit=600%2C359\" class=\"alignnone size-medium wp-image-37805\" src=\"https:\/\/i0.wp.com\/blogdalucianaoliveira.com.br\/blog\/wp-content\/uploads\/2025\/10\/IMG_9272.webp?resize=300%2C179\" alt=\"\" width=\"300\" height=\"179\" srcset=\"https:\/\/i0.wp.com\/blogdalucianaoliveira.com.br\/blog\/wp-content\/uploads\/2025\/10\/IMG_9272.webp?resize=300%2C179 300w, https:\/\/i0.wp.com\/blogdalucianaoliveira.com.br\/blog\/wp-content\/uploads\/2025\/10\/IMG_9272.webp?resize=1024%2C613 1024w, https:\/\/i0.wp.com\/blogdalucianaoliveira.com.br\/blog\/wp-content\/uploads\/2025\/10\/IMG_9272.webp?resize=768%2C459 768w, https:\/\/i0.wp.com\/blogdalucianaoliveira.com.br\/blog\/wp-content\/uploads\/2025\/10\/IMG_9272.webp?resize=501%2C300 501w, https:\/\/i0.wp.com\/blogdalucianaoliveira.com.br\/blog\/wp-content\/uploads\/2025\/10\/IMG_9272.webp?w=1170 1170w\" sizes=\"auto, (max-width: 300px) 100vw, 300px\" \/><\/p>\n<p>Opera\u00e7\u00e3o gerou grande impacto na capital fluminense<!--more--><\/p>\n<p>Ag\u00eancia Brasil &#8211; Um dia de terror para os mais de 150 mil habitantes dos complexos da Penha e do Alem\u00e3o, que passaram horas debaixo de tiros e explos\u00f5es em uma opera\u00e7\u00e3o policial que afetou tamb\u00e9m todos aqueles que precisaram transitar pelas principais vias da cidade, em diversos bairros da capital fluminense, que ainda n\u00e3o acabou.<img data-recalc-dims=\"1\" decoding=\"async\" src=\"https:\/\/i0.wp.com\/agenciabrasil.ebc.com.br\/ebc.png?w=600&#038;ssl=1\" \/><img data-recalc-dims=\"1\" decoding=\"async\" src=\"https:\/\/i0.wp.com\/agenciabrasil.ebc.com.br\/ebc.gif?w=600&#038;ssl=1\" \/><\/p>\n<p>A <a href=\"https:\/\/agenciabrasil.ebc.com.br\/geral\/noticia\/2025-10\/aulas-sao-suspensas-no-rio-apos-megaoperacao-policial\" target=\"_blank\" rel=\"noopener\">Opera\u00e7\u00e3o Conten\u00e7\u00e3o<\/a> que se estendeu por toda esta ter\u00e7a-feira (28), deixou pelo menos 64 pessoas mortas \u2013\u00a0incluindo quatro policiais -, interrompeu o tr\u00e2nsito das principais vias da cidade, fechou escolas, postos de sa\u00fade e estabelecimentos comerciais. <strong>Segundo o governo do estado, 81 pessoas foram presas e 93 fuzis apreendidos, al\u00e9m de pistolas e granadas. Trata-se da maior opera\u00e7\u00e3o dos \u00faltimos 15 anos e tamb\u00e9m da mais letal de toda a hist\u00f3ria do estado.<\/strong><\/p>\n<p><strong>Para especialistas, a opera\u00e7\u00e3o gerou um grande impacto na capital fluminense e n\u00e3o atingiu o objetivo de conter o crime organizado, pelo contr\u00e1rio, a\u00e7\u00f5es como esta apenas fortalecem a viol\u00eancia.<\/strong><\/p>\n<blockquote><p>\u201cEssa l\u00f3gica de medir for\u00e7a armada b\u00e9lica com estruturas do tr\u00e1fico sempre resultaram em mortes cada vez maiores, em sofrimento cada vez mais intenso, perda de acesso a servi\u00e7os p\u00fablicos, perda de mobilidade urbana, os mais fr\u00e1geis sempre v\u00e3o sofrer muito mais. A economia \u00e9 afetada diretamente e o problema nunca foi sequer arranhado\u201d, diz o professor do Departamento de Ci\u00eancias Sociais da Universidade Federal Rural do Rio de Janeiro (UFRRJ), Jos\u00e9 Cl\u00e1udio Souza Alves.<\/p><\/blockquote>\n<p><strong>Segundo o professor, combater o crime organizado exige outras estrat\u00e9gias, inclusive oferecer oportunidades e qualidade de vida a popula\u00e7\u00e3o em situa\u00e7\u00e3o de vulnerabilidade.<\/strong><\/p>\n<blockquote><p>\u201cCriar novas formas de interceptar, de investigar, de seguir dinheiro, de prender pessoas, de colocar limita\u00e7\u00f5es nesse funcionamento, de dar alternativa real para essa popula\u00e7\u00e3o. Voc\u00ea tem que disputar palma a palmo nesses territ\u00f3rios, essas popula\u00e7\u00f5es que s\u00e3o facilmente convencidas pela grana da droga, da arma, pela grana dos ilegalismos, dos golpes. Se n\u00e3o pensarmos isso, a gente est\u00e1 absolutamente comprometido, n\u00e3o vamos conseguir\u201d, defende.<\/p><\/blockquote>\n<p><strong>&#8220;Isso tudo que voc\u00eas est\u00e3o vendo a\u00ed hoje, arrebentando no Rio de Janeiro todo, \u00e9 apenas uma imensa e gigantesca cortina\u00a0de fuma\u00e7a, um rolo gigantesco de fuma\u00e7a cegando a todos&#8221;, diz, Alves.<\/strong><\/p>\n<h2>Lamban\u00e7a pol\u00edtico-operacional<\/h2>\n<p>Em entrevista ao programa <em>Revista Rio<\/em>, da <a href=\"https:\/\/radios.ebc.com.br\/revista-rio\/2025\/10\/especialista-em-seguranca-publica-classifica-megaoperacao-nos-complexos-da-penha\" target=\"_blank\" rel=\"noopener\"><strong>R\u00e1dio Nacional do Rio de Janeiro<\/strong>,<\/a>\u00a0a professora do Departamento de Seguran\u00e7a P\u00fablica da Universidade Federal Fluminense (UFF), Jacqueline Muniz, classificou a opera\u00e7\u00e3o como amadora e\u00a0uma \u201clamban\u00e7a pol\u00edtico-operacional\u201d.<\/p>\n<p><strong>Segundo ela, foram cometidos erros t\u00e1ticos que v\u00e3o ao encontro do que est\u00e1 previsto nas pr\u00f3prias instru\u00e7\u00f5es normativas de seguran\u00e7a p\u00fablica.<\/strong><\/p>\n<blockquote><p>\u201cPara colocar 2,5 mil policiais, tem que fazer uma previs\u00e3o de 7,5 mil a 10 mil policiais, porque tem tr\u00eas turnos de trabalho e escala. Isso quer dizer que para fazer esta opera\u00e7\u00e3o, que eu chamei de uma lamban\u00e7a pol\u00edtico-operacional do governador Castro, teve que se retirar o policiamento de 3 milh\u00f5es a 5 milh\u00f5es de pessoas na regi\u00e3o metropolitana\u201d, diz. \u201cDe um lado, esquentou-se a chapa numa \u00e1rea cr\u00edtica, n\u00e3o reduziu a capacidade operacional do crime, por outro, viabilizou a morte de policiais, o ferimento de policiais, de cidad\u00e3os sem que isso significasse um avan\u00e7o sobre o crime organizado\u201d.<\/p><\/blockquote>\n<p>Ela acrescenta:<\/p>\n<blockquote><p>\u201cIsso \u00e9 muito s\u00e9rio porque p\u00f5e em risco a vida dos policiais, p\u00f5e em risco a vida da popula\u00e7\u00e3o, inviabiliza a circula\u00e7\u00e3o de pessoas, de mercadorias. N\u00f3s estamos produzindo fechamento da Linha Amarela, da Linha Vermelha, da Avenida Brasil, dando um n\u00f3 em toda a regi\u00e3o metropolitana. Ou seja, esquentando a chapa e multiplicando a inseguran\u00e7a\u201d, diz.<\/p><\/blockquote>\n<p>&nbsp;<\/p>\n<blockquote><p>Ela explicou que a opera\u00e7\u00e3o tinha raz\u00e3o para existir, mas foi mal concebida. \u201cA finalidade dela foi politiqueira, pondo em risco a vida dos agentes da lei, da popula\u00e7\u00e3o, com resultados que n\u00e3o se sustentam diante da doutrina de opera\u00e7\u00f5es policiais, que fique claro, porque h\u00e1 crit\u00e9rios t\u00e9cnicos sim, pol\u00edcia n\u00e3o \u00e9 amadorismo, a pol\u00edcia \u00e9 profiss\u00e3o\u201d.<\/p><\/blockquote>\n<h2>Avan\u00e7o do crime organizado<\/h2>\n<p><strong>O objetivo da opera\u00e7\u00e3o, de acordo com o governo do estado era cumprir mandados de pris\u00e3o e conter a expans\u00e3o territorial do Comando Vermelho. A a\u00e7\u00e3o conjunta mobilizou 2,5 mil policiais civis e militares, com a participa\u00e7\u00e3o do Minist\u00e9rio P\u00fablico.<\/strong><\/p>\n<p>Segundo pesquisa divulgada no ano passado pelo Grupo de Estudos dos Novos Ilegalismos da Universidade Federal Fluminense (Geni\/UFF) e pelo Instituto Fogo Cruzado, o <a href=\"https:\/\/agenciabrasil.ebc.com.br\/geral\/noticia\/2024-04\/comando-vermelho-expande-controle-no-grande-rio\" target=\"_blank\" rel=\"noopener\">Comando Vermelho <\/a>foi a \u00fanica fac\u00e7\u00e3o criminosa a expandir seu controle territorial de 2022 para 2023, no Grande Rio. <strong>Com o aumento de 8,4%, a organiza\u00e7\u00e3o ultrapassou as mil\u00edcias e passou a responder por 51,9% das \u00e1reas controladas por criminosos na regi\u00e3o.\u00a0<\/strong><\/p>\n<p><strong>A pesquisa mostrou que o Comando Vermelho retomou a lideran\u00e7a de 242 km\u00b2 que tinham sido perdidos para as mil\u00edcias em 2021. Naquele ano, 46,5% das \u00e1reas sob controle criminoso pertenciam \u00e0s mil\u00edcias e 42,9% ao Comando Vermelho.<\/strong><\/p>\n<h2>Popula\u00e7\u00e3o na linha de tiro<\/h2>\n<p>Para o Instituto Fogo Cruzado, institui\u00e7\u00e3o que produz dados e informa\u00e7\u00f5es sobre viol\u00eancia armada\u00a0e que compilou informa\u00e7\u00f5es sobre a Opera\u00e7\u00e3o Conten\u00e7\u00e3o, a\u00e7\u00f5es como esta n\u00e3o combatem de fato o crime organizado.<\/p>\n<p>\u201cCombater o crime organizado exige outra l\u00f3gica. \u00c9 preciso atacar fluxos financeiros, investigar lavagem de dinheiro, fortalecer corregedorias independentes e combater a corrup\u00e7\u00e3o dentro do Estado. Tudo que o Rio de Janeiro n\u00e3o faz h\u00e1 d\u00e9cadas\u201d, afirmou, em nota.<\/p>\n<blockquote><p>\u201cAs pol\u00edcias do Rio come\u00e7aram o dia com a Opera\u00e7\u00e3o Conten\u00e7\u00e3o e o que se viu foi parte expressiva da popula\u00e7\u00e3o na linha de tiro e uma cidade inteira parada. Este \u00e9 o planejamento do governo do estado? Opera\u00e7\u00f5es como essa mostram a incapacidade do governo estadual de fazer pol\u00edtica p\u00fablica de seguran\u00e7a p\u00fablica\u201d, explicou a organiza\u00e7\u00e3o.<\/p><\/blockquote>\n<p>O <a href=\"https:\/\/agenciabrasil.ebc.com.br\/geral\/noticia\/2025-10\/veja-as-operacoes-policiais-mais-letais-no-rio-nos-ultimos-anos\" target=\"_blank\" rel=\"noopener\">Instituto refor\u00e7a que esta \u00e9 a maior chacina policial j\u00e1 registrada na hist\u00f3ria do estado do Rio de Janeiro<\/a>, superando as trag\u00e9dias do Jacarezinho (2021) com 28 mortos, e da Vila Cruzeiro (2022) com 24 mortos, chacinas policiais que tamb\u00e9m ocorreram no governo de Cl\u00e1udio Castro.<\/p>\n<p>&nbsp;<\/p>\n<div class=\"noticias-relacionadas rel-position rowflex\"><\/div>\n","protected":false},"excerpt":{"rendered":"<p>Opera\u00e7\u00e3o gerou grande impacto na capital fluminense<\/p>\n","protected":false},"author":1,"featured_media":0,"comment_status":"closed","ping_status":"open","sticky":false,"template":"","format":"standard","meta":{"_exactmetrics_skip_tracking":false,"_exactmetrics_sitenote_active":false,"_exactmetrics_sitenote_note":"","_exactmetrics_sitenote_category":0,"jetpack_post_was_ever_published":false,"_jetpack_newsletter_access":"","_jetpack_dont_email_post_to_subs":false,"_jetpack_newsletter_tier_id":0,"_jetpack_memberships_contains_paywalled_content":false,"_jetpack_memberships_contains_paid_content":false,"footnotes":"","jetpack_publicize_message":"","jetpack_publicize_feature_enabled":true,"jetpack_social_post_already_shared":true,"jetpack_social_options":{"image_generator_settings":{"template":"highway","enabled":false},"version":2}},"categories":[1],"tags":[],"class_list":["post-37804","post","type-post","status-publish","format-standard","hentry","category-notas"],"jetpack_publicize_connections":[],"jetpack_sharing_enabled":true,"jetpack_featured_media_url":"","jetpack_shortlink":"https:\/\/wp.me\/p7wKYW-9PK","jetpack-related-posts":[],"_links":{"self":[{"href":"http:\/\/blogdalucianaoliveira.com.br\/blog\/wp-json\/wp\/v2\/posts\/37804","targetHints":{"allow":["GET"]}}],"collection":[{"href":"http:\/\/blogdalucianaoliveira.com.br\/blog\/wp-json\/wp\/v2\/posts"}],"about":[{"href":"http:\/\/blogdalucianaoliveira.com.br\/blog\/wp-json\/wp\/v2\/types\/post"}],"author":[{"embeddable":true,"href":"http:\/\/blogdalucianaoliveira.com.br\/blog\/wp-json\/wp\/v2\/users\/1"}],"replies":[{"embeddable":true,"href":"http:\/\/blogdalucianaoliveira.com.br\/blog\/wp-json\/wp\/v2\/comments?post=37804"}],"version-history":[{"count":1,"href":"http:\/\/blogdalucianaoliveira.com.br\/blog\/wp-json\/wp\/v2\/posts\/37804\/revisions"}],"predecessor-version":[{"id":37806,"href":"http:\/\/blogdalucianaoliveira.com.br\/blog\/wp-json\/wp\/v2\/posts\/37804\/revisions\/37806"}],"wp:attachment":[{"href":"http:\/\/blogdalucianaoliveira.com.br\/blog\/wp-json\/wp\/v2\/media?parent=37804"}],"wp:term":[{"taxonomy":"category","embeddable":true,"href":"http:\/\/blogdalucianaoliveira.com.br\/blog\/wp-json\/wp\/v2\/categories?post=37804"},{"taxonomy":"post_tag","embeddable":true,"href":"http:\/\/blogdalucianaoliveira.com.br\/blog\/wp-json\/wp\/v2\/tags?post=37804"}],"curies":[{"name":"wp","href":"https:\/\/api.w.org\/{rel}","templated":true}]}}