{"id":37807,"date":"2025-10-30T09:16:52","date_gmt":"2025-10-30T13:16:52","guid":{"rendered":"https:\/\/blogdalucianaoliveira.com.br\/blog\/?p=37807"},"modified":"2025-10-30T09:23:20","modified_gmt":"2025-10-30T13:23:20","slug":"menestrel-do-samba-e-o-homenageado-do-bloco-pirarucu-do-madeira-no-carnaval-2026","status":"publish","type":"post","link":"http:\/\/blogdalucianaoliveira.com.br\/blog\/2025\/10\/30\/menestrel-do-samba-e-o-homenageado-do-bloco-pirarucu-do-madeira-no-carnaval-2026\/","title":{"rendered":"MENESTREL DO SAMBA \u00c9 O HOMENAGEADO DO BLOCO PIRARUCU DO MADEIRA NO CARNAVAL 2026"},"content":{"rendered":"<p><img data-recalc-dims=\"1\" loading=\"lazy\" decoding=\"async\" data-attachment-id=\"37810\" data-permalink=\"http:\/\/blogdalucianaoliveira.com.br\/blog\/2025\/10\/30\/menestrel-do-samba-e-o-homenageado-do-bloco-pirarucu-do-madeira-no-carnaval-2026\/torrado-capa-para-facebook-1\/\" data-orig-file=\"https:\/\/i0.wp.com\/blogdalucianaoliveira.com.br\/blog\/wp-content\/uploads\/2025\/10\/TORRADO-Capa-para-Facebook-1.png?fit=851%2C315\" data-orig-size=\"851,315\" data-comments-opened=\"0\" data-image-meta=\"{&quot;aperture&quot;:&quot;0&quot;,&quot;credit&quot;:&quot;&quot;,&quot;camera&quot;:&quot;&quot;,&quot;caption&quot;:&quot;&quot;,&quot;created_timestamp&quot;:&quot;0&quot;,&quot;copyright&quot;:&quot;&quot;,&quot;focal_length&quot;:&quot;0&quot;,&quot;iso&quot;:&quot;0&quot;,&quot;shutter_speed&quot;:&quot;0&quot;,&quot;title&quot;:&quot;&quot;,&quot;orientation&quot;:&quot;0&quot;}\" data-image-title=\"TORRADO (Capa para Facebook) &amp;#8211; 1\" data-image-description=\"\" data-image-caption=\"\" data-medium-file=\"https:\/\/i0.wp.com\/blogdalucianaoliveira.com.br\/blog\/wp-content\/uploads\/2025\/10\/TORRADO-Capa-para-Facebook-1.png?fit=300%2C111\" data-large-file=\"https:\/\/i0.wp.com\/blogdalucianaoliveira.com.br\/blog\/wp-content\/uploads\/2025\/10\/TORRADO-Capa-para-Facebook-1.png?fit=600%2C222\" class=\"alignnone size-medium wp-image-37810\" src=\"https:\/\/i0.wp.com\/blogdalucianaoliveira.com.br\/blog\/wp-content\/uploads\/2025\/10\/TORRADO-Capa-para-Facebook-1.png?resize=300%2C111\" alt=\"\" width=\"300\" height=\"111\" srcset=\"https:\/\/i0.wp.com\/blogdalucianaoliveira.com.br\/blog\/wp-content\/uploads\/2025\/10\/TORRADO-Capa-para-Facebook-1.png?resize=300%2C111 300w, https:\/\/i0.wp.com\/blogdalucianaoliveira.com.br\/blog\/wp-content\/uploads\/2025\/10\/TORRADO-Capa-para-Facebook-1.png?resize=768%2C284 768w, https:\/\/i0.wp.com\/blogdalucianaoliveira.com.br\/blog\/wp-content\/uploads\/2025\/10\/TORRADO-Capa-para-Facebook-1.png?resize=800%2C296 800w, https:\/\/i0.wp.com\/blogdalucianaoliveira.com.br\/blog\/wp-content\/uploads\/2025\/10\/TORRADO-Capa-para-Facebook-1.png?w=851 851w\" sizes=\"auto, (max-width: 300px) 100vw, 300px\" \/><\/p>\n<p>O manaura Jos\u00e9 Luiz Machado, carinhosamente chamado \u2018Torrado, ser\u00e1 homenageado pela primeira vez num bloco de rua no carnaval de Porto Velho, capital que o acolheu h\u00e1 58 anos.<\/p>\n<p>O dono de uma voz potente que emociona e transborda alegria, preencheu todos os espa\u00e7os da cultura popular como menestrel do samba.<!--more--><\/p>\n<p>\u201cMais que justa \u00e9 necess\u00e1ria a homenagem a Torrado, pois ele segue vigorosamente ativo cantando, compondo e sambando aos 77 anos. \u00c9 um presente do bloco, do povo e da cidade pela sua contribui\u00e7\u00e3o \u00e0 cultura\u201d, disse Ernande Segismundo, presidente do bloco.<\/p>\n<p>O compositor e parceiro de tantos sambistas ser\u00e1 tema das m\u00fasicas que exaltar\u00e3o sua trajet\u00f3ria cultural.<\/p>\n<p>O desfile est\u00e1 marcado para o dia oito de fevereiro, no Circuito da Pinheiro, com concentra\u00e7\u00e3o a partir das 15 horas.<!--more--><\/p>\n<p>\u201cO torrado \u00e9 como uma sama\u00fama pra cultura da capital, gigante e imponente. Ele precisa ver no carnaval de rua o seu tamanho, sua import\u00e2ncia como sambista de alto n\u00edvel e como s\u00edmbolo de resist\u00eancia cultural. Quando informamos que ele seria homenageado, ficou muito emocionado e agradecido\u201d, completou Segismundo.<\/p>\n<p><strong>\u00a0<\/strong><\/p>\n<p><strong>SINOPSE DO TEMA: UM FREVO TORRADO DE ALEGRIA <\/strong><\/p>\n<p>&nbsp;<\/p>\n<p><strong>Por Altair Santos <\/strong><\/p>\n<p><span style=\"font-weight: 400;\">Nascido aos quatorze dias do m\u00eas de setembro de 1948, em Manaus\/AM (a capital bar\u00e9) o manauara Jos\u00e9 Luiz Machado de Assis, fez-se, no debulhar da vida, por talento, vicissitudes e enfronhamento social o<\/span><b> popular\u00edssimo Torrado.<\/b><span style=\"font-weight: 400;\"> Veio ao mundo justo num celebrado e festivo dia de S\u00e3o Jos\u00e9, do qual, pelas vias dos registros cartoriais e b\u00ean\u00e7\u00e3os e respingados de bentas \u00e1guas batismais, fora ungido, virou devoto inarred\u00e1vel, leva o nome e carrega as gra\u00e7as de devoto e protegido.\u00a0<\/span><\/p>\n<p><span style=\"font-weight: 400;\">Al\u00e9m da fervorosa f\u00e9 no seu padroeiro e protetor, o foli\u00e3o e tamb\u00e9m bo\u00eamio e seresteiro fora tatuado e teve impregnado em si e no seu existir, a ef\u00edgie e emblema natural de ser um cidad\u00e3o que, desde mui cedo, orbitou entres os luminosos e arom\u00e1ticos ares do esporte, mais precisamente o futebol, e da cultura popular, com destaque para a m\u00fasica na sua diversidade, dada a sua avantajada e sempre bem colocada e potente emposta\u00e7\u00e3o e exerc\u00edcio vocal, coisa f\u00e1cil pra ele.<\/span><\/p>\n<p><img data-recalc-dims=\"1\" loading=\"lazy\" decoding=\"async\" data-attachment-id=\"37813\" data-permalink=\"http:\/\/blogdalucianaoliveira.com.br\/blog\/2025\/10\/30\/menestrel-do-samba-e-o-homenageado-do-bloco-pirarucu-do-madeira-no-carnaval-2026\/2b80d6ea-c423-40b9-9ce1-9ed47fa0c19d\/\" data-orig-file=\"https:\/\/i0.wp.com\/blogdalucianaoliveira.com.br\/blog\/wp-content\/uploads\/2025\/10\/2b80d6ea-c423-40b9-9ce1-9ed47fa0c19d.jpeg?fit=900%2C1600\" data-orig-size=\"900,1600\" data-comments-opened=\"0\" data-image-meta=\"{&quot;aperture&quot;:&quot;0&quot;,&quot;credit&quot;:&quot;&quot;,&quot;camera&quot;:&quot;&quot;,&quot;caption&quot;:&quot;&quot;,&quot;created_timestamp&quot;:&quot;0&quot;,&quot;copyright&quot;:&quot;&quot;,&quot;focal_length&quot;:&quot;0&quot;,&quot;iso&quot;:&quot;0&quot;,&quot;shutter_speed&quot;:&quot;0&quot;,&quot;title&quot;:&quot;&quot;,&quot;orientation&quot;:&quot;0&quot;}\" data-image-title=\"2b80d6ea-c423-40b9-9ce1-9ed47fa0c19d\" data-image-description=\"\" data-image-caption=\"\" data-medium-file=\"https:\/\/i0.wp.com\/blogdalucianaoliveira.com.br\/blog\/wp-content\/uploads\/2025\/10\/2b80d6ea-c423-40b9-9ce1-9ed47fa0c19d.jpeg?fit=169%2C300\" data-large-file=\"https:\/\/i0.wp.com\/blogdalucianaoliveira.com.br\/blog\/wp-content\/uploads\/2025\/10\/2b80d6ea-c423-40b9-9ce1-9ed47fa0c19d.jpeg?fit=576%2C1024\" class=\"size-medium wp-image-37813 alignleft\" src=\"https:\/\/i0.wp.com\/blogdalucianaoliveira.com.br\/blog\/wp-content\/uploads\/2025\/10\/2b80d6ea-c423-40b9-9ce1-9ed47fa0c19d.jpeg?resize=169%2C300\" alt=\"\" width=\"169\" height=\"300\" srcset=\"https:\/\/i0.wp.com\/blogdalucianaoliveira.com.br\/blog\/wp-content\/uploads\/2025\/10\/2b80d6ea-c423-40b9-9ce1-9ed47fa0c19d.jpeg?resize=169%2C300 169w, https:\/\/i0.wp.com\/blogdalucianaoliveira.com.br\/blog\/wp-content\/uploads\/2025\/10\/2b80d6ea-c423-40b9-9ce1-9ed47fa0c19d.jpeg?resize=576%2C1024 576w, https:\/\/i0.wp.com\/blogdalucianaoliveira.com.br\/blog\/wp-content\/uploads\/2025\/10\/2b80d6ea-c423-40b9-9ce1-9ed47fa0c19d.jpeg?resize=768%2C1365 768w, https:\/\/i0.wp.com\/blogdalucianaoliveira.com.br\/blog\/wp-content\/uploads\/2025\/10\/2b80d6ea-c423-40b9-9ce1-9ed47fa0c19d.jpeg?resize=864%2C1536 864w, https:\/\/i0.wp.com\/blogdalucianaoliveira.com.br\/blog\/wp-content\/uploads\/2025\/10\/2b80d6ea-c423-40b9-9ce1-9ed47fa0c19d.jpeg?w=900 900w\" sizes=\"auto, (max-width: 169px) 100vw, 169px\" \/><\/p>\n<p><span style=\"font-weight: 400;\"><br \/>\nAos 19 anos idade veio morar em Porto Velho, mas voltou por duas ocasi\u00f5es. Ele foi banc\u00e1rio das institui\u00e7\u00f5es Bansiasul, Banco Ipiranga (este depois BCN) e, mais tarde, ap\u00f3s concurso p\u00fablico, ingressou nas fileiras do Tribunal Regional do Trabalho \u2013 TRT onde fez carreira e aposentou-se. Ainda quando na Ativa no TRT fora transferido por certo per\u00edodo para a cidade Guajar\u00e1 Mirim (a P\u00e9rola do Mamor\u00e9) e por l\u00e1 fora acolhido e cercado de not\u00e1vel prest\u00edgio social e cultural e, entre amigos do futebol e da m\u00fasica, fez-se conhecido e selou amizades.\u00a0<\/span><\/p>\n<p><span style=\"font-weight: 400;\">Em se falando de m\u00fasica o Torrado fez a sua inicia\u00e7\u00e3o muito cedo como ritmista indo, por m\u00e9ritos, integrar a perform\u00e1tica forma\u00e7\u00e3o do super-requisitado Conjunto Samba 7 Show, que marcou \u00e9poca nos mais badalados e concorridos bailes de clube de Manaus. Inclusive, sobre bailes, shows e outras tantas, o Torrado acumulou aquilatado sucesso soltando a voz sob as luzes difusas e brandas da Boite Nostalgia, um afamado e requisitado ponto de encontro dos inarred\u00e1veis bo\u00eamios, filhos do sereno e outros not\u00edvagos irrepar\u00e1veis e seresteiros manauaras. Isso se dera tamb\u00e9m noutras penumbras bo\u00eamias da cidade onde eram ouvidos perto e m\u00e9dio longe, os seus inconfund\u00edveis madrigais.<\/span><\/p>\n<p><span style=\"font-weight: 400;\">Ainda em Manaus mostrou o seu talento e qualidades futebol\u00edsticas quando vestiu e honrou as sagradas camisas do S\u00e3o Raimundo (no campo da Colina), Rio Negro (o time Barriga Preta da Pra\u00e7a da Saudade) e o Nacional (Le\u00e3o Azul do Amazonas). Nos gramados de Porto Velho, em algumas temporadas, vestiu as camisas do Ferrovi\u00e1rio (o tricolor da madevia) e Moto Clube (o time alvirrubro do Bairro Olaria) no<\/span> <span style=\"font-weight: 400;\">\u00e1ureo tempo do esporte bret\u00e3o c\u00e1, na ent\u00e3o capital brasileira do min\u00e9rio e do estanho, aonde o cobi\u00e7ado ouro do Rio Madeira tamb\u00e9m j\u00e1 reluzia fazendo bamburrar muita gente.\u00a0<\/span><\/p>\n<p><span style=\"font-weight: 400;\">Hoje ainda no futebol de Porto Velho, o foli\u00e3o mostra a sua classe se revezando em partidas, excurs\u00f5es e breves torneios que envolvem as equipes do Clube Gril\u00e3o (Bairro da Lagoa), time M\u00e1ster do Moto Clube e time M\u00e1ster da Escola de Samba Asfalt\u00e3o, o Tigre do Bairro Santa B\u00e1rbara.\u00a0<\/span><\/p>\n<p><span style=\"font-weight: 400;\">No carnaval de Manaus nas vezes e prest\u00edgio de consagrado sambista e requisitado int\u00e9rprete, orbitou entre 1967 e 1970, pelos blocos Unidos do Boulevard Amazonas e Unidos da Selva, este \u00faltimo do Bairro S\u00e3o Jorge, cujo presidente \u00e0 \u00e9poca fora o ex 1\u00ba Governador do Estado de Rond\u00f4nia, Coronel Jorge Teixeira de Oliveira (o Teixeir\u00e3o) quando o mesmo comandou o 17\u00ba BIS &#8211; Batalh\u00e3o de Infantaria (Bairro S\u00e3o Jorge \u2013 Estrada da Ponta Negra). Por for\u00e7a da sua import\u00e2ncia, comprometimento e popularidade fora eleito Cidad\u00e3o Samba, em vota\u00e7\u00e3o expressiva realizada entre as escolas de samba do velho Porto de Lenha (leia-se: Manaus).\u00a0<\/span><\/p>\n<p><span style=\"font-weight: 400;\">No grupo especial do carnaval de Manaus foi ativo e importante int\u00e9rprete da campeon\u00edssima Escola de Samba Vitoria R\u00e9gia (da Pra\u00e7a 14 de Janeiro) e tamb\u00e9m emprestou o seu cantar para a agremia\u00e7\u00e3o Andan\u00e7as de Ciganos (do Bairro Cachoeirinha).<\/span><\/p>\n<p><span style=\"font-weight: 400;\">Em Porto Velho, Torrado j\u00e1 somou no carnaval antigo dos blocos de rua como Curriola 40, Bloco dos Imigrantes e Arm\u00e1rio Grande, neste acaso, antes dessa agremia\u00e7\u00e3o virar Escola de Samba. E em se falando de escolas de samba ele c\u00e1, em terras karipunas, ele desfilou pela Diplomatas do samba, Pobres do Caiar\u00ed e Unidos da Castanheira, essa \u00faltima do Bairro Arigol\u00e2ndia, por quem foi campe\u00e3o levando a cidade e pr\u00f3pria escola a cantar, dan\u00e7ar e brincar sob o manto po\u00e9tico mel\u00f3dico do envolvente enredo\/tema de sua autoria <\/span><span style=\"font-weight: 400;\">\u201cPra Amar Tem Gay&#8230;\u201d<\/span><span style=\"font-weight: 400;\"> um samba alegre, livre, inclusivo, envolvente, cultural e que at\u00e9 hoje faz grande sucesso em nossa cidade.<\/span><\/p>\n<p><span style=\"font-weight: 400;\">Torrado j\u00e1 recebeu a comenda de Menestrel do Samba pela Funda\u00e7\u00e3o Cultural de Porto Velho \u2013 FUNCULTURAL, por\u00e9m nunca fora homenageado pelas ligas, federa\u00e7\u00f5es e agremia\u00e7\u00f5es do segmento direto do carnaval local. Enquanto compositor o menestrel coleciona algo em torno de 60\/70 composi\u00e7\u00f5es de sua autoria constando de sambas, boleros, pagodes e outros ritmos.<\/span><\/p>\n<p><span style=\"font-weight: 400;\">Atualmente, sempre festivo e nutrido pela alegria de viver e pela sua inser\u00e7\u00e3o social nas rodas de futebol, samba, boemia e domin\u00f3, o mestre Torrado integra e comp\u00f5e a cena da cultura local como um not\u00e1vel baluarte a frequentar com brilhantismo as rodas de samba do Bar do Calixto, Mesa de\u00a0 Domin\u00f3 no bar do Cal\u00e7a Frouxa, nas as animadas reuni\u00f5es futebol\u00edsticas de amigos no Clube Gril\u00e3o, dentre outros espa\u00e7os onde sempre a cultura popular e o esporte formam as pautas que o animam estar e sempre promover os enlaces sociais.<\/span><\/p>\n<p><span style=\"font-weight: 400;\">Isto posto, pelas vias desse tema o Bloco Pirarucu do Madeira, no exerc\u00edcio da sua compromissada pauta de registro, valoriza\u00e7\u00e3o e conduta social e cultural, chama os clarins pra soarem alto e melodiosos aos ouvidos e \u00e2nimo do povo, trazendo o Mestre Torrado pra dizer e no gog\u00f3 e responder no p\u00e9, enquanto aben\u00e7oado e devotado cidad\u00e3o, signat\u00e1rio da alegria de viver, foli\u00e3o do carnaval e homem de f\u00e9, sob as b\u00ean\u00e7\u00e3os do seu padroeiro, S\u00e3o Jos\u00e9 para exibir e esparramar a sua alegria e lume cultural, no carnaval de 2026.<\/span><\/p>\n","protected":false},"excerpt":{"rendered":"<p>O manaura Jos\u00e9 Luiz Machado, carinhosamente chamado \u2018Torrado, ser\u00e1 homenageado pela primeira vez num bloco de rua no carnaval de Porto Velho, capital que o acolheu h\u00e1 58 anos. O dono de uma voz potente que emociona e transborda alegria, preencheu todos os espa\u00e7os da cultura popular como menestrel do samba.<\/p>\n","protected":false},"author":1,"featured_media":0,"comment_status":"closed","ping_status":"open","sticky":false,"template":"","format":"standard","meta":{"_exactmetrics_skip_tracking":false,"_exactmetrics_sitenote_active":false,"_exactmetrics_sitenote_note":"","_exactmetrics_sitenote_category":0,"jetpack_post_was_ever_published":false,"_jetpack_newsletter_access":"","_jetpack_dont_email_post_to_subs":false,"_jetpack_newsletter_tier_id":0,"_jetpack_memberships_contains_paywalled_content":false,"_jetpack_memberships_contains_paid_content":false,"footnotes":"","jetpack_publicize_message":"","jetpack_publicize_feature_enabled":true,"jetpack_social_post_already_shared":true,"jetpack_social_options":{"image_generator_settings":{"template":"highway","enabled":false},"version":2}},"categories":[1],"tags":[821,1558,1557],"class_list":["post-37807","post","type-post","status-publish","format-standard","hentry","category-notas","tag-bloco-pirarucu-do-madeira","tag-carnaval-2026","tag-torrado"],"jetpack_publicize_connections":[],"jetpack_sharing_enabled":true,"jetpack_featured_media_url":"","jetpack_shortlink":"https:\/\/wp.me\/p7wKYW-9PN","jetpack-related-posts":[],"_links":{"self":[{"href":"http:\/\/blogdalucianaoliveira.com.br\/blog\/wp-json\/wp\/v2\/posts\/37807","targetHints":{"allow":["GET"]}}],"collection":[{"href":"http:\/\/blogdalucianaoliveira.com.br\/blog\/wp-json\/wp\/v2\/posts"}],"about":[{"href":"http:\/\/blogdalucianaoliveira.com.br\/blog\/wp-json\/wp\/v2\/types\/post"}],"author":[{"embeddable":true,"href":"http:\/\/blogdalucianaoliveira.com.br\/blog\/wp-json\/wp\/v2\/users\/1"}],"replies":[{"embeddable":true,"href":"http:\/\/blogdalucianaoliveira.com.br\/blog\/wp-json\/wp\/v2\/comments?post=37807"}],"version-history":[{"count":4,"href":"http:\/\/blogdalucianaoliveira.com.br\/blog\/wp-json\/wp\/v2\/posts\/37807\/revisions"}],"predecessor-version":[{"id":37814,"href":"http:\/\/blogdalucianaoliveira.com.br\/blog\/wp-json\/wp\/v2\/posts\/37807\/revisions\/37814"}],"wp:attachment":[{"href":"http:\/\/blogdalucianaoliveira.com.br\/blog\/wp-json\/wp\/v2\/media?parent=37807"}],"wp:term":[{"taxonomy":"category","embeddable":true,"href":"http:\/\/blogdalucianaoliveira.com.br\/blog\/wp-json\/wp\/v2\/categories?post=37807"},{"taxonomy":"post_tag","embeddable":true,"href":"http:\/\/blogdalucianaoliveira.com.br\/blog\/wp-json\/wp\/v2\/tags?post=37807"}],"curies":[{"name":"wp","href":"https:\/\/api.w.org\/{rel}","templated":true}]}}