{"id":37823,"date":"2025-10-30T14:21:11","date_gmt":"2025-10-30T18:21:11","guid":{"rendered":"http:\/\/blogdalucianaoliveira.com.br\/blog\/?p=37823"},"modified":"2025-10-30T14:21:11","modified_gmt":"2025-10-30T18:21:11","slug":"deputada-claudia-de-jesus-destina-r-315-mil-em-emendas-para-fortalecer-escolas-familia-agricola-em-rondonia","status":"publish","type":"post","link":"http:\/\/blogdalucianaoliveira.com.br\/blog\/2025\/10\/30\/deputada-claudia-de-jesus-destina-r-315-mil-em-emendas-para-fortalecer-escolas-familia-agricola-em-rondonia\/","title":{"rendered":"Deputada Cl\u00e1udia de Jesus destina R$ 315 mil em emendas para fortalecer Escolas Fam\u00edlia Agr\u00edcola em Rond\u00f4nia"},"content":{"rendered":"<p><img data-recalc-dims=\"1\" loading=\"lazy\" decoding=\"async\" data-attachment-id=\"37825\" data-permalink=\"http:\/\/blogdalucianaoliveira.com.br\/blog\/2025\/10\/30\/deputada-claudia-de-jesus-destina-r-315-mil-em-emendas-para-fortalecer-escolas-familia-agricola-em-rondonia\/img_9308-2\/\" data-orig-file=\"https:\/\/i0.wp.com\/blogdalucianaoliveira.com.br\/blog\/wp-content\/uploads\/2025\/10\/IMG_9308.jpeg?fit=1620%2C1080\" data-orig-size=\"1620,1080\" data-comments-opened=\"0\" data-image-meta=\"{&quot;aperture&quot;:&quot;6.3&quot;,&quot;credit&quot;:&quot;&quot;,&quot;camera&quot;:&quot;Canon EOS Rebel SL3&quot;,&quot;caption&quot;:&quot;&quot;,&quot;created_timestamp&quot;:&quot;1761822594&quot;,&quot;copyright&quot;:&quot;&quot;,&quot;focal_length&quot;:&quot;18&quot;,&quot;iso&quot;:&quot;100&quot;,&quot;shutter_speed&quot;:&quot;0.00625&quot;,&quot;title&quot;:&quot;&quot;,&quot;orientation&quot;:&quot;1&quot;}\" data-image-title=\"IMG_9308\" data-image-description=\"\" data-image-caption=\"\" data-medium-file=\"https:\/\/i0.wp.com\/blogdalucianaoliveira.com.br\/blog\/wp-content\/uploads\/2025\/10\/IMG_9308.jpeg?fit=300%2C200\" data-large-file=\"https:\/\/i0.wp.com\/blogdalucianaoliveira.com.br\/blog\/wp-content\/uploads\/2025\/10\/IMG_9308.jpeg?fit=600%2C400\" class=\"alignnone size-medium wp-image-37825\" src=\"https:\/\/i0.wp.com\/blogdalucianaoliveira.com.br\/blog\/wp-content\/uploads\/2025\/10\/IMG_9308.jpeg?resize=300%2C200\" alt=\"\" width=\"300\" height=\"200\" srcset=\"https:\/\/i0.wp.com\/blogdalucianaoliveira.com.br\/blog\/wp-content\/uploads\/2025\/10\/IMG_9308.jpeg?resize=300%2C200 300w, https:\/\/i0.wp.com\/blogdalucianaoliveira.com.br\/blog\/wp-content\/uploads\/2025\/10\/IMG_9308.jpeg?resize=1024%2C683 1024w, https:\/\/i0.wp.com\/blogdalucianaoliveira.com.br\/blog\/wp-content\/uploads\/2025\/10\/IMG_9308.jpeg?resize=768%2C512 768w, https:\/\/i0.wp.com\/blogdalucianaoliveira.com.br\/blog\/wp-content\/uploads\/2025\/10\/IMG_9308.jpeg?resize=1536%2C1024 1536w, https:\/\/i0.wp.com\/blogdalucianaoliveira.com.br\/blog\/wp-content\/uploads\/2025\/10\/IMG_9308.jpeg?resize=450%2C300 450w, https:\/\/i0.wp.com\/blogdalucianaoliveira.com.br\/blog\/wp-content\/uploads\/2025\/10\/IMG_9308.jpeg?w=1620 1620w, https:\/\/i0.wp.com\/blogdalucianaoliveira.com.br\/blog\/wp-content\/uploads\/2025\/10\/IMG_9308.jpeg?w=1200 1200w\" sizes=\"auto, (max-width: 300px) 100vw, 300px\" \/><\/p>\n<p>Recursos beneficiar\u00e3o a AEFARO e a APPEFA com a compra de dois ve\u00edculos, garantindo mais mobilidade e apoio \u00e0s atividades pedag\u00f3gicas e comunit\u00e1rias no campo.<!--more--><\/p>\n<p>A deputada estadual Cl\u00e1udia de Jesus (PT) destinou R$ 315 mil em emendas parlamentares para fortalecer a educa\u00e7\u00e3o do campo em Rond\u00f4nia. O investimento contempla a Associa\u00e7\u00e3o das Escolas Fam\u00edlia Agr\u00edcola de Rond\u00f4nia (AEFARO) e a Associa\u00e7\u00e3o de Pais e Professores da Escola Fam\u00edlia Agr\u00edcola do Vale do Para\u00edso (APPEFA).<\/p>\n<p><img data-recalc-dims=\"1\" loading=\"lazy\" decoding=\"async\" data-attachment-id=\"37824\" data-permalink=\"http:\/\/blogdalucianaoliveira.com.br\/blog\/2025\/10\/30\/deputada-claudia-de-jesus-destina-r-315-mil-em-emendas-para-fortalecer-escolas-familia-agricola-em-rondonia\/img_9309\/\" data-orig-file=\"https:\/\/i0.wp.com\/blogdalucianaoliveira.com.br\/blog\/wp-content\/uploads\/2025\/10\/IMG_9309.jpeg?fit=1620%2C1080\" data-orig-size=\"1620,1080\" data-comments-opened=\"0\" data-image-meta=\"{&quot;aperture&quot;:&quot;4&quot;,&quot;credit&quot;:&quot;&quot;,&quot;camera&quot;:&quot;Canon EOS Rebel SL3&quot;,&quot;caption&quot;:&quot;&quot;,&quot;created_timestamp&quot;:&quot;1761822616&quot;,&quot;copyright&quot;:&quot;&quot;,&quot;focal_length&quot;:&quot;18&quot;,&quot;iso&quot;:&quot;125&quot;,&quot;shutter_speed&quot;:&quot;0.002&quot;,&quot;title&quot;:&quot;&quot;,&quot;orientation&quot;:&quot;1&quot;}\" data-image-title=\"IMG_9309\" data-image-description=\"\" data-image-caption=\"\" data-medium-file=\"https:\/\/i0.wp.com\/blogdalucianaoliveira.com.br\/blog\/wp-content\/uploads\/2025\/10\/IMG_9309.jpeg?fit=300%2C200\" data-large-file=\"https:\/\/i0.wp.com\/blogdalucianaoliveira.com.br\/blog\/wp-content\/uploads\/2025\/10\/IMG_9309.jpeg?fit=600%2C400\" class=\"alignnone size-medium wp-image-37824\" src=\"https:\/\/i0.wp.com\/blogdalucianaoliveira.com.br\/blog\/wp-content\/uploads\/2025\/10\/IMG_9309.jpeg?resize=300%2C200\" alt=\"\" width=\"300\" height=\"200\" srcset=\"https:\/\/i0.wp.com\/blogdalucianaoliveira.com.br\/blog\/wp-content\/uploads\/2025\/10\/IMG_9309.jpeg?resize=300%2C200 300w, https:\/\/i0.wp.com\/blogdalucianaoliveira.com.br\/blog\/wp-content\/uploads\/2025\/10\/IMG_9309.jpeg?resize=1024%2C683 1024w, https:\/\/i0.wp.com\/blogdalucianaoliveira.com.br\/blog\/wp-content\/uploads\/2025\/10\/IMG_9309.jpeg?resize=768%2C512 768w, https:\/\/i0.wp.com\/blogdalucianaoliveira.com.br\/blog\/wp-content\/uploads\/2025\/10\/IMG_9309.jpeg?resize=1536%2C1024 1536w, https:\/\/i0.wp.com\/blogdalucianaoliveira.com.br\/blog\/wp-content\/uploads\/2025\/10\/IMG_9309.jpeg?resize=450%2C300 450w, https:\/\/i0.wp.com\/blogdalucianaoliveira.com.br\/blog\/wp-content\/uploads\/2025\/10\/IMG_9309.jpeg?w=1620 1620w, https:\/\/i0.wp.com\/blogdalucianaoliveira.com.br\/blog\/wp-content\/uploads\/2025\/10\/IMG_9309.jpeg?w=1200 1200w\" sizes=\"auto, (max-width: 300px) 100vw, 300px\" \/><br \/>\nA AEFARO recebeu R$ 100 mil, enquanto a APPEFA foi contemplada com R$ 215 mil, totalizando R$ 315 mil em recursos aplicados diretamente na melhoria da infraestrutura das escolas. Com o valor, foram adquiridos dois ve\u00edculos que ir\u00e3o apoiar a locomo\u00e7\u00e3o, o acompanhamento pedag\u00f3gico e as atividades comunit\u00e1rias desenvolvidas junto aos estudantes e agricultores familiares.<\/p>\n<p>Durante a entrega, Cl\u00e1udia destacou a import\u00e2ncia das Escolas Fam\u00edlia Agr\u00edcola (EFAs) como espa\u00e7os de forma\u00e7\u00e3o integral, que unem teoria e pr\u00e1tica e valorizam a vida no campo.<\/p>\n<p>\u201cEssas escolas t\u00eam um papel essencial na forma\u00e7\u00e3o de jovens rurais, porque ensinam com base na realidade de cada comunidade. Nosso mandato tem compromisso com a educa\u00e7\u00e3o do campo, com a agricultura familiar e com o desenvolvimento sustent\u00e1vel de Rond\u00f4nia\u201d, afirmou a parlamentar.<\/p>\n<p>A iniciativa refor\u00e7a o compromisso do mandato da deputada Cl\u00e1udia de Jesus com a valoriza\u00e7\u00e3o da educa\u00e7\u00e3o p\u00fablica, o fortalecimento das comunidades rurais e a constru\u00e7\u00e3o de oportunidades para a juventude do campo.<\/p>\n<p>A entrega dos ve\u00edculos contou com a presen\u00e7a de representantes das entidades beneficiadas, professores e lideran\u00e7as locais.<\/p>\n","protected":false},"excerpt":{"rendered":"<p>Recursos beneficiar\u00e3o a AEFARO e a APPEFA com a compra de dois ve\u00edculos, garantindo mais mobilidade e apoio \u00e0s atividades pedag\u00f3gicas e comunit\u00e1rias no campo.<\/p>\n","protected":false},"author":1,"featured_media":0,"comment_status":"closed","ping_status":"open","sticky":false,"template":"","format":"standard","meta":{"_exactmetrics_skip_tracking":false,"_exactmetrics_sitenote_active":false,"_exactmetrics_sitenote_note":"","_exactmetrics_sitenote_category":0,"jetpack_post_was_ever_published":false,"_jetpack_newsletter_access":"","_jetpack_dont_email_post_to_subs":false,"_jetpack_newsletter_tier_id":0,"_jetpack_memberships_contains_paywalled_content":false,"_jetpack_memberships_contains_paid_content":false,"footnotes":"","jetpack_publicize_message":"","jetpack_publicize_feature_enabled":true,"jetpack_social_post_already_shared":true,"jetpack_social_options":{"image_generator_settings":{"template":"highway","enabled":false},"version":2}},"categories":[1],"tags":[],"class_list":["post-37823","post","type-post","status-publish","format-standard","hentry","category-notas"],"jetpack_publicize_connections":[],"jetpack_sharing_enabled":true,"jetpack_featured_media_url":"","jetpack_shortlink":"https:\/\/wp.me\/p7wKYW-9Q3","jetpack-related-posts":[],"_links":{"self":[{"href":"http:\/\/blogdalucianaoliveira.com.br\/blog\/wp-json\/wp\/v2\/posts\/37823","targetHints":{"allow":["GET"]}}],"collection":[{"href":"http:\/\/blogdalucianaoliveira.com.br\/blog\/wp-json\/wp\/v2\/posts"}],"about":[{"href":"http:\/\/blogdalucianaoliveira.com.br\/blog\/wp-json\/wp\/v2\/types\/post"}],"author":[{"embeddable":true,"href":"http:\/\/blogdalucianaoliveira.com.br\/blog\/wp-json\/wp\/v2\/users\/1"}],"replies":[{"embeddable":true,"href":"http:\/\/blogdalucianaoliveira.com.br\/blog\/wp-json\/wp\/v2\/comments?post=37823"}],"version-history":[{"count":1,"href":"http:\/\/blogdalucianaoliveira.com.br\/blog\/wp-json\/wp\/v2\/posts\/37823\/revisions"}],"predecessor-version":[{"id":37826,"href":"http:\/\/blogdalucianaoliveira.com.br\/blog\/wp-json\/wp\/v2\/posts\/37823\/revisions\/37826"}],"wp:attachment":[{"href":"http:\/\/blogdalucianaoliveira.com.br\/blog\/wp-json\/wp\/v2\/media?parent=37823"}],"wp:term":[{"taxonomy":"category","embeddable":true,"href":"http:\/\/blogdalucianaoliveira.com.br\/blog\/wp-json\/wp\/v2\/categories?post=37823"},{"taxonomy":"post_tag","embeddable":true,"href":"http:\/\/blogdalucianaoliveira.com.br\/blog\/wp-json\/wp\/v2\/tags?post=37823"}],"curies":[{"name":"wp","href":"https:\/\/api.w.org\/{rel}","templated":true}]}}