{"id":37829,"date":"2025-10-31T20:34:07","date_gmt":"2025-11-01T00:34:07","guid":{"rendered":"https:\/\/blogdalucianaoliveira.com.br\/blog\/?p=37829"},"modified":"2025-10-31T20:34:07","modified_gmt":"2025-11-01T00:34:07","slug":"lula-assina-projeto-de-lei-antifaccao-e-envia-ao-congresso","status":"publish","type":"post","link":"http:\/\/blogdalucianaoliveira.com.br\/blog\/2025\/10\/31\/lula-assina-projeto-de-lei-antifaccao-e-envia-ao-congresso\/","title":{"rendered":"Lula assina Projeto de lei Antifac\u00e7\u00e3o e envia ao Congresso"},"content":{"rendered":"<p><img data-recalc-dims=\"1\" loading=\"lazy\" decoding=\"async\" data-attachment-id=\"37830\" data-permalink=\"http:\/\/blogdalucianaoliveira.com.br\/blog\/2025\/10\/31\/lula-assina-projeto-de-lei-antifaccao-e-envia-ao-congresso\/img_9356-2\/\" data-orig-file=\"https:\/\/i0.wp.com\/blogdalucianaoliveira.com.br\/blog\/wp-content\/uploads\/2025\/10\/IMG_9356.webp?fit=1170%2C700\" data-orig-size=\"1170,700\" data-comments-opened=\"0\" data-image-meta=\"{&quot;aperture&quot;:&quot;0&quot;,&quot;credit&quot;:&quot;&quot;,&quot;camera&quot;:&quot;&quot;,&quot;caption&quot;:&quot;&quot;,&quot;created_timestamp&quot;:&quot;0&quot;,&quot;copyright&quot;:&quot;&quot;,&quot;focal_length&quot;:&quot;0&quot;,&quot;iso&quot;:&quot;0&quot;,&quot;shutter_speed&quot;:&quot;0&quot;,&quot;title&quot;:&quot;&quot;,&quot;orientation&quot;:&quot;0&quot;}\" data-image-title=\"IMG_9356\" data-image-description=\"\" data-image-caption=\"\" data-medium-file=\"https:\/\/i0.wp.com\/blogdalucianaoliveira.com.br\/blog\/wp-content\/uploads\/2025\/10\/IMG_9356.webp?fit=300%2C179\" data-large-file=\"https:\/\/i0.wp.com\/blogdalucianaoliveira.com.br\/blog\/wp-content\/uploads\/2025\/10\/IMG_9356.webp?fit=600%2C359\" class=\"alignnone size-medium wp-image-37830\" src=\"https:\/\/i0.wp.com\/blogdalucianaoliveira.com.br\/blog\/wp-content\/uploads\/2025\/10\/IMG_9356.webp?resize=300%2C179\" alt=\"\" width=\"300\" height=\"179\" srcset=\"https:\/\/i0.wp.com\/blogdalucianaoliveira.com.br\/blog\/wp-content\/uploads\/2025\/10\/IMG_9356.webp?resize=300%2C179 300w, https:\/\/i0.wp.com\/blogdalucianaoliveira.com.br\/blog\/wp-content\/uploads\/2025\/10\/IMG_9356.webp?resize=1024%2C613 1024w, https:\/\/i0.wp.com\/blogdalucianaoliveira.com.br\/blog\/wp-content\/uploads\/2025\/10\/IMG_9356.webp?resize=768%2C459 768w, https:\/\/i0.wp.com\/blogdalucianaoliveira.com.br\/blog\/wp-content\/uploads\/2025\/10\/IMG_9356.webp?resize=501%2C300 501w, https:\/\/i0.wp.com\/blogdalucianaoliveira.com.br\/blog\/wp-content\/uploads\/2025\/10\/IMG_9356.webp?w=1170 1170w\" sizes=\"auto, (max-width: 300px) 100vw, 300px\" \/><\/p>\n<p>Proposta prev\u00ea at\u00e9 30 anos de pris\u00e3o para organiza\u00e7\u00f5es criminosas<!--more--><\/p>\n<p>Ag\u00eancia Brasil &#8211; O <strong>presidente Luiz In\u00e1cio Lula da Silva assinou<\/strong>, nesta sexta-feira (31), <strong>o projeto de lei Antifac\u00e7\u00e3o para ser encaminhado ao Congresso Nacional ainda hoje em regime de urg\u00eancia<\/strong>.<img data-recalc-dims=\"1\" decoding=\"async\" src=\"https:\/\/i0.wp.com\/agenciabrasil.ebc.com.br\/ebc.png?w=600&#038;ssl=1\" \/><img data-recalc-dims=\"1\" decoding=\"async\" src=\"https:\/\/i0.wp.com\/agenciabrasil.ebc.com.br\/ebc.gif?w=600&#038;ssl=1\" \/><\/p>\n<p>A Secretaria de Comunica\u00e7\u00e3o do governo confirmou a informa\u00e7\u00e3o nesta tarde \u00e0 imprensa, havendo apenas \u201cpequenos ajustes de reda\u00e7\u00e3o\u201d ao texto que foi elaborado pelo Minist\u00e9rio da Justi\u00e7a e da Seguran\u00e7a P\u00fablica.<\/p>\n<p>A <strong>proposta \u00e9 levada ao Legislativo depois dos resultados da Opera\u00e7\u00e3o Conten\u00e7\u00e3o, que deixou 121 mortos no Rio de Janeiro<\/strong>.<\/p>\n<p>Conforme havia sido informado\u00a0pelo ministro da Justi\u00e7a e Seguran\u00e7a P\u00fablica,\u00a0Ricardo Lewandowski, a <strong>proposta inclui agravar a pena para lideran\u00e7as e integrantes de organiza\u00e7\u00f5es criminosas<\/strong>.<\/p>\n<p>Os <strong>condenados pelo crime de &#8220;organiza\u00e7\u00e3o criminosa qualificada&#8221;, que passaria a ser um novo tipo penal, poder\u00e3o receber a pena de 30 anos de pris\u00e3o<\/strong>.<\/p>\n<p>O texto prev\u00ea ainda a <strong>cria\u00e7\u00e3o de um banco de dados nacional para ter uma esp\u00e9cie de cat\u00e1logo de informa\u00e7\u00f5es dessas fac\u00e7\u00f5es<\/strong> com a finalidade de reunir informa\u00e7\u00f5es estrat\u00e9gicas para investiga\u00e7\u00e3o e rastreamento desses grupos.<\/p>\n<p>Outro ponto \u00e9 adotar a\u00e7\u00f5es para <strong>diminuir os recursos financeiros das fac\u00e7\u00f5es de maneira mais r\u00e1pida<\/strong>.<\/p>\n<p>Um exemplo\u00a0seria a apreens\u00e3o de bens, direitos ou valores do investigado, inclusive durante o curso do inqu\u00e9rito ou quando houver suspeita de que sejam produtos ou instrumento de pr\u00e1tica de crimes.<\/p>\n<h2>Infiltra\u00e7\u00e3o<\/h2>\n<p>Outra a\u00e7\u00e3o prevista pela proposta \u00e9 a de <strong>infiltra\u00e7\u00e3o de policiais e colaboradores na organiza\u00e7\u00e3o criminosa durante a investiga\u00e7\u00e3o<\/strong> e at\u00e9 a <strong>possibilidade de criar pessoas jur\u00eddicas fict\u00edcias para facilitar a infiltra\u00e7\u00e3o <\/strong>na organiza\u00e7\u00e3o criminosa<\/p>\n<p>O projeto de lei ainda apresenta outra possibilidade, durante a investiga\u00e7\u00e3o, ao <strong>autorizar o monitoramento dos encontros realizados entre presos provis\u00f3rios ou condenados<\/strong> integrantes de organiza\u00e7\u00e3o criminosas<\/p>\n<h2>Penas de pris\u00e3o<\/h2>\n<p>A proposta\u00a0defende\u00a0a necessidade de <strong>aumento de pena da organiza\u00e7\u00e3o criminosa simples, de 3 a 8 anos de pris\u00e3o para de 5 a 10 anos<\/strong>.\u00a0O agravamento ainda maior (de dois ter\u00e7os ao dobro) das penas ocorreria nos casos do tipo penal caracterizado como\u00a0 \u201corganiza\u00e7\u00e3o criminosa qualificada\u201d.<\/p>\n<p>Entre os exemplos dessa caracter\u00edstica, est\u00e3o nos casos em que ficar comprovado o aliciamento de crian\u00e7a ou adolescente para o crime, ou mesmo quando a a\u00e7\u00e3o for funcion\u00e1rio p\u00fablico. Outra \u201cqualifica\u00e7\u00e3o\u201d do crime organizado pode ser entendida\u00a0nos casos de exerc\u00edcio de dom\u00ednio territorial ou prisional pela organiza\u00e7\u00e3o criminosa.<\/p>\n<p>S\u00e3o ainda situa\u00e7\u00f5es de agravamento de pena o uso de arma de fogo de uso restrito ou proibido e quando houver morte ou les\u00e3o corporal de agente de seguran\u00e7a p\u00fablica. Pelo projeto, o <strong>crime tipificado como de organiza\u00e7\u00e3o criminosa qualificada passa a ser considerado hediondo<\/strong>, ou seja, inafian\u00e7\u00e1vel.<\/p>\n<h2>Dom\u00ednio territorial<\/h2>\n<p>O dom\u00ednio territorial pelo crime organizado ocorre, conforme exemplifica o ministro da Justi\u00e7a, em comunidades dominadas por fac\u00e7\u00f5es, o que deixa os moradores\u00a0vulner\u00e1veis.<\/p>\n<h2>Banco de dados<\/h2>\n<p>Em rela\u00e7\u00e3o ao banco de dados,\u00a0a inten\u00e7\u00e3o \u00e9 ter o m\u00e1ximo de detalhes, inclusive at\u00e9 o<strong> DNA das pessoas envolvidas com o crime organizado.<\/strong><\/p>\n<h2>Lula defende tramita\u00e7\u00e3o r\u00e1pida<\/h2>\n<p>O presidente Lula usou as redes sociais para defender a\u00a0proposta.<\/p>\n<blockquote><p>&#8220;O projeto cria mecanismos que aumentam o poder do Estado e das for\u00e7as policiais para investigar e asfixiar financeiramente as fac\u00e7\u00f5es&#8221;, explicou o presidente.<\/p><\/blockquote>\n<p>Lula entende que a proposta do Executivo garante instrumentos que blindam os \u00f3rg\u00e3os p\u00fablicos da atua\u00e7\u00e3o de membros desse tipo de organiza\u00e7\u00f5es criminosas.<\/p>\n<p>Ele aproveitou para argumentar tamb\u00e9m a favor da PEC da Seguran\u00e7a P\u00fablica, enviada ao Congresso em abril, em vista da possibilidade de\u00a0a\u00e7\u00f5es integradas entre os \u00f3rg\u00e3os federais, estaduais e municipais no combate aos criminosos.<\/p>\n<p>&#8220;As fac\u00e7\u00f5es s\u00f3 ser\u00e3o derrotadas com o esfor\u00e7o conjunto de todas as esferas de poder. Diferen\u00e7as pol\u00edticas n\u00e3o podem ser pretexto para que deixemos de avan\u00e7ar&#8221;.<\/p>\n<p><strong>Ele pediu ao Congresso que a tramita\u00e7\u00e3o seja r\u00e1pida dos projetos<\/strong>. &#8220;As fam\u00edlias brasileiras merecem essa dedica\u00e7\u00e3o&#8221;, finalizou o presidente.<\/p>\n","protected":false},"excerpt":{"rendered":"<p>Proposta prev\u00ea at\u00e9 30 anos de pris\u00e3o para organiza\u00e7\u00f5es criminosas<\/p>\n","protected":false},"author":1,"featured_media":0,"comment_status":"closed","ping_status":"open","sticky":false,"template":"","format":"standard","meta":{"_exactmetrics_skip_tracking":false,"_exactmetrics_sitenote_active":false,"_exactmetrics_sitenote_note":"","_exactmetrics_sitenote_category":0,"jetpack_post_was_ever_published":false,"_jetpack_newsletter_access":"","_jetpack_dont_email_post_to_subs":false,"_jetpack_newsletter_tier_id":0,"_jetpack_memberships_contains_paywalled_content":false,"_jetpack_memberships_contains_paid_content":false,"footnotes":"","jetpack_publicize_message":"","jetpack_publicize_feature_enabled":true,"jetpack_social_post_already_shared":true,"jetpack_social_options":{"image_generator_settings":{"template":"highway","enabled":false},"version":2}},"categories":[1],"tags":[78,1560,1559],"class_list":["post-37829","post","type-post","status-publish","format-standard","hentry","category-notas","tag-lula","tag-operacao-contencao","tag-projeto-de-lei-anti-faccao"],"jetpack_publicize_connections":[],"jetpack_sharing_enabled":true,"jetpack_featured_media_url":"","jetpack_shortlink":"https:\/\/wp.me\/p7wKYW-9Q9","jetpack-related-posts":[],"_links":{"self":[{"href":"http:\/\/blogdalucianaoliveira.com.br\/blog\/wp-json\/wp\/v2\/posts\/37829","targetHints":{"allow":["GET"]}}],"collection":[{"href":"http:\/\/blogdalucianaoliveira.com.br\/blog\/wp-json\/wp\/v2\/posts"}],"about":[{"href":"http:\/\/blogdalucianaoliveira.com.br\/blog\/wp-json\/wp\/v2\/types\/post"}],"author":[{"embeddable":true,"href":"http:\/\/blogdalucianaoliveira.com.br\/blog\/wp-json\/wp\/v2\/users\/1"}],"replies":[{"embeddable":true,"href":"http:\/\/blogdalucianaoliveira.com.br\/blog\/wp-json\/wp\/v2\/comments?post=37829"}],"version-history":[{"count":1,"href":"http:\/\/blogdalucianaoliveira.com.br\/blog\/wp-json\/wp\/v2\/posts\/37829\/revisions"}],"predecessor-version":[{"id":37831,"href":"http:\/\/blogdalucianaoliveira.com.br\/blog\/wp-json\/wp\/v2\/posts\/37829\/revisions\/37831"}],"wp:attachment":[{"href":"http:\/\/blogdalucianaoliveira.com.br\/blog\/wp-json\/wp\/v2\/media?parent=37829"}],"wp:term":[{"taxonomy":"category","embeddable":true,"href":"http:\/\/blogdalucianaoliveira.com.br\/blog\/wp-json\/wp\/v2\/categories?post=37829"},{"taxonomy":"post_tag","embeddable":true,"href":"http:\/\/blogdalucianaoliveira.com.br\/blog\/wp-json\/wp\/v2\/tags?post=37829"}],"curies":[{"name":"wp","href":"https:\/\/api.w.org\/{rel}","templated":true}]}}