{"id":37832,"date":"2025-10-31T20:40:56","date_gmt":"2025-11-01T00:40:56","guid":{"rendered":"https:\/\/blogdalucianaoliveira.com.br\/blog\/?p=37832"},"modified":"2025-10-31T20:40:56","modified_gmt":"2025-11-01T00:40:56","slug":"justica-climatica-so-e-possivel-com-ampla-participacao-da-sociedade-nos-debates-destacam-enviados-especiais","status":"publish","type":"post","link":"http:\/\/blogdalucianaoliveira.com.br\/blog\/2025\/10\/31\/justica-climatica-so-e-possivel-com-ampla-participacao-da-sociedade-nos-debates-destacam-enviados-especiais\/","title":{"rendered":"Justi\u00e7a clim\u00e1tica s\u00f3 \u00e9 poss\u00edvel com ampla participa\u00e7\u00e3o da sociedade nos debates, destacam Enviados Especiais"},"content":{"rendered":"<p><img data-recalc-dims=\"1\" loading=\"lazy\" decoding=\"async\" data-attachment-id=\"37833\" data-permalink=\"http:\/\/blogdalucianaoliveira.com.br\/blog\/2025\/10\/31\/justica-climatica-so-e-possivel-com-ampla-participacao-da-sociedade-nos-debates-destacam-enviados-especiais\/img_9357-2\/\" data-orig-file=\"https:\/\/i0.wp.com\/blogdalucianaoliveira.com.br\/blog\/wp-content\/uploads\/2025\/10\/IMG_9357.png?fit=1200%2C800\" data-orig-size=\"1200,800\" data-comments-opened=\"0\" data-image-meta=\"{&quot;aperture&quot;:&quot;0&quot;,&quot;credit&quot;:&quot;&quot;,&quot;camera&quot;:&quot;&quot;,&quot;caption&quot;:&quot;&quot;,&quot;created_timestamp&quot;:&quot;0&quot;,&quot;copyright&quot;:&quot;&quot;,&quot;focal_length&quot;:&quot;0&quot;,&quot;iso&quot;:&quot;0&quot;,&quot;shutter_speed&quot;:&quot;0&quot;,&quot;title&quot;:&quot;&quot;,&quot;orientation&quot;:&quot;0&quot;}\" data-image-title=\"IMG_9357\" data-image-description=\"\" data-image-caption=\"\" data-medium-file=\"https:\/\/i0.wp.com\/blogdalucianaoliveira.com.br\/blog\/wp-content\/uploads\/2025\/10\/IMG_9357.png?fit=300%2C200\" data-large-file=\"https:\/\/i0.wp.com\/blogdalucianaoliveira.com.br\/blog\/wp-content\/uploads\/2025\/10\/IMG_9357.png?fit=600%2C400\" class=\"alignnone size-medium wp-image-37833\" src=\"https:\/\/i0.wp.com\/blogdalucianaoliveira.com.br\/blog\/wp-content\/uploads\/2025\/10\/IMG_9357.png?resize=300%2C200\" alt=\"\" width=\"300\" height=\"200\" srcset=\"https:\/\/i0.wp.com\/blogdalucianaoliveira.com.br\/blog\/wp-content\/uploads\/2025\/10\/IMG_9357.png?resize=300%2C200 300w, https:\/\/i0.wp.com\/blogdalucianaoliveira.com.br\/blog\/wp-content\/uploads\/2025\/10\/IMG_9357.png?resize=1024%2C683 1024w, https:\/\/i0.wp.com\/blogdalucianaoliveira.com.br\/blog\/wp-content\/uploads\/2025\/10\/IMG_9357.png?resize=768%2C512 768w, https:\/\/i0.wp.com\/blogdalucianaoliveira.com.br\/blog\/wp-content\/uploads\/2025\/10\/IMG_9357.png?resize=450%2C300 450w, https:\/\/i0.wp.com\/blogdalucianaoliveira.com.br\/blog\/wp-content\/uploads\/2025\/10\/IMG_9357.png?w=1200 1200w\" sizes=\"auto, (max-width: 300px) 100vw, 300px\" \/><\/p>\n<p>Clemente Ganz e Denise Dora, que atuam nos temas de Sindicatos e Direitos Humanos e Transi\u00e7\u00e3o Justa, frisam que discuss\u00f5es sobre mitiga\u00e7\u00e3o e adapta\u00e7\u00e3o \u00e0s mudan\u00e7as do clima precisam englobar toda a sociedade e levar em considera\u00e7\u00e3o impactos sobre trabalhadores<!--more--><\/p>\n<p><em>Por <a class=\"\" href=\"mailto:mayara.souto@presidencia.gov.br\" rel=\"noopener noreferrer\">Mayara Souto <\/a>\/ COP30<\/em><\/p>\n<p>&nbsp;<\/p>\n<p>\u201cA justi\u00e7a clim\u00e1tica significa envolver todas as pessoas no enfrentamento da emerg\u00eancia clim\u00e1tica e na transi\u00e7\u00e3o para uma economia de baixo carbono\u201d, destaca Clemente Ganz, Enviado Especial da COP30 para Sindicatos. No mesmo sentido, Denise Dora, Enviada Especial de Direitos Humanos e Transi\u00e7\u00e3o Justa, acrescenta que, para avan\u00e7ar efetivamente numa a\u00e7\u00e3o clim\u00e1tica igualit\u00e1ria \u00e9 preciso que os debates sejam \u201cdemocr\u00e1ticos\u201d, garantindo a participa\u00e7\u00e3o de diversas camadas sociais, como Estado, setor privado e sociedade civil.<\/p>\n<p>&nbsp;<\/p>\n<figure class=\"block image align large right\"><img data-recalc-dims=\"1\" loading=\"lazy\" decoding=\"async\" class=\"responsive\" src=\"https:\/\/i0.wp.com\/cop30.br\/pt-br\/noticias-da-cop30\/justica-climatica-so-e-possivel-com-ampla-participacao-da-sociedade-nos-debates-destacam-enviados-especiais\/foto-denise.jpeg\/%40%40images\/image-400-9a0793fb1516d6913be8332c109b0aed.jpeg?resize=400%2C400&#038;ssl=1\" sizes=\"auto, 50vw\" srcset=\"https:\/\/cop30.br\/pt-br\/noticias-da-cop30\/justica-climatica-so-e-possivel-com-ampla-participacao-da-sociedade-nos-debates-destacam-enviados-especiais\/foto-denise.jpeg\/@@images\/image-32-16e7d29e06a58ca4560e0391071fb408.jpeg 32w, https:\/\/cop30.br\/pt-br\/noticias-da-cop30\/justica-climatica-so-e-possivel-com-ampla-participacao-da-sociedade-nos-debates-destacam-enviados-especiais\/foto-denise.jpeg\/@@images\/image-64-7e9806c9e845d1af1f8ee70c09f84da9.jpeg 64w, https:\/\/cop30.br\/pt-br\/noticias-da-cop30\/justica-climatica-so-e-possivel-com-ampla-participacao-da-sociedade-nos-debates-destacam-enviados-especiais\/foto-denise.jpeg\/@@images\/image-128-c3ea310a126d80abddea76e2324c35e9.jpeg 128w, https:\/\/cop30.br\/pt-br\/noticias-da-cop30\/justica-climatica-so-e-possivel-com-ampla-participacao-da-sociedade-nos-debates-destacam-enviados-especiais\/foto-denise.jpeg\/@@images\/image-200-8182685accbbd4ea46fa8bcb2f58fb83.jpeg 200w, https:\/\/cop30.br\/pt-br\/noticias-da-cop30\/justica-climatica-so-e-possivel-com-ampla-participacao-da-sociedade-nos-debates-destacam-enviados-especiais\/foto-denise.jpeg\/@@images\/image-400-5409488e4401ce07783c38a81a4c3ee9.jpeg 400w\" alt=\"Foto: Divulga\u00e7\u00e3o\" width=\"400\" height=\"400\" \/><figcaption>Foto: Divulga\u00e7\u00e3o<\/figcaption><\/figure>\n<p>&nbsp;<\/p>\n<p>Na continua\u00e7\u00e3o da s\u00e9rie sobre os <a href=\"https:\/\/cop30.br\/pt-br\/presidencia-da-cop30\/enviados-especiais\"><strong>Enviados Especiais da COP30<\/strong><\/a>, os representantes da sociedade civil salientam a import\u00e2ncia de vozes de organiza\u00e7\u00f5es, comunidades e trabalhadores serem ouvidas na confer\u00eancia, especialmente na <a href=\"https:\/\/cop30.br\/pt-br\/agenda-de-acao\"><strong>Agenda de A\u00e7\u00e3o<\/strong><\/a>.<\/p>\n<p>&nbsp;<\/p>\n<p>&#8220;Para pensar a agenda do clima \u00e9 indispens\u00e1vel estabelecer o di\u00e1logo com os movimentos, ONGs, institutos e universidades sob a perspectiva da defesa dos direitos fundamentais. E tamb\u00e9m precisamos fazer o movimento inverso, que \u00e9 compartilhar com as comunidades nacionais e internacionais como a agenda de clima \u00e9 a solu\u00e7\u00e3o para muitos problemas\u201d, ressalta Dora.<\/p>\n<p>&nbsp;<\/p>\n<p>&nbsp;<\/p>\n<p>&nbsp;<\/p>\n<p>Ainda segundo a Enviada, a participa\u00e7\u00e3o ampla \u00e9 premissa para enfrentar as mudan\u00e7as clim\u00e1ticas. \u201cA justi\u00e7a clim\u00e1tica depende de informa\u00e7\u00e3o, de participa\u00e7\u00e3o, transpar\u00eancia e di\u00e1logo continuado entre os agentes p\u00fablicos, as empresas, os movimentos e as organiza\u00e7\u00f5es. Por muitas raz\u00f5es, mas fundamentalmente, porque a agenda do clima tem que ser democr\u00e1tica. Ela precisa ser permeada por diversas camadas de participa\u00e7\u00e3o social\u201d, enfatiza.<\/p>\n<h2 class=\"block-heading\">Transi\u00e7\u00e3o justa<\/h2>\n<figure class=\"block image align large right\"><img data-recalc-dims=\"1\" loading=\"lazy\" decoding=\"async\" class=\"responsive\" src=\"https:\/\/i0.wp.com\/cop30.br\/pt-br\/noticias-da-cop30\/justica-climatica-so-e-possivel-com-ampla-participacao-da-sociedade-nos-debates-destacam-enviados-especiais\/foto-clemente.jpeg\/%40%40images\/image-400-7946dc1255f2f75d7da2ffe636debfac.jpeg?resize=400%2C400&#038;ssl=1\" sizes=\"auto, 50vw\" srcset=\"https:\/\/cop30.br\/pt-br\/noticias-da-cop30\/justica-climatica-so-e-possivel-com-ampla-participacao-da-sociedade-nos-debates-destacam-enviados-especiais\/foto-clemente.jpeg\/@@images\/image-32-c64451926454c4cd33cd89bec562f509.jpeg 32w, https:\/\/cop30.br\/pt-br\/noticias-da-cop30\/justica-climatica-so-e-possivel-com-ampla-participacao-da-sociedade-nos-debates-destacam-enviados-especiais\/foto-clemente.jpeg\/@@images\/image-64-4d9e6d03e5268e59a571709950a82bd8.jpeg 64w, https:\/\/cop30.br\/pt-br\/noticias-da-cop30\/justica-climatica-so-e-possivel-com-ampla-participacao-da-sociedade-nos-debates-destacam-enviados-especiais\/foto-clemente.jpeg\/@@images\/image-128-bb9395aa781b9650e80fbc6e309352df.jpeg 128w, https:\/\/cop30.br\/pt-br\/noticias-da-cop30\/justica-climatica-so-e-possivel-com-ampla-participacao-da-sociedade-nos-debates-destacam-enviados-especiais\/foto-clemente.jpeg\/@@images\/image-200-d2ff79b3fdbd7d317201a53cf30d22c8.jpeg 200w, https:\/\/cop30.br\/pt-br\/noticias-da-cop30\/justica-climatica-so-e-possivel-com-ampla-participacao-da-sociedade-nos-debates-destacam-enviados-especiais\/foto-clemente.jpeg\/@@images\/image-400-2866c235b33d7f74ad627bafee76f9f7.jpeg 400w\" alt=\"Foto: Divulga\u00e7\u00e3o\" width=\"400\" height=\"400\" \/><figcaption>Foto: Divulga\u00e7\u00e3o<\/figcaption><\/figure>\n<p>&nbsp;<\/p>\n<p>&nbsp;<\/p>\n<p>O Enviado Especial no tema Sindicatos chama aten\u00e7\u00e3o para o fato de que a classe trabalhadora enfrenta diretamente os impactos da mudan\u00e7a do clima, inclusive devido \u00e0s a\u00e7\u00f5es adotadas em prol da mitiga\u00e7\u00e3o, como a transi\u00e7\u00e3o energ\u00e9tica, que muda as estruturas de diversos setores da economia.<\/p>\n<p>&nbsp;<\/p>\n<p>Clemente Ganz: \u201cA classe trabalhadora \u00e9 uma grande parte da sociedade altamente impactada pela mudan\u00e7a clim\u00e1tica\u201d.<\/p>\n<p>&nbsp;<\/p>\n<p>Ele alerta que uma transi\u00e7\u00e3o justa deve acontecer de forma &#8220;equilibrada&#8221;, garantindo que trabalhadores e comunidades &#8220;n\u00e3o sejam prejudicados no processo de mudan\u00e7a para uma economia de baixo carbono\u201d.<\/p>\n<h2 class=\"block-heading\">Expertise brasileira<\/h2>\n<p>&nbsp;<\/p>\n<p>&nbsp;<\/p>\n<p>Denise Dora v\u00ea no Brasil um grande potencial para liderar as discuss\u00f5es sobre transi\u00e7\u00e3o justa. O pa\u00eds j\u00e1 \u00e9 um dos mais avan\u00e7ados na transi\u00e7\u00e3o energ\u00e9tica, com 93% da energia el\u00e9trica produzida atualmente por fontes renov\u00e1veis, ocupando uma posi\u00e7\u00e3o privilegiada para compartilhar experi\u00eancias e solu\u00e7\u00f5es para o resto do mundo.<\/p>\n<p>&nbsp;<\/p>\n<p>A especialista frisa que o Brasil tem hist\u00f3rico de resili\u00eancia, de resolu\u00e7\u00e3o de crises e de capacidade de pensar criativamente. Ela avalia que isso j\u00e1 est\u00e1 sendo empregado dentro da COP30, atrav\u00e9s da Agenda de A\u00e7\u00e3o e do <a href=\"https:\/\/cop30.br\/pt-br\/agenda-de-acao\/celeiro-de-solucoes\"><strong>Celeiro de Solu\u00e7\u00f5es<\/strong><\/a>, que demonstram iniciativas j\u00e1 adotadas pela sociedade civil, os setores p\u00fablicos e privados no enfrentamento \u00e0 mudan\u00e7a do clima.<\/p>\n","protected":false},"excerpt":{"rendered":"<p>Clemente Ganz e Denise Dora, que atuam nos temas de Sindicatos e Direitos Humanos e Transi\u00e7\u00e3o Justa, frisam que discuss\u00f5es sobre mitiga\u00e7\u00e3o e adapta\u00e7\u00e3o \u00e0s mudan\u00e7as do clima precisam englobar toda a sociedade e levar em considera\u00e7\u00e3o impactos sobre trabalhadores<\/p>\n","protected":false},"author":1,"featured_media":0,"comment_status":"closed","ping_status":"open","sticky":false,"template":"","format":"standard","meta":{"_exactmetrics_skip_tracking":false,"_exactmetrics_sitenote_active":false,"_exactmetrics_sitenote_note":"","_exactmetrics_sitenote_category":0,"jetpack_post_was_ever_published":false,"_jetpack_newsletter_access":"","_jetpack_dont_email_post_to_subs":false,"_jetpack_newsletter_tier_id":0,"_jetpack_memberships_contains_paywalled_content":false,"_jetpack_memberships_contains_paid_content":false,"footnotes":"","jetpack_publicize_message":"","jetpack_publicize_feature_enabled":true,"jetpack_social_post_already_shared":true,"jetpack_social_options":{"image_generator_settings":{"template":"highway","enabled":false},"version":2}},"categories":[1],"tags":[1274,1561,1562],"class_list":["post-37832","post","type-post","status-publish","format-standard","hentry","category-notas","tag-cop30","tag-justica-climatica","tag-sociedade"],"jetpack_publicize_connections":[],"jetpack_sharing_enabled":true,"jetpack_featured_media_url":"","jetpack_shortlink":"https:\/\/wp.me\/p7wKYW-9Qc","jetpack-related-posts":[],"_links":{"self":[{"href":"http:\/\/blogdalucianaoliveira.com.br\/blog\/wp-json\/wp\/v2\/posts\/37832","targetHints":{"allow":["GET"]}}],"collection":[{"href":"http:\/\/blogdalucianaoliveira.com.br\/blog\/wp-json\/wp\/v2\/posts"}],"about":[{"href":"http:\/\/blogdalucianaoliveira.com.br\/blog\/wp-json\/wp\/v2\/types\/post"}],"author":[{"embeddable":true,"href":"http:\/\/blogdalucianaoliveira.com.br\/blog\/wp-json\/wp\/v2\/users\/1"}],"replies":[{"embeddable":true,"href":"http:\/\/blogdalucianaoliveira.com.br\/blog\/wp-json\/wp\/v2\/comments?post=37832"}],"version-history":[{"count":1,"href":"http:\/\/blogdalucianaoliveira.com.br\/blog\/wp-json\/wp\/v2\/posts\/37832\/revisions"}],"predecessor-version":[{"id":37834,"href":"http:\/\/blogdalucianaoliveira.com.br\/blog\/wp-json\/wp\/v2\/posts\/37832\/revisions\/37834"}],"wp:attachment":[{"href":"http:\/\/blogdalucianaoliveira.com.br\/blog\/wp-json\/wp\/v2\/media?parent=37832"}],"wp:term":[{"taxonomy":"category","embeddable":true,"href":"http:\/\/blogdalucianaoliveira.com.br\/blog\/wp-json\/wp\/v2\/categories?post=37832"},{"taxonomy":"post_tag","embeddable":true,"href":"http:\/\/blogdalucianaoliveira.com.br\/blog\/wp-json\/wp\/v2\/tags?post=37832"}],"curies":[{"name":"wp","href":"https:\/\/api.w.org\/{rel}","templated":true}]}}