{"id":37835,"date":"2025-11-03T12:30:44","date_gmt":"2025-11-03T16:30:44","guid":{"rendered":"https:\/\/blogdalucianaoliveira.com.br\/blog\/?p=37835"},"modified":"2025-11-03T12:30:44","modified_gmt":"2025-11-03T16:30:44","slug":"emenda-de-claudia-de-jesus-garante-r-100-mil-para-compra-de-notebooks-em-vale-do-paraiso","status":"publish","type":"post","link":"http:\/\/blogdalucianaoliveira.com.br\/blog\/2025\/11\/03\/emenda-de-claudia-de-jesus-garante-r-100-mil-para-compra-de-notebooks-em-vale-do-paraiso\/","title":{"rendered":"Emenda de Cl\u00e1udia de Jesus garante R$ 100 mil para compra de notebooks em Vale do Para\u00edso"},"content":{"rendered":"<p><img data-recalc-dims=\"1\" loading=\"lazy\" decoding=\"async\" data-attachment-id=\"37836\" data-permalink=\"http:\/\/blogdalucianaoliveira.com.br\/blog\/2025\/11\/03\/emenda-de-claudia-de-jesus-garante-r-100-mil-para-compra-de-notebooks-em-vale-do-paraiso\/cartao-de-visitas-2\/\" data-orig-file=\"https:\/\/i0.wp.com\/blogdalucianaoliveira.com.br\/blog\/wp-content\/uploads\/2025\/11\/IMG_9439.jpeg?fit=1756%2C1151\" data-orig-size=\"1756,1151\" data-comments-opened=\"0\" data-image-meta=\"{&quot;aperture&quot;:&quot;0&quot;,&quot;credit&quot;:&quot;&quot;,&quot;camera&quot;:&quot;&quot;,&quot;caption&quot;:&quot;Cart\\u00e3o de visitas  - 2&quot;,&quot;created_timestamp&quot;:&quot;0&quot;,&quot;copyright&quot;:&quot;&quot;,&quot;focal_length&quot;:&quot;0&quot;,&quot;iso&quot;:&quot;0&quot;,&quot;shutter_speed&quot;:&quot;0&quot;,&quot;title&quot;:&quot;Cart\\u00e3o de visitas  - 2&quot;,&quot;orientation&quot;:&quot;0&quot;}\" data-image-title=\"Cart\u00e3o de visitas  &amp;#8211; 2\" data-image-description=\"\" data-image-caption=\"&lt;p&gt;Cart\u00e3o de visitas  &amp;#8211; 2&lt;\/p&gt;\n\" data-medium-file=\"https:\/\/i0.wp.com\/blogdalucianaoliveira.com.br\/blog\/wp-content\/uploads\/2025\/11\/IMG_9439.jpeg?fit=300%2C197\" data-large-file=\"https:\/\/i0.wp.com\/blogdalucianaoliveira.com.br\/blog\/wp-content\/uploads\/2025\/11\/IMG_9439.jpeg?fit=600%2C393\" class=\"size-medium wp-image-37836\" src=\"https:\/\/i0.wp.com\/blogdalucianaoliveira.com.br\/blog\/wp-content\/uploads\/2025\/11\/IMG_9439.jpeg?resize=300%2C197\" alt=\"\" width=\"300\" height=\"197\" srcset=\"https:\/\/i0.wp.com\/blogdalucianaoliveira.com.br\/blog\/wp-content\/uploads\/2025\/11\/IMG_9439.jpeg?resize=300%2C197 300w, https:\/\/i0.wp.com\/blogdalucianaoliveira.com.br\/blog\/wp-content\/uploads\/2025\/11\/IMG_9439.jpeg?resize=1024%2C671 1024w, https:\/\/i0.wp.com\/blogdalucianaoliveira.com.br\/blog\/wp-content\/uploads\/2025\/11\/IMG_9439.jpeg?resize=768%2C503 768w, https:\/\/i0.wp.com\/blogdalucianaoliveira.com.br\/blog\/wp-content\/uploads\/2025\/11\/IMG_9439.jpeg?resize=1536%2C1007 1536w, https:\/\/i0.wp.com\/blogdalucianaoliveira.com.br\/blog\/wp-content\/uploads\/2025\/11\/IMG_9439.jpeg?resize=458%2C300 458w, https:\/\/i0.wp.com\/blogdalucianaoliveira.com.br\/blog\/wp-content\/uploads\/2025\/11\/IMG_9439.jpeg?w=1756 1756w, https:\/\/i0.wp.com\/blogdalucianaoliveira.com.br\/blog\/wp-content\/uploads\/2025\/11\/IMG_9439.jpeg?w=1200 1200w\" sizes=\"auto, (max-width: 300px) 100vw, 300px\" \/><\/p>\n<p><strong>Recursos destinados pela parlamentar ser\u00e3o usados na moderniza\u00e7\u00e3o dos servi\u00e7os de sa\u00fade<\/strong>.<!--more--><\/p>\n<p>A deputada estadual Cl\u00e1udia de Jesus (PT) destinou R$ 100 mil em emenda parlamentar \u00e0 Prefeitura de Vale do Para\u00edso para a aquisi\u00e7\u00e3o de computadores port\u00e1teis que v\u00e3o modernizar os servi\u00e7os administrativos e operacionais da \u00e1rea da sa\u00fade.<\/p>\n<p>De acordo com a parlamentar, o investimento faz parte de um conjunto de a\u00e7\u00f5es voltadas ao fortalecimento da aten\u00e7\u00e3o b\u00e1sica e \u00e0 melhoria da infraestrutura tecnol\u00f3gica das unidades municipais. \u201cSabemos que a informatiza\u00e7\u00e3o \u00e9 fundamental para agilizar o atendimento, garantir um melhor controle dos prontu\u00e1rios e facilitar o trabalho das equipes de sa\u00fade\u201d, afirmou Cl\u00e1udia.<\/p>\n<p>Os notebooks ser\u00e3o utilizados por profissionais da rede municipal, otimizando o registro de informa\u00e7\u00f5es e a integra\u00e7\u00e3o entre os diferentes setores da sa\u00fade. A iniciativa refor\u00e7a o compromisso da deputada com a valoriza\u00e7\u00e3o do servi\u00e7o p\u00fablico e com o fortalecimento dos munic\u00edpios rondonienses.<\/p>\n","protected":false},"excerpt":{"rendered":"<p>Recursos destinados pela parlamentar ser\u00e3o usados na moderniza\u00e7\u00e3o dos servi\u00e7os de sa\u00fade.<\/p>\n","protected":false},"author":1,"featured_media":0,"comment_status":"closed","ping_status":"open","sticky":false,"template":"","format":"standard","meta":{"_exactmetrics_skip_tracking":false,"_exactmetrics_sitenote_active":false,"_exactmetrics_sitenote_note":"","_exactmetrics_sitenote_category":0,"jetpack_post_was_ever_published":false,"_jetpack_newsletter_access":"","_jetpack_dont_email_post_to_subs":false,"_jetpack_newsletter_tier_id":0,"_jetpack_memberships_contains_paywalled_content":false,"_jetpack_memberships_contains_paid_content":false,"footnotes":"","jetpack_publicize_message":"","jetpack_publicize_feature_enabled":true,"jetpack_social_post_already_shared":true,"jetpack_social_options":{"image_generator_settings":{"template":"highway","enabled":false},"version":2}},"categories":[1],"tags":[1429,1455,1563],"class_list":["post-37835","post","type-post","status-publish","format-standard","hentry","category-notas","tag-deputada-claudia-de-jesus","tag-emenda","tag-notebook"],"jetpack_publicize_connections":[],"jetpack_sharing_enabled":true,"jetpack_featured_media_url":"","jetpack_shortlink":"https:\/\/wp.me\/p7wKYW-9Qf","jetpack-related-posts":[],"_links":{"self":[{"href":"http:\/\/blogdalucianaoliveira.com.br\/blog\/wp-json\/wp\/v2\/posts\/37835","targetHints":{"allow":["GET"]}}],"collection":[{"href":"http:\/\/blogdalucianaoliveira.com.br\/blog\/wp-json\/wp\/v2\/posts"}],"about":[{"href":"http:\/\/blogdalucianaoliveira.com.br\/blog\/wp-json\/wp\/v2\/types\/post"}],"author":[{"embeddable":true,"href":"http:\/\/blogdalucianaoliveira.com.br\/blog\/wp-json\/wp\/v2\/users\/1"}],"replies":[{"embeddable":true,"href":"http:\/\/blogdalucianaoliveira.com.br\/blog\/wp-json\/wp\/v2\/comments?post=37835"}],"version-history":[{"count":1,"href":"http:\/\/blogdalucianaoliveira.com.br\/blog\/wp-json\/wp\/v2\/posts\/37835\/revisions"}],"predecessor-version":[{"id":37837,"href":"http:\/\/blogdalucianaoliveira.com.br\/blog\/wp-json\/wp\/v2\/posts\/37835\/revisions\/37837"}],"wp:attachment":[{"href":"http:\/\/blogdalucianaoliveira.com.br\/blog\/wp-json\/wp\/v2\/media?parent=37835"}],"wp:term":[{"taxonomy":"category","embeddable":true,"href":"http:\/\/blogdalucianaoliveira.com.br\/blog\/wp-json\/wp\/v2\/categories?post=37835"},{"taxonomy":"post_tag","embeddable":true,"href":"http:\/\/blogdalucianaoliveira.com.br\/blog\/wp-json\/wp\/v2\/tags?post=37835"}],"curies":[{"name":"wp","href":"https:\/\/api.w.org\/{rel}","templated":true}]}}