{"id":37838,"date":"2025-11-03T12:37:58","date_gmt":"2025-11-03T16:37:58","guid":{"rendered":"https:\/\/blogdalucianaoliveira.com.br\/blog\/?p=37838"},"modified":"2025-11-03T12:37:58","modified_gmt":"2025-11-03T16:37:58","slug":"lula-inicia-maratona-de-agendas-nesta-semana-com-o-inicio-da-cupula-do-clima-em-belem-pa","status":"publish","type":"post","link":"http:\/\/blogdalucianaoliveira.com.br\/blog\/2025\/11\/03\/lula-inicia-maratona-de-agendas-nesta-semana-com-o-inicio-da-cupula-do-clima-em-belem-pa\/","title":{"rendered":"Lula inicia maratona de agendas nesta semana, com o in\u00edcio da C\u00fapula do Clima, em Bel\u00e9m (PA)"},"content":{"rendered":"<p><img data-recalc-dims=\"1\" loading=\"lazy\" decoding=\"async\" data-attachment-id=\"37839\" data-permalink=\"http:\/\/blogdalucianaoliveira.com.br\/blog\/2025\/11\/03\/lula-inicia-maratona-de-agendas-nesta-semana-com-o-inicio-da-cupula-do-clima-em-belem-pa\/img_9442\/\" data-orig-file=\"https:\/\/i0.wp.com\/blogdalucianaoliveira.com.br\/blog\/wp-content\/uploads\/2025\/11\/IMG_9442.png?fit=2000%2C1414\" data-orig-size=\"2000,1414\" data-comments-opened=\"0\" data-image-meta=\"{&quot;aperture&quot;:&quot;0&quot;,&quot;credit&quot;:&quot;&quot;,&quot;camera&quot;:&quot;&quot;,&quot;caption&quot;:&quot;&quot;,&quot;created_timestamp&quot;:&quot;0&quot;,&quot;copyright&quot;:&quot;&quot;,&quot;focal_length&quot;:&quot;0&quot;,&quot;iso&quot;:&quot;0&quot;,&quot;shutter_speed&quot;:&quot;0&quot;,&quot;title&quot;:&quot;&quot;,&quot;orientation&quot;:&quot;0&quot;}\" data-image-title=\"IMG_9442\" data-image-description=\"\" data-image-caption=\"\" data-medium-file=\"https:\/\/i0.wp.com\/blogdalucianaoliveira.com.br\/blog\/wp-content\/uploads\/2025\/11\/IMG_9442.png?fit=300%2C212\" data-large-file=\"https:\/\/i0.wp.com\/blogdalucianaoliveira.com.br\/blog\/wp-content\/uploads\/2025\/11\/IMG_9442.png?fit=600%2C424\" class=\"alignnone size-medium wp-image-37839\" src=\"https:\/\/i0.wp.com\/blogdalucianaoliveira.com.br\/blog\/wp-content\/uploads\/2025\/11\/IMG_9442.png?resize=300%2C212\" alt=\"\" width=\"300\" height=\"212\" srcset=\"https:\/\/i0.wp.com\/blogdalucianaoliveira.com.br\/blog\/wp-content\/uploads\/2025\/11\/IMG_9442.png?resize=300%2C212 300w, https:\/\/i0.wp.com\/blogdalucianaoliveira.com.br\/blog\/wp-content\/uploads\/2025\/11\/IMG_9442.png?resize=1024%2C724 1024w, https:\/\/i0.wp.com\/blogdalucianaoliveira.com.br\/blog\/wp-content\/uploads\/2025\/11\/IMG_9442.png?resize=768%2C543 768w, https:\/\/i0.wp.com\/blogdalucianaoliveira.com.br\/blog\/wp-content\/uploads\/2025\/11\/IMG_9442.png?resize=1536%2C1086 1536w, https:\/\/i0.wp.com\/blogdalucianaoliveira.com.br\/blog\/wp-content\/uploads\/2025\/11\/IMG_9442.png?resize=424%2C300 424w, https:\/\/i0.wp.com\/blogdalucianaoliveira.com.br\/blog\/wp-content\/uploads\/2025\/11\/IMG_9442.png?w=2000 2000w, https:\/\/i0.wp.com\/blogdalucianaoliveira.com.br\/blog\/wp-content\/uploads\/2025\/11\/IMG_9442.png?w=1200 1200w, https:\/\/i0.wp.com\/blogdalucianaoliveira.com.br\/blog\/wp-content\/uploads\/2025\/11\/IMG_9442.png?w=1800 1800w\" sizes=\"auto, (max-width: 300px) 100vw, 300px\" \/><\/p>\n<h2 class=\"jeg_post_subtitle\">Entre os temas das discuss\u00f5es, est\u00e3o as florestas e oceanos, a transi\u00e7\u00e3o energ\u00e9tica e os dez anos do Acordo de Paris<\/h2>\n<p><!--more--><\/p>\n<p>Brasil de Fato &#8211; O presidente <a href=\"https:\/\/www.brasildefato.com.br\/2025\/08\/22\/lula-cobra-cumprimento-de-acordos-ambientais-e-diz-que-fara-cop-da-verdade\/\" target=\"_blank\" rel=\"noopener noreferrer\">Luiz In\u00e1cio Lula da Silva (PT)<\/a> ter\u00e1 uma agenda cheia a partir da pr\u00f3xima quarta-feira (5), quando chegam a Bel\u00e9m (PA), delega\u00e7\u00f5es de 143 pa\u00edses, entre os quais, 57 chefes de Estado e governo, que v\u00e3o participar da <a href=\"https:\/\/www.brasildefato.com.br\/2025\/10\/31\/cupula-de-lideres-da-cop30-tera-143-delegacoes-eua-e-argentina-nao-participarao\/\" target=\"_blank\" rel=\"noopener noreferrer\">C\u00fapula de L\u00edderes da COP30 \u2013 Confer\u00eancia das Na\u00e7\u00f5es Unidas para o Clima<\/a> \u2013 entre quinta (6) e sexta-feira (7). A reuni\u00e3o precede a confer\u00eancia, propriamente dita, que inicia no dia 10 e vai at\u00e9 o dia 21 de novembro, na capital paraense.<\/p>\n<p>Segundo o Itamaraty, o presidente ter\u00e1 diversas reuni\u00f5es bilaterais durante a reuni\u00e3o durante a c\u00fapula e far\u00e1 a fala de abertura da sess\u00e3o principal, no primeiro dia, seguido de discursos dos representantes internacionais.<\/p>\n<div class=\"jeg_ad jeg_ad_article jnews_content_inline_ads  \">\n<div class=\"ads-wrapper align-center \">\n<div class=\"ads_shortcode\">\n<div class=\"ads-region-container\" data-slot=\"artigos-leaderboard-incontent-1-mobile\" data-region=\"br\" data-slot-name=\"artigos-leaderboard-incontent-1-mobile-br\">\n<div id=\"div-gpt-ad-artigos-mobile_rectangle_mobile_1\" class=\"ad-slot\"><\/div>\n<\/div>\n<\/div>\n<\/div>\n<\/div>\n<p>Ainda na quinta, o presidente vai oferecer um almo\u00e7o para as delega\u00e7\u00f5es internacionais para promo\u00e7\u00e3o do <a href=\"https:\/\/www.brasildefato.com.br\/2025\/10\/03\/fundo-de-financiamento-para-florestas-tropicais-a-nova-fantasia-financeira-do-colapso-climatico\/\" target=\"_blank\" rel=\"noopener noreferrer\">Fundo Florestas Tropicais para Sempre (TFFF)<\/a>, uma das principais iniciativas da presid\u00eancia brasileira \u00e0 frente COP30 de financiamento para a preserva\u00e7\u00e3o e manuten\u00e7\u00e3o das florestas \u00famidas e sua biodiversidade.<\/p>\n<p>As discuss\u00f5es dos dois dias de c\u00fapula est\u00e3o organizadas em tr\u00eas sess\u00f5es tem\u00e1ticas: uma primeira para debater a quest\u00e3o das florestas e oceanos; uma segunda sobre a transi\u00e7\u00e3o energ\u00e9tica; e a terceira sobre os<a href=\"https:\/\/www.brasildefato.com.br\/2025\/01\/21\/saida-dos-eua-do-acordo-de-paris-nao-prejudica-metas-climaticas-avaliam-especialistas-sempre-atrapalharam\/\" target=\"_blank\" rel=\"noopener noreferrer\"> dez anos do Acordo de Paris<\/a> e o balan\u00e7o de sua implementa\u00e7\u00e3o.<\/p>\n<div class=\"jeg_ad jeg_ad_article jnews_content_inline_2_ads  \">\n<div class=\"ads-wrapper align-center \">\n<div class=\"ads_shortcode\">\n<div class=\"ads-region-container\" data-slot=\"artigos-leaderboard-incontent-2-mobile\" data-region=\"br\" data-slot-name=\"artigos-leaderboard-incontent-2-mobile-br\">\n<div id=\"div-gpt-ad-artigos-mobile_rectangle_mobile_2\" class=\"ad-slot\"><\/div>\n<\/div>\n<\/div>\n<\/div>\n<\/div>\n<h4 class=\"wp-block-heading\">C\u00fapula da Celac<\/h4>\n<p>Logo ap\u00f3s a C\u00fapula do Clima, iniciar\u00e1 em Santa Marta (Col\u00f4mbia) a 4\u00aa C\u00fapula da Comunidade de Estados Latino-americanos e Caribenhos (Celac) e, segundo fontes da diplomacia brasileira, h\u00e1 uma possibilidade, ainda que remota, de que o presidente Lula viaje \u00e0 cidade colombiana para participar da reuni\u00e3o. Caso a agenda de reuni\u00f5es bilaterais n\u00e3o permita, o pr\u00f3prio ministro das Rela\u00e7\u00f5es Exteriores, Mauro Vieira, deve representar o Brasil no encontro.<\/p>\n<p>A <a href=\"https:\/\/www.brasildefato.com.br\/2025\/09\/01\/celac-pede-que-eua-retirem-tropas-do-sul-do-caribe-e-questiona-argumentos-para-operacao-militar\/\" target=\"_blank\" rel=\"noopener noreferrer\">C\u00fapula da Celac <\/a>ganhou import\u00e2ncia neste ano diante das <a href=\"https:\/\/www.brasildefato.com.br\/2025\/10\/27\/invasao-dos-eua-a-venezuela-seria-desastrosa-e-fortaleceria-maduro-diz-internacionalista\/\" target=\"_blank\" rel=\"noopener noreferrer\">opera\u00e7\u00f5es realizadas pelo governo dos Estados Unidos no Caribe pr\u00f3ximo ao territ\u00f3rio venezuelano<\/a>, e as permanentes amea\u00e7as do presidente estadunidense, Donald Trump, de agress\u00e3o militar \u00e0 Venezuela.<\/p>\n<div class=\"jeg_ad jeg_ad_article jnews_content_inline_3_ads  \">\n<div class=\"ads-wrapper align-center \">\n<div class=\"ads_shortcode\">\n<div class=\"ads-region-container\" data-slot=\"artigos-leaderboard-incontent-3-mobile\" data-region=\"br\" data-slot-name=\"artigos-leaderboard-incontent-3-mobile-br\">\n<div id=\"div-gpt-ad-artigos-mobile_rectangle_mobile_3\" class=\"ad-slot\"><\/div>\n<\/div>\n<\/div>\n<\/div>\n<\/div>\n<p>O tema foi debatido na <a href=\"https:\/\/www.brasildefato.com.br\/2025\/10\/26\/apos-reuniao-lula-trump-negociacoes-para-suspender-tarifaco-seguem-neste-domingo-26\/\" target=\"_blank\" rel=\"noopener noreferrer\">reuni\u00e3o entre Trump e Lula, ocorrida na Mal\u00e1sia<\/a>, no dia 26 de outubro. Segundo testemunhas, os representantes do governo estadunidense se surpreenderam quando o tema foi abordado pela delega\u00e7\u00e3o brasileira, no entanto, teria reafirmado sua posi\u00e7\u00e3o em rela\u00e7\u00e3o \u00e0 Venezuela e \u201cvisto com simpatia\u201d a proposta de interlocu\u00e7\u00e3o do presidente Lula.<\/p>\n<p>Depois do encontro com o presidente estadunidense, em coletiva de imprensa, Lula disse que n\u00e3o aprofundou o tema com Trump, mas que defendeu solu\u00e7\u00f5es negociadas para o conflito. \u201cEu \u00e9 que toquei no assunto, porque no material que eu entreguei para o presidente Trump, estava colocada a quest\u00e3o da Venezuela, porque eu conhe\u00e7o a situa\u00e7\u00e3o daquele pa\u00eds, eu sei o que est\u00e1 acontecendo l\u00e1 e eu acho que \u00e9 importante isso ser resolvido numa mesa de negocia\u00e7\u00e3o\u201d, declarou o presidente.<\/p>\n<p>Embora o Itamaraty n\u00e3o tenha emitido nota oficial sobre a situa\u00e7\u00e3o, o chefe do Executivo tem dado declara\u00e7\u00f5es p\u00fablicas cr\u00edticas \u00e0s amea\u00e7as estadunidenses. Antes de sua <a href=\"https:\/\/www.brasildefato.com.br\/2025\/10\/27\/viagem-exitosa-lula-volta-de-viagem-a-asia-com-triunfos-na-bagagem\/\" target=\"_blank\" rel=\"noopener noreferrer\">viagem \u00e0 \u00c1sia<\/a>, Lula afirmou que trabalharia com prioridade para \u201cmanter a regi\u00e3o como zona de paz\u201d e que \u201cinterven\u00e7\u00f5es estrangeiras podem causar danos maiores do que o que se pretende evitar\u201d.<\/p>\n<p>\u201cO que n\u00f3s defendemos \u00e9 que o povo venezuelano \u00e9 dono do seu destino, e n\u00e3o \u00e9 nenhum presidente de outro pa\u00eds que tem de dar palpite de como vai ser a Venezuela ou vai ser Cuba\u201d, disse sem nomear Trump.<\/p>\n<figure class=\"wp-block-image\"><img data-recalc-dims=\"1\" loading=\"lazy\" decoding=\"async\" class=\"wp-image-230095\" src=\"https:\/\/i0.wp.com\/assets.brasildefato.com.br\/2024\/10\/image_processing20241020-3295936-b5442v.webp?resize=600%2C338&#038;ssl=1\" sizes=\"auto, (max-width: 800px) 100vw, 800px\" srcset=\"https:\/\/assets.brasildefato.com.br\/2024\/10\/image_processing20241020-3295936-b5442v-300x169.webp 300w, https:\/\/assets.brasildefato.com.br\/2024\/10\/image_processing20241020-3295936-b5442v-768x432.webp 768w, https:\/\/assets.brasildefato.com.br\/2024\/10\/image_processing20241020-3295936-b5442v-750x450.webp 750w, https:\/\/assets.brasildefato.com.br\/2024\/10\/image_processing20241020-3295936-b5442v.webp 800w\" alt=\"\" width=\"600\" height=\"338\" data-pin-no-hover=\"true\" \/><figcaption class=\"wp-element-caption\">Com 60% da Amaz\u00f4nia em territ\u00f3rio brasileiro, Lula tem como prioridade a discuss\u00e3o da preserva\u00e7\u00e3o das florestas | Ricardo Stuckert\/ PR<\/figcaption><\/figure>\n<h4 class=\"wp-block-heading\">Mercosul<\/h4>\n<p>Ainda para este ano, est\u00e1 prevista a realiza\u00e7\u00e3o da C\u00fapula do Mercosul, no dia 20 de dezembro, e o <a href=\"https:\/\/www.brasildefato.com.br\/2025\/07\/03\/brasil-assume-presidencia-do-mercosul-e-lula-confronta-milei-precisamos-fortalecer-o-bloco\/\" target=\"_blank\" rel=\"noopener noreferrer\">Brasil ocupa a presid\u00eancia rotativa do bloco<\/a>. H\u00e1 uma forte expectativa da diplomacia brasileira para que neste encontro possa ser finalmente assinado o acordo comercial entre o Mercosul e a Uni\u00e3o Europeia.<\/p>\n<p>O presidente Lula tem afirmado que deseja entregar a presid\u00eancia rotativa do Mercosul com o acordo de livre com\u00e9rcio firmado, depois de mais de duas d\u00e9cadas de negocia\u00e7\u00f5es.<\/p>\n<p>Movimentos sociais e pequenos agricultores dos dois blocos s\u00e3o cr\u00edticos aos termos da proposta e expressam preocupa\u00e7\u00e3o com os impactos ambientais da expans\u00e3o da agropecu\u00e1ria, al\u00e9m de denunciarem a viola\u00e7\u00e3o de direitos trabalhistas e a concorr\u00eancia agr\u00edcola desleal.<\/p>\n<p>Ap\u00f3s ser assinado, o acordo ainda precisar\u00e1 ser referendado pelos parlamentos dos pa\u00edses de ambos os blocos para entrar em vigor.<\/p>\n<div class=\"jeg_meta_post_footer\">\n<div class=\"jeg_meta_editors\">Editado por: Lu\u00eds Indriunas<\/div>\n<\/div>\n","protected":false},"excerpt":{"rendered":"<p>Entre os temas das discuss\u00f5es, est\u00e3o as florestas e oceanos, a transi\u00e7\u00e3o energ\u00e9tica e os dez anos do Acordo de Paris<\/p>\n","protected":false},"author":1,"featured_media":0,"comment_status":"closed","ping_status":"open","sticky":false,"template":"","format":"standard","meta":{"_exactmetrics_skip_tracking":false,"_exactmetrics_sitenote_active":false,"_exactmetrics_sitenote_note":"","_exactmetrics_sitenote_category":0,"jetpack_post_was_ever_published":false,"_jetpack_newsletter_access":"","_jetpack_dont_email_post_to_subs":false,"_jetpack_newsletter_tier_id":0,"_jetpack_memberships_contains_paywalled_content":false,"_jetpack_memberships_contains_paid_content":false,"footnotes":"","jetpack_publicize_message":"","jetpack_publicize_feature_enabled":true,"jetpack_social_post_already_shared":true,"jetpack_social_options":{"image_generator_settings":{"template":"highway","enabled":false},"version":2}},"categories":[1],"tags":[],"class_list":["post-37838","post","type-post","status-publish","format-standard","hentry","category-notas"],"jetpack_publicize_connections":[],"jetpack_sharing_enabled":true,"jetpack_featured_media_url":"","jetpack_shortlink":"https:\/\/wp.me\/p7wKYW-9Qi","jetpack-related-posts":[],"_links":{"self":[{"href":"http:\/\/blogdalucianaoliveira.com.br\/blog\/wp-json\/wp\/v2\/posts\/37838","targetHints":{"allow":["GET"]}}],"collection":[{"href":"http:\/\/blogdalucianaoliveira.com.br\/blog\/wp-json\/wp\/v2\/posts"}],"about":[{"href":"http:\/\/blogdalucianaoliveira.com.br\/blog\/wp-json\/wp\/v2\/types\/post"}],"author":[{"embeddable":true,"href":"http:\/\/blogdalucianaoliveira.com.br\/blog\/wp-json\/wp\/v2\/users\/1"}],"replies":[{"embeddable":true,"href":"http:\/\/blogdalucianaoliveira.com.br\/blog\/wp-json\/wp\/v2\/comments?post=37838"}],"version-history":[{"count":1,"href":"http:\/\/blogdalucianaoliveira.com.br\/blog\/wp-json\/wp\/v2\/posts\/37838\/revisions"}],"predecessor-version":[{"id":37840,"href":"http:\/\/blogdalucianaoliveira.com.br\/blog\/wp-json\/wp\/v2\/posts\/37838\/revisions\/37840"}],"wp:attachment":[{"href":"http:\/\/blogdalucianaoliveira.com.br\/blog\/wp-json\/wp\/v2\/media?parent=37838"}],"wp:term":[{"taxonomy":"category","embeddable":true,"href":"http:\/\/blogdalucianaoliveira.com.br\/blog\/wp-json\/wp\/v2\/categories?post=37838"},{"taxonomy":"post_tag","embeddable":true,"href":"http:\/\/blogdalucianaoliveira.com.br\/blog\/wp-json\/wp\/v2\/tags?post=37838"}],"curies":[{"name":"wp","href":"https:\/\/api.w.org\/{rel}","templated":true}]}}