{"id":37842,"date":"2025-11-04T18:06:32","date_gmt":"2025-11-04T22:06:32","guid":{"rendered":"https:\/\/blogdalucianaoliveira.com.br\/blog\/?p=37842"},"modified":"2025-11-04T18:06:32","modified_gmt":"2025-11-04T22:06:32","slug":"lula-sanciona-lei-que-transfere-capital-para-belem-temporariamente","status":"publish","type":"post","link":"http:\/\/blogdalucianaoliveira.com.br\/blog\/2025\/11\/04\/lula-sanciona-lei-que-transfere-capital-para-belem-temporariamente\/","title":{"rendered":"Lula sanciona lei que transfere capital para Bel\u00e9m temporariamente"},"content":{"rendered":"<p><img data-recalc-dims=\"1\" loading=\"lazy\" decoding=\"async\" data-attachment-id=\"37843\" data-permalink=\"http:\/\/blogdalucianaoliveira.com.br\/blog\/2025\/11\/04\/lula-sanciona-lei-que-transfere-capital-para-belem-temporariamente\/img_9565\/\" data-orig-file=\"https:\/\/i0.wp.com\/blogdalucianaoliveira.com.br\/blog\/wp-content\/uploads\/2025\/11\/IMG_9565.webp?fit=1170%2C700\" data-orig-size=\"1170,700\" data-comments-opened=\"0\" data-image-meta=\"{&quot;aperture&quot;:&quot;0&quot;,&quot;credit&quot;:&quot;&quot;,&quot;camera&quot;:&quot;&quot;,&quot;caption&quot;:&quot;&quot;,&quot;created_timestamp&quot;:&quot;0&quot;,&quot;copyright&quot;:&quot;&quot;,&quot;focal_length&quot;:&quot;0&quot;,&quot;iso&quot;:&quot;0&quot;,&quot;shutter_speed&quot;:&quot;0&quot;,&quot;title&quot;:&quot;&quot;,&quot;orientation&quot;:&quot;0&quot;}\" data-image-title=\"IMG_9565\" data-image-description=\"\" data-image-caption=\"\" data-medium-file=\"https:\/\/i0.wp.com\/blogdalucianaoliveira.com.br\/blog\/wp-content\/uploads\/2025\/11\/IMG_9565.webp?fit=300%2C179\" data-large-file=\"https:\/\/i0.wp.com\/blogdalucianaoliveira.com.br\/blog\/wp-content\/uploads\/2025\/11\/IMG_9565.webp?fit=600%2C359\" class=\"alignnone size-medium wp-image-37843\" src=\"https:\/\/i0.wp.com\/blogdalucianaoliveira.com.br\/blog\/wp-content\/uploads\/2025\/11\/IMG_9565.webp?resize=300%2C179\" alt=\"\" width=\"300\" height=\"179\" srcset=\"https:\/\/i0.wp.com\/blogdalucianaoliveira.com.br\/blog\/wp-content\/uploads\/2025\/11\/IMG_9565.webp?resize=300%2C179 300w, https:\/\/i0.wp.com\/blogdalucianaoliveira.com.br\/blog\/wp-content\/uploads\/2025\/11\/IMG_9565.webp?resize=1024%2C613 1024w, https:\/\/i0.wp.com\/blogdalucianaoliveira.com.br\/blog\/wp-content\/uploads\/2025\/11\/IMG_9565.webp?resize=768%2C459 768w, https:\/\/i0.wp.com\/blogdalucianaoliveira.com.br\/blog\/wp-content\/uploads\/2025\/11\/IMG_9565.webp?resize=501%2C300 501w, https:\/\/i0.wp.com\/blogdalucianaoliveira.com.br\/blog\/wp-content\/uploads\/2025\/11\/IMG_9565.webp?w=1170 1170w\" sizes=\"auto, (max-width: 300px) 100vw, 300px\" \/><\/p>\n<p><strong>O presidente Luiz In\u00e1cio Lula da Silva sancionou nesta ter\u00e7a-feira (4) a lei que transfere, temporariamente, a capital brasileira de Bras\u00edlia para Bel\u00e9m (PA). <\/strong><!--more-->A mudan\u00e7a tem validade durante o per\u00edodo de realiza\u00e7\u00e3o da 30\u00aa Confer\u00eancia das Na\u00e7\u00f5es Unidas sobre Mudan\u00e7as do Clima (COP30), entre 11 e 21 de novembro de 2025.\u00a0A proposta foi <a href=\"https:\/\/agenciabrasil.ebc.com.br\/politica\/noticia\/2025-09\/camara-aprova-transferir-capital-do-brasil-para-belem-durante-cop30\">aprovada pelo Congresso Nacional<\/a>. A <a href=\"https:\/\/www.in.gov.br\/web\/dou\/-\/lei-n-15.251-de-3-de-novembro-de-2025-666598905\" target=\"_blank\" rel=\"noopener\">Lei\u00a015.251 foi publicada<\/a> hoje no Di\u00e1rio Oficial da Uni\u00e3o.<img data-recalc-dims=\"1\" decoding=\"async\" src=\"https:\/\/i0.wp.com\/agenciabrasil.ebc.com.br\/ebc.png?w=600&#038;ssl=1\" \/><img data-recalc-dims=\"1\" decoding=\"async\" src=\"https:\/\/i0.wp.com\/agenciabrasil.ebc.com.br\/ebc.gif?w=600&#038;ssl=1\" \/><\/p>\n<p>De acordo com o governo, a transfer\u00eancia tempor\u00e1ria tem car\u00e1ter simb\u00f3lico e pol\u00edtico e \u201crefor\u00e7a a relev\u00e2ncia da Amaz\u00f4nia na agenda ambiental internacional\u201d, al\u00e9m de evidenciar o compromisso do pa\u00eds com as quest\u00f5es globais do clima.<\/p>\n<p><strong>Todos os atos e despachos expedidos nesse intervalo, inclusive os do presidente da Rep\u00fablica e dos ministros, ter\u00e3o o registro da capital paraense.<\/strong> Durante o per\u00edodo, os Poderes Executivo, Legislativo e Judici\u00e1rio poder\u00e3o se instalar na cidade de Bel\u00e9m para a condu\u00e7\u00e3o de suas atividades institucionais e governamentais.<\/p>\n<p>Caso semelhante j\u00e1 ocorreu em 1992, quando a capital federal foi transferida para o Rio de Janeiro, durante a realiza\u00e7\u00e3o da Confer\u00eancia das Na\u00e7\u00f5es Unidas para o Meio Ambiente e Desenvolvimento, a Rio-92.<\/p>\n","protected":false},"excerpt":{"rendered":"<p>O presidente Luiz In\u00e1cio Lula da Silva sancionou nesta ter\u00e7a-feira (4) a lei que transfere, temporariamente, a capital brasileira de Bras\u00edlia para Bel\u00e9m (PA).<\/p>\n","protected":false},"author":1,"featured_media":0,"comment_status":"closed","ping_status":"open","sticky":false,"template":"","format":"standard","meta":{"_exactmetrics_skip_tracking":false,"_exactmetrics_sitenote_active":false,"_exactmetrics_sitenote_note":"","_exactmetrics_sitenote_category":0,"jetpack_post_was_ever_published":false,"_jetpack_newsletter_access":"","_jetpack_dont_email_post_to_subs":false,"_jetpack_newsletter_tier_id":0,"_jetpack_memberships_contains_paywalled_content":false,"_jetpack_memberships_contains_paid_content":false,"footnotes":"","jetpack_publicize_message":"","jetpack_publicize_feature_enabled":true,"jetpack_social_post_already_shared":true,"jetpack_social_options":{"image_generator_settings":{"template":"highway","enabled":false},"version":2}},"categories":[1],"tags":[1275,1274,78],"class_list":["post-37842","post","type-post","status-publish","format-standard","hentry","category-notas","tag-belem","tag-cop30","tag-lula"],"jetpack_publicize_connections":[],"jetpack_sharing_enabled":true,"jetpack_featured_media_url":"","jetpack_shortlink":"https:\/\/wp.me\/p7wKYW-9Qm","jetpack-related-posts":[],"_links":{"self":[{"href":"http:\/\/blogdalucianaoliveira.com.br\/blog\/wp-json\/wp\/v2\/posts\/37842","targetHints":{"allow":["GET"]}}],"collection":[{"href":"http:\/\/blogdalucianaoliveira.com.br\/blog\/wp-json\/wp\/v2\/posts"}],"about":[{"href":"http:\/\/blogdalucianaoliveira.com.br\/blog\/wp-json\/wp\/v2\/types\/post"}],"author":[{"embeddable":true,"href":"http:\/\/blogdalucianaoliveira.com.br\/blog\/wp-json\/wp\/v2\/users\/1"}],"replies":[{"embeddable":true,"href":"http:\/\/blogdalucianaoliveira.com.br\/blog\/wp-json\/wp\/v2\/comments?post=37842"}],"version-history":[{"count":1,"href":"http:\/\/blogdalucianaoliveira.com.br\/blog\/wp-json\/wp\/v2\/posts\/37842\/revisions"}],"predecessor-version":[{"id":37844,"href":"http:\/\/blogdalucianaoliveira.com.br\/blog\/wp-json\/wp\/v2\/posts\/37842\/revisions\/37844"}],"wp:attachment":[{"href":"http:\/\/blogdalucianaoliveira.com.br\/blog\/wp-json\/wp\/v2\/media?parent=37842"}],"wp:term":[{"taxonomy":"category","embeddable":true,"href":"http:\/\/blogdalucianaoliveira.com.br\/blog\/wp-json\/wp\/v2\/categories?post=37842"},{"taxonomy":"post_tag","embeddable":true,"href":"http:\/\/blogdalucianaoliveira.com.br\/blog\/wp-json\/wp\/v2\/tags?post=37842"}],"curies":[{"name":"wp","href":"https:\/\/api.w.org\/{rel}","templated":true}]}}