{"id":37845,"date":"2025-11-05T05:23:31","date_gmt":"2025-11-05T09:23:31","guid":{"rendered":"https:\/\/blogdalucianaoliveira.com.br\/blog\/?p=37845"},"modified":"2025-11-05T05:23:31","modified_gmt":"2025-11-05T09:23:31","slug":"zohran-mamdani-socialista-e-muculmano-vence-a-eleicao-para-a-prefeitura-de-nova-york","status":"publish","type":"post","link":"http:\/\/blogdalucianaoliveira.com.br\/blog\/2025\/11\/05\/zohran-mamdani-socialista-e-muculmano-vence-a-eleicao-para-a-prefeitura-de-nova-york\/","title":{"rendered":"Zohran Mamdani, socialista e mu\u00e7ulmano, vence a elei\u00e7\u00e3o para a Prefeitura de Nova York"},"content":{"rendered":"<p><img data-recalc-dims=\"1\" loading=\"lazy\" decoding=\"async\" data-attachment-id=\"37846\" data-permalink=\"http:\/\/blogdalucianaoliveira.com.br\/blog\/2025\/11\/05\/zohran-mamdani-socialista-e-muculmano-vence-a-eleicao-para-a-prefeitura-de-nova-york\/img_9572\/\" data-orig-file=\"https:\/\/i0.wp.com\/blogdalucianaoliveira.com.br\/blog\/wp-content\/uploads\/2025\/11\/IMG_9572.webp?fit=500%2C240\" data-orig-size=\"500,240\" data-comments-opened=\"0\" data-image-meta=\"{&quot;aperture&quot;:&quot;0&quot;,&quot;credit&quot;:&quot;&quot;,&quot;camera&quot;:&quot;&quot;,&quot;caption&quot;:&quot;&quot;,&quot;created_timestamp&quot;:&quot;0&quot;,&quot;copyright&quot;:&quot;&quot;,&quot;focal_length&quot;:&quot;0&quot;,&quot;iso&quot;:&quot;0&quot;,&quot;shutter_speed&quot;:&quot;0&quot;,&quot;title&quot;:&quot;&quot;,&quot;orientation&quot;:&quot;0&quot;}\" data-image-title=\"IMG_9572\" data-image-description=\"\" data-image-caption=\"\" data-medium-file=\"https:\/\/i0.wp.com\/blogdalucianaoliveira.com.br\/blog\/wp-content\/uploads\/2025\/11\/IMG_9572.webp?fit=300%2C144\" data-large-file=\"https:\/\/i0.wp.com\/blogdalucianaoliveira.com.br\/blog\/wp-content\/uploads\/2025\/11\/IMG_9572.webp?fit=500%2C240\" class=\"alignnone size-medium wp-image-37846\" src=\"https:\/\/i0.wp.com\/blogdalucianaoliveira.com.br\/blog\/wp-content\/uploads\/2025\/11\/IMG_9572.webp?resize=300%2C144\" alt=\"\" width=\"300\" height=\"144\" srcset=\"https:\/\/i0.wp.com\/blogdalucianaoliveira.com.br\/blog\/wp-content\/uploads\/2025\/11\/IMG_9572.webp?resize=300%2C144 300w, https:\/\/i0.wp.com\/blogdalucianaoliveira.com.br\/blog\/wp-content\/uploads\/2025\/11\/IMG_9572.webp?w=500 500w\" sizes=\"auto, (max-width: 300px) 100vw, 300px\" \/><\/p>\n<p><b>247 &#8211;<\/b> O deputado estadual Zohran Mamdani, de 34 anos, foi projetado como vencedor da contenda para a prefeitura de Nova York, informa reportagem da CNN Brasil. Com isso, ele se tornar\u00e1 o primeiro mu\u00e7ulmano a assumir o comando da maior cidade dos Estados Unidos.<!--more--><\/p>\n<p>De acordo com a proje\u00e7\u00e3o, Mamdani, membro do Partido Democrata e alinhado \u00e0 corrente \u201csocialista democr\u00e1tica\u201d, enfrentou nas urnas Andrew Cuomo, de 67 anos, que concorreu como independente ap\u00f3s ter sido derrotado nas prim\u00e1rias pelo pr\u00f3prio Mamdani. No seu plano de governo, o prefeito-eleito promete implantar o primeiro programa universal de creche da cidade, tornar o transporte p\u00fablico gratuito e congelar o aluguel para cerca de um milh\u00e3o de moradores com contratos estabilizados \u2014 propostas centrais de sua campanha que focou em tornar mais acess\u00edvel uma das cidades mais caras do pa\u00eds.<\/p>\n<p>A campanha de Mamdani mobilizou em especial os eleitores jovens e os setores progressistas, inaugurando um prov\u00e1vel novo modelo de disputa dentro do Partido Democrata. Origin\u00e1rio de uma ascens\u00e3o mete\u00f3rica, como deputado estadual por tr\u00eas mandatos antes de lan\u00e7ar sua candidatura para a prefeitura h\u00e1 cerca de um ano, ele chegou ao topo com status de surpresa em meio \u00e0 pol\u00edtica nova-iorquina.<\/p>\n<p>Com a vit\u00f3ria assegurada, Mamdani encerrar\u00e1 o mandato do atual prefeito Eric Adams e assumir\u00e1 o cargo em 1\u00ba de janeiro de 2026. A nova administra\u00e7\u00e3o j\u00e1 se prepara para lidar com os desafios que emergem de uma agenda ambiciosa: pol\u00edticas de moradia, gratuidade nos transportes e servi\u00e7os p\u00fablicos reestruturados.<\/p>\n<div class=\"contentAd contentAd--noBackground marginBottom30\">\n<div class=\"marginTop10 adBackground\">\n<div class=\"ad marginBottom30 ad--center minHeight280\">\n<div id=\"b247-multipage-standard-3\" data-google-query-id=\"CICrgp3X2pADFaIPHgAdNhM5hw\">\n<p>Este desfecho marca uma virada significativa tanto para a pol\u00edtica de Nova-York quanto para o cen\u00e1rio nacional dos Estados Unidos, onde a quest\u00e3o da mobiliza\u00e7\u00e3o jovem e dos candidatos progressistas assume protagonismo crescente.<\/p>\n<p>Os democratas venceram as primeiras elei\u00e7\u00f5es importantes do mandato de Trump, elevando uma nova gera\u00e7\u00e3o de l\u00edderes e dando ao partido, que vinha enfrentando dificuldades, um novo impulso para as elei\u00e7\u00f5es legislativas do pr\u00f3ximo ano.<\/p>\n<p>Na Virg\u00ednia e em Nova Jersey, os democratas moderados Spanberger, de 46 anos, e <a href=\"https:\/\/www.reuters.com\/world\/us\/can-democrats-find-their-footing-tight-new-jersey-governors-race-tests-trumps-2025-10-30\/\" target=\"_blank\" rel=\"noopener noreferrer nofollow\"><em>Sherrill<\/em><\/a> , de 53, respectivamente, venceram as elei\u00e7\u00f5es para governador com ampla vantagem.<\/p>\n<p>As elei\u00e7\u00f5es de ter\u00e7a-feira serviram como um bar\u00f4metro de como os americanos est\u00e3o reagindo aos tumultuosos nove meses de Trump no cargo. As disputas tamb\u00e9m serviram como um teste das diferentes estrat\u00e9gias de campanha democratas para 2026, destaca reportagem da Reuters.<br \/>\nO maior impulso pr\u00e1tico para os democratas na ter\u00e7a-feira veio da Calif\u00f3rnia, onde os eleitores deram aos legisladores democratas o poder de redesenhar o mapa dos distritos eleitorais do estado, ampliando uma batalha nacional sobre o redistritamento que moldar\u00e1 a corrida para a C\u00e2mara dos Representantes dos EUA.<\/p>\n<p>&nbsp;<\/p>\n<\/div>\n<\/div>\n<\/div>\n<\/div>\n","protected":false},"excerpt":{"rendered":"<p>247 &#8211; O deputado estadual Zohran Mamdani, de 34 anos, foi projetado como vencedor da contenda para a prefeitura de Nova York, informa reportagem da CNN Brasil. Com isso, ele se tornar\u00e1 o primeiro mu\u00e7ulmano a assumir o comando da maior cidade dos Estados Unidos.<\/p>\n","protected":false},"author":1,"featured_media":0,"comment_status":"closed","ping_status":"open","sticky":false,"template":"","format":"standard","meta":{"_exactmetrics_skip_tracking":false,"_exactmetrics_sitenote_active":false,"_exactmetrics_sitenote_note":"","_exactmetrics_sitenote_category":0,"jetpack_post_was_ever_published":false,"_jetpack_newsletter_access":"","_jetpack_dont_email_post_to_subs":false,"_jetpack_newsletter_tier_id":0,"_jetpack_memberships_contains_paywalled_content":false,"_jetpack_memberships_contains_paid_content":false,"footnotes":"","jetpack_publicize_message":"","jetpack_publicize_feature_enabled":true,"jetpack_social_post_already_shared":true,"jetpack_social_options":{"image_generator_settings":{"template":"highway","enabled":false},"version":2}},"categories":[1],"tags":[],"class_list":["post-37845","post","type-post","status-publish","format-standard","hentry","category-notas"],"jetpack_publicize_connections":[],"jetpack_sharing_enabled":true,"jetpack_featured_media_url":"","jetpack_shortlink":"https:\/\/wp.me\/p7wKYW-9Qp","jetpack-related-posts":[],"_links":{"self":[{"href":"http:\/\/blogdalucianaoliveira.com.br\/blog\/wp-json\/wp\/v2\/posts\/37845","targetHints":{"allow":["GET"]}}],"collection":[{"href":"http:\/\/blogdalucianaoliveira.com.br\/blog\/wp-json\/wp\/v2\/posts"}],"about":[{"href":"http:\/\/blogdalucianaoliveira.com.br\/blog\/wp-json\/wp\/v2\/types\/post"}],"author":[{"embeddable":true,"href":"http:\/\/blogdalucianaoliveira.com.br\/blog\/wp-json\/wp\/v2\/users\/1"}],"replies":[{"embeddable":true,"href":"http:\/\/blogdalucianaoliveira.com.br\/blog\/wp-json\/wp\/v2\/comments?post=37845"}],"version-history":[{"count":1,"href":"http:\/\/blogdalucianaoliveira.com.br\/blog\/wp-json\/wp\/v2\/posts\/37845\/revisions"}],"predecessor-version":[{"id":37847,"href":"http:\/\/blogdalucianaoliveira.com.br\/blog\/wp-json\/wp\/v2\/posts\/37845\/revisions\/37847"}],"wp:attachment":[{"href":"http:\/\/blogdalucianaoliveira.com.br\/blog\/wp-json\/wp\/v2\/media?parent=37845"}],"wp:term":[{"taxonomy":"category","embeddable":true,"href":"http:\/\/blogdalucianaoliveira.com.br\/blog\/wp-json\/wp\/v2\/categories?post=37845"},{"taxonomy":"post_tag","embeddable":true,"href":"http:\/\/blogdalucianaoliveira.com.br\/blog\/wp-json\/wp\/v2\/tags?post=37845"}],"curies":[{"name":"wp","href":"https:\/\/api.w.org\/{rel}","templated":true}]}}