{"id":37861,"date":"2025-11-08T10:48:51","date_gmt":"2025-11-08T14:48:51","guid":{"rendered":"https:\/\/blogdalucianaoliveira.com.br\/blog\/?p=37861"},"modified":"2025-11-08T10:48:51","modified_gmt":"2025-11-08T14:48:51","slug":"bndes-firma-acordo-com-marinha-e-cemaden-para-enfrentar-desastres-naturais-e-vai-mobilizar-r-100-mi-para-estudos","status":"publish","type":"post","link":"http:\/\/blogdalucianaoliveira.com.br\/blog\/2025\/11\/08\/bndes-firma-acordo-com-marinha-e-cemaden-para-enfrentar-desastres-naturais-e-vai-mobilizar-r-100-mi-para-estudos\/","title":{"rendered":"BNDES firma acordo com Marinha e Cemaden para enfrentar desastres naturais e vai mobilizar R$ 100 mi para estudos"},"content":{"rendered":"<p><img data-recalc-dims=\"1\" loading=\"lazy\" decoding=\"async\" data-attachment-id=\"37862\" data-permalink=\"http:\/\/blogdalucianaoliveira.com.br\/blog\/2025\/11\/08\/bndes-firma-acordo-com-marinha-e-cemaden-para-enfrentar-desastres-naturais-e-vai-mobilizar-r-100-mi-para-estudos\/img_9847-3\/\" data-orig-file=\"https:\/\/i0.wp.com\/blogdalucianaoliveira.com.br\/blog\/wp-content\/uploads\/2025\/11\/IMG_9847-1.jpeg?fit=1600%2C1070\" data-orig-size=\"1600,1070\" data-comments-opened=\"0\" data-image-meta=\"{&quot;aperture&quot;:&quot;0&quot;,&quot;credit&quot;:&quot;&quot;,&quot;camera&quot;:&quot;&quot;,&quot;caption&quot;:&quot;&quot;,&quot;created_timestamp&quot;:&quot;0&quot;,&quot;copyright&quot;:&quot;&quot;,&quot;focal_length&quot;:&quot;0&quot;,&quot;iso&quot;:&quot;0&quot;,&quot;shutter_speed&quot;:&quot;0&quot;,&quot;title&quot;:&quot;&quot;,&quot;orientation&quot;:&quot;0&quot;}\" data-image-title=\"IMG_9847\" data-image-description=\"\" data-image-caption=\"\" data-medium-file=\"https:\/\/i0.wp.com\/blogdalucianaoliveira.com.br\/blog\/wp-content\/uploads\/2025\/11\/IMG_9847-1.jpeg?fit=300%2C201\" data-large-file=\"https:\/\/i0.wp.com\/blogdalucianaoliveira.com.br\/blog\/wp-content\/uploads\/2025\/11\/IMG_9847-1.jpeg?fit=600%2C401\" class=\"alignnone size-medium wp-image-37862\" src=\"https:\/\/i0.wp.com\/blogdalucianaoliveira.com.br\/blog\/wp-content\/uploads\/2025\/11\/IMG_9847-1.jpeg?resize=300%2C201\" alt=\"\" width=\"300\" height=\"201\" srcset=\"https:\/\/i0.wp.com\/blogdalucianaoliveira.com.br\/blog\/wp-content\/uploads\/2025\/11\/IMG_9847-1.jpeg?resize=300%2C201 300w, https:\/\/i0.wp.com\/blogdalucianaoliveira.com.br\/blog\/wp-content\/uploads\/2025\/11\/IMG_9847-1.jpeg?resize=1024%2C685 1024w, https:\/\/i0.wp.com\/blogdalucianaoliveira.com.br\/blog\/wp-content\/uploads\/2025\/11\/IMG_9847-1.jpeg?resize=768%2C514 768w, https:\/\/i0.wp.com\/blogdalucianaoliveira.com.br\/blog\/wp-content\/uploads\/2025\/11\/IMG_9847-1.jpeg?resize=1536%2C1027 1536w, https:\/\/i0.wp.com\/blogdalucianaoliveira.com.br\/blog\/wp-content\/uploads\/2025\/11\/IMG_9847-1.jpeg?resize=449%2C300 449w, https:\/\/i0.wp.com\/blogdalucianaoliveira.com.br\/blog\/wp-content\/uploads\/2025\/11\/IMG_9847-1.jpeg?w=1600 1600w, https:\/\/i0.wp.com\/blogdalucianaoliveira.com.br\/blog\/wp-content\/uploads\/2025\/11\/IMG_9847-1.jpeg?w=1200 1200w\" sizes=\"auto, (max-width: 300px) 100vw, 300px\" \/><\/p>\n<p>Ag\u00eancia BNDES de Not\u00edcias &#8211; O Banco Nacional de Desenvolvimento Econ\u00f4mico e Social (BNDES) vai mobilizar R$ 100 milh\u00f5es para realiza\u00e7\u00e3o de estudos que subsidiem a implementa\u00e7\u00e3o de um plano nacional para enfretamento aos desastres naturais. A iniciativa \u00e9 um desdobramento de um protocolo de inten\u00e7\u00f5es assinado nesta sexta-feira, 7, com Marinha do Brasil e o Centro Nacional de Monitoramento e Alertas de Desastres Naturais (Cemaden). Ele estabelece diretrizes para uma coopera\u00e7\u00e3o na agenda de redu\u00e7\u00e3o de risco de desastres no pa\u00eds.<!--more--><\/p>\n<p>A assinatura, em Bel\u00e9m, ocorreu durante cerim\u00f4nia na qual tamb\u00e9m foi homenageado Pedro Teixeira, militar portugu\u00eas do per\u00edodo colonial que, partindo da capital paraense, liderou a primeira expedi\u00e7\u00e3o fluvial subindo o rio Amazonas, contribuindo de forma decisiva para o estabelecimento das atuais fronteiras no norte do Brasil.\u00a0 Estiveram presentes o presidente do BNDES, Aloizio Mercadante; o Comandante da Marinha, Marcos Sampaio Olsen; a diretora do Cemaden, Regina C\u00e9lia Alval\u00e1; e a ministra de Ci\u00eancia, Tecnologia e Inova\u00e7\u00e3o (MCTI), Luciana Santos.<\/p>\n<p>A cerim\u00f4nia aconteceu no espa\u00e7o interno do navio Atl\u00e2ntico, ancorado no porto de Bel\u00e9m e que funcionar\u00e1 como base de opera\u00e7\u00f5es e apoio log\u00edstico das For\u00e7as Armadas durante a Confer\u00eancia das Na\u00e7\u00f5es Unidas sobre as Mudan\u00e7as Clim\u00e1ticas (COP30). Apelidado informalmente de Gigante da Marinha, a embarca\u00e7\u00e3o \u00e9 projetada para as tarefas de controle de \u00e1reas mar\u00edtimas e \u00e9 apropriada para miss\u00f5es de car\u00e1ter humanit\u00e1rio, incluindo o aux\u00edlio a v\u00edtimas de desastres naturais.<\/p>\n<p>A assinatura do protocolo de inten\u00e7\u00f5es busca fazer frente ao aumento na frequ\u00eancia e intensidade de desastres no pa\u00eds nos \u00faltimos anos, especialmente associados \u00e0s mudan\u00e7as clim\u00e1ticas. S\u00e3o eventos que amea\u00e7am a vida de brasileiros, bem como geram perdas significativas e recorrentes ao desenvolvimento socioecon\u00f4mico. As institui\u00e7\u00f5es signat\u00e1rias buscam unir esfor\u00e7os t\u00e9cnicos, cient\u00edficos e institucionais para fortalecer a capacidade nacional de preven\u00e7\u00e3o, monitoramento e resposta.<\/p>\n<p>\u201cEstamos tendo desastres extremos cada vez mais frequentes e intensos. Estamos desenvolvendo esfor\u00e7os de preven\u00e7\u00e3o, com programa de descarboniza\u00e7\u00e3o e outras iniciativas. Mas n\u00f3s tamb\u00e9m temos que nos preparar para a resposta. Salvar vidas em primeiro lugar e recuperar as estruturas, as comunica\u00e7\u00f5es, a economia\u201d, afirma o presidente do BNDES, Aloizio Mercadante.<\/p>\n<p>Ele destacou a experi\u00eancia do BNDES ap\u00f3s as enchentes ocorridas no Rio Grande do Sul entre o final de abril e in\u00edcio de maio do ano passado. \u201cL\u00e1 n\u00f3s recuperamos a economia. O Rio Grande do Sul, em 2024, cresceu 4,9%, enquanto o Brasil cresceu 3,4%. E por que cresceu mais? Porque o acesso ao cr\u00e9dito que n\u00f3s liberamos impediu que as empresas quebrassem e que n\u00f3s tiv\u00e9ssemos desemprego em massa. Ent\u00e3o, n\u00f3s temos que estudar essas experi\u00eancias e criar um plano nacional para enfrentamento aos desastres naturais\u201d.<\/p>\n<p>De acordo com Mercadante, a expectativa \u00e9 de que, com base nas estudos que ser\u00e3o realizados, o plano nacional esteja conclu\u00eddo em outubro do pr\u00f3ximo ano. Ele deve indicar caminhos para a adapta\u00e7\u00e3o e para a reconstru\u00e7\u00e3o em situa\u00e7\u00f5es extremas. \u201cO Estado tem que chegar, mas chegar com ci\u00eancia e com pesquisa. Como \u00e9 que responde a urg\u00eancia e a emerg\u00eancia? Quais s\u00e3o as provid\u00eancias? Como \u00e9 que a gente chega na regi\u00e3o? Al\u00e9m de salvar vidas, o que a gente reconstr\u00f3i? Comunica\u00e7\u00e3o, infraestrutura? Como \u00e9 que \u00e9 melhor recuperar? Qual \u00e9 o tamanho da conta? Precisamos estudar isso para as \u00e1reas mais cr\u00edticas\u201d.<\/p>\n<p>O protocolo de inten\u00e7\u00f5es valoriza as voca\u00e7\u00f5es e capacidades espec\u00edficas de cada um. A Marinha do Brasil aportar\u00e1 seu amplo conhecimento e experi\u00eancia como bra\u00e7o operacional e expedicion\u00e1rio do Estado, por meio de um Grupamento Operativo de Fuzileiros Navais \u2013 Defesa Civil. Vinculado ao MCTI, o Cemaden se somar\u00e1 aos esfor\u00e7os com a sua experi\u00eancia no monitoramento de desastres, na modelagem e processamento de dados preditivos. J\u00e1 o BNDES contribuir\u00e1 com sua capacidade t\u00e9cnica e financeira para constru\u00e7\u00e3o de solu\u00e7\u00f5es emergenciais, de forma a viabilizar as a\u00e7\u00f5es conjuntas.<\/p>\n<p>A proposta \u00e9 que as tr\u00eas institui\u00e7\u00f5es iniciem a forma\u00e7\u00e3o de uma rede que possa ser futuramente expandida e agregar institutos de pesquisas, especialistas em prote\u00e7\u00e3o e defesa civil e representantes do setor produtivo. Para o comandante da Marinha, Marcos Sampaio Olsen, a assinatura do protocolo de inten\u00e7\u00f5es refor\u00e7a o compromisso do pa\u00eds com o fortalecimento da resili\u00eancia nacional diante da intensifica\u00e7\u00e3o dos eventos clim\u00e1ticos extremos. \u201cA experi\u00eancia operacional da Marinha, aliada \u00e0 excel\u00eancia t\u00e9cnica do Cemaden e \u00e0 capacidade estrat\u00e9gica do BNDES, traduz a uni\u00e3o entre defesa, ci\u00eancia e desenvolvimento em favor da prote\u00e7\u00e3o da vida e da seguran\u00e7a da popula\u00e7\u00e3o\u201d.<\/p>\n<p>A ministra Luciana Santos considera a atua\u00e7\u00e3o coordenada fundamental para o sucesso na execu\u00e7\u00e3o de pol\u00edticas p\u00fablicas. De acordo com ela, as mudan\u00e7as clim\u00e1ticas j\u00e1 tornam as chuvas mais intensas, as enchentes mais frequentes e as ondas de calor mais severas, atingindo sobretudo as comunidades mais vulner\u00e1veis. \u201cS\u00f3 com pesquisa, ferramentas adequadas e conhecimento aplicado teremos respostas realmente efetivas diante desse cen\u00e1rio\u201d, acrescentou Luciana Santos.<\/p>\n<p>Regina C\u00e9lia Alval\u00e1 destacou que o Cemaden tem uma rica experi\u00eancia acumulada ao logo de quase 15 anos e que \u00e9 capaz de emitir alertas de desastres com bastante anteced\u00eancia. Em sua vis\u00e3o, a soma de esfor\u00e7os poder\u00e1 resultar na amplia\u00e7\u00e3o do conhecimento e em inova\u00e7\u00f5es tecnol\u00f3gicas. &#8220;\u00c9 com muita alegria que fazemos parte dessa parceria. Esperamos avan\u00e7ar ainda mais sempre com o objetivo de salvaguardar vidas, al\u00e9m obviamente de contribuir para que o meio ambiente seja menos impactado&#8221;, disse a diretora do Cemaden.<\/p>\n<p>O protocolo de inten\u00e7\u00f5es tamb\u00e9m busca contribuir com o cumprimento dos Objetivos de Desenvolvimento Sustent\u00e1vel (ODS), estabelecidos pela Organiza\u00e7\u00e3o das Na\u00e7\u00f5es Unidas (ONU) no \u00e2mbito da Agenda 2030. Refor\u00e7ar ainda as a\u00e7\u00f5es do Brasil como signat\u00e1rio do Marco de Sendai, estabelecido pelo Escrit\u00f3rio das Na\u00e7\u00f5es Unidas para Redu\u00e7\u00e3o de Riscos de Desastres [UNDRR, na sigla em ingl\u00eas] com o objetivo de prevenir novos riscos de desastres e reduzir os existentes.<\/p>\n<p><strong>Pedro Teixeira &#8211;<\/strong> Homenageado durante a cerim\u00f4nia, Pedro Teixeira foi um militar portugu\u00eas do per\u00edodo colonial que participou da funda\u00e7\u00e3o de Bel\u00e9m, onde viveu e morreu. Suas expedi\u00e7\u00f5es fluviais contribu\u00edram para a incorpora\u00e7\u00e3o da Amaz\u00f4nia ao territ\u00f3rio nacional. Uma placa de metal produzida pelo BNDES foi entregue ao Comando da Marinha, cujas atividades d\u00e3o continuidade ao legado deixado pelo militar.<\/p>\n<p>A homenagem tamb\u00e9m contou com a participa\u00e7\u00e3o do reitor da Universidade Federal do Par\u00e1 (UFPA), Gilmar Pereira da Silva. Ele anunciou a cria\u00e7\u00e3o de uma comiss\u00e3o de estudos sobre a hist\u00f3ria de Pedro Teixeira. \u201c\u00c9 uma honra muito grande colocar a universidade \u00e0 disposi\u00e7\u00e3o da Brasil para que a gente possa desenvolver pesquisas e reflex\u00f5es sobre esse pa\u00eds\u201d.<\/p>\n<p>O militar portugu\u00eas atuou contra incurs\u00f5es de franceses, ingleses e holandeses na regi\u00e3o e, com o apoio de \u00edndios tupinamb\u00e1s, construiu uma estrada ligando Bel\u00e9m ao Maranh\u00e3o, abrindo caminhos que fortaleceriam a ocupa\u00e7\u00e3o e a defesa do territ\u00f3rio. Na C\u00e2mara dos Deputados, tramita um projeto de lei, apresentado pelo senador Beto Faro (PT-PA), que prop\u00f5e reconhecer o legado de Pedro Teixeira e incluir seu nome no Livro dos Her\u00f3is e Hero\u00ednas da P\u00e1tria.<\/p>\n<p>A mais memor\u00e1vel expedi\u00e7\u00e3o conduzida pelo militar durou mais de dois anos e teve in\u00edcio em 1637. Com cerca de 50 grandes canoas, 70 soldados e mais de 1,2 mil ind\u00edgenas, subiu o Rio Amazonas e o Rio Negro em uma fa\u00e7anha sem precedentes para sua \u00e9poca. \u201cNo in\u00edcio do s\u00e9culo 20, tinha uma discuss\u00e3o onde diziam que a Amaz\u00f4nia \u00e9 patrim\u00f4nio da humanidade e os brasileiros n\u00e3o t\u00eam condi\u00e7\u00e3o de administr\u00e1-la. E a\u00ed defendiam que era preciso internacionalizar a gest\u00e3o da Amaz\u00f4nia. E n\u00f3s respondemos: n\u00e3o venham com essa conversa que a Amaz\u00f4nia \u00e9 reconhecidamente brasileira. E muito do fato de ela ser brasileira se deve ao Pedro Teixeira\u201d, disse Mercadante.<\/p>\n<figure class=\"post-image post-image-featured\">\n<div class=\"image-container\"><\/div>\n<\/figure>\n","protected":false},"excerpt":{"rendered":"<p>Ag\u00eancia BNDES de Not\u00edcias &#8211; O Banco Nacional de Desenvolvimento Econ\u00f4mico e Social (BNDES) vai mobilizar R$ 100 milh\u00f5es para realiza\u00e7\u00e3o de estudos que subsidiem a implementa\u00e7\u00e3o de um plano nacional para enfretamento aos desastres naturais. A iniciativa \u00e9 um desdobramento de um protocolo de inten\u00e7\u00f5es assinado nesta sexta-feira, 7, com Marinha do Brasil e&#8230;<a class=\"more-link\" href=\"http:\/\/blogdalucianaoliveira.com.br\/blog\/2025\/11\/08\/bndes-firma-acordo-com-marinha-e-cemaden-para-enfrentar-desastres-naturais-e-vai-mobilizar-r-100-mi-para-estudos\/\">Continue a leitura <span class=\"meta-nav\">&raquo;<\/span><\/a><\/p>\n","protected":false},"author":1,"featured_media":0,"comment_status":"closed","ping_status":"open","sticky":false,"template":"","format":"standard","meta":{"_exactmetrics_skip_tracking":false,"_exactmetrics_sitenote_active":false,"_exactmetrics_sitenote_note":"","_exactmetrics_sitenote_category":0,"jetpack_post_was_ever_published":false,"_jetpack_newsletter_access":"","_jetpack_dont_email_post_to_subs":false,"_jetpack_newsletter_tier_id":0,"_jetpack_memberships_contains_paywalled_content":false,"_jetpack_memberships_contains_paid_content":false,"footnotes":"","jetpack_publicize_message":"","jetpack_publicize_feature_enabled":true,"jetpack_social_post_already_shared":true,"jetpack_social_options":{"image_generator_settings":{"template":"highway","enabled":false},"version":2}},"categories":[1],"tags":[1564,1274,1565],"class_list":["post-37861","post","type-post","status-publish","format-standard","hentry","category-notas","tag-bndes","tag-cop30","tag-recuperacao-florestal"],"jetpack_publicize_connections":[],"jetpack_sharing_enabled":true,"jetpack_featured_media_url":"","jetpack_shortlink":"https:\/\/wp.me\/p7wKYW-9QF","jetpack-related-posts":[],"_links":{"self":[{"href":"http:\/\/blogdalucianaoliveira.com.br\/blog\/wp-json\/wp\/v2\/posts\/37861","targetHints":{"allow":["GET"]}}],"collection":[{"href":"http:\/\/blogdalucianaoliveira.com.br\/blog\/wp-json\/wp\/v2\/posts"}],"about":[{"href":"http:\/\/blogdalucianaoliveira.com.br\/blog\/wp-json\/wp\/v2\/types\/post"}],"author":[{"embeddable":true,"href":"http:\/\/blogdalucianaoliveira.com.br\/blog\/wp-json\/wp\/v2\/users\/1"}],"replies":[{"embeddable":true,"href":"http:\/\/blogdalucianaoliveira.com.br\/blog\/wp-json\/wp\/v2\/comments?post=37861"}],"version-history":[{"count":1,"href":"http:\/\/blogdalucianaoliveira.com.br\/blog\/wp-json\/wp\/v2\/posts\/37861\/revisions"}],"predecessor-version":[{"id":37863,"href":"http:\/\/blogdalucianaoliveira.com.br\/blog\/wp-json\/wp\/v2\/posts\/37861\/revisions\/37863"}],"wp:attachment":[{"href":"http:\/\/blogdalucianaoliveira.com.br\/blog\/wp-json\/wp\/v2\/media?parent=37861"}],"wp:term":[{"taxonomy":"category","embeddable":true,"href":"http:\/\/blogdalucianaoliveira.com.br\/blog\/wp-json\/wp\/v2\/categories?post=37861"},{"taxonomy":"post_tag","embeddable":true,"href":"http:\/\/blogdalucianaoliveira.com.br\/blog\/wp-json\/wp\/v2\/tags?post=37861"}],"curies":[{"name":"wp","href":"https:\/\/api.w.org\/{rel}","templated":true}]}}