{"id":37864,"date":"2025-11-08T10:55:30","date_gmt":"2025-11-08T14:55:30","guid":{"rendered":"https:\/\/blogdalucianaoliveira.com.br\/blog\/?p=37864"},"modified":"2025-11-08T10:55:30","modified_gmt":"2025-11-08T14:55:30","slug":"lideres-de-43-paises-e-da-ue-assinam-declaracao-de-belem-sobre-fome-pobreza-e-acao-climatica-centrada-nas-pessoas","status":"publish","type":"post","link":"http:\/\/blogdalucianaoliveira.com.br\/blog\/2025\/11\/08\/lideres-de-43-paises-e-da-ue-assinam-declaracao-de-belem-sobre-fome-pobreza-e-acao-climatica-centrada-nas-pessoas\/","title":{"rendered":"L\u00edderes de 43 pa\u00edses e da UE assinam Declara\u00e7\u00e3o de Bel\u00e9m sobre Fome, Pobreza e A\u00e7\u00e3o Clim\u00e1tica Centrada nas Pessoas"},"content":{"rendered":"<p><img data-recalc-dims=\"1\" loading=\"lazy\" decoding=\"async\" data-attachment-id=\"37865\" data-permalink=\"http:\/\/blogdalucianaoliveira.com.br\/blog\/2025\/11\/08\/lideres-de-43-paises-e-da-ue-assinam-declaracao-de-belem-sobre-fome-pobreza-e-acao-climatica-centrada-nas-pessoas\/img_9863\/\" data-orig-file=\"https:\/\/i0.wp.com\/blogdalucianaoliveira.com.br\/blog\/wp-content\/uploads\/2025\/11\/IMG_9863.jpeg?fit=768%2C512\" data-orig-size=\"768,512\" data-comments-opened=\"0\" data-image-meta=\"{&quot;aperture&quot;:&quot;0&quot;,&quot;credit&quot;:&quot;&quot;,&quot;camera&quot;:&quot;&quot;,&quot;caption&quot;:&quot;&quot;,&quot;created_timestamp&quot;:&quot;0&quot;,&quot;copyright&quot;:&quot;&quot;,&quot;focal_length&quot;:&quot;0&quot;,&quot;iso&quot;:&quot;0&quot;,&quot;shutter_speed&quot;:&quot;0&quot;,&quot;title&quot;:&quot;&quot;,&quot;orientation&quot;:&quot;0&quot;}\" data-image-title=\"IMG_9863\" data-image-description=\"\" data-image-caption=\"\" data-medium-file=\"https:\/\/i0.wp.com\/blogdalucianaoliveira.com.br\/blog\/wp-content\/uploads\/2025\/11\/IMG_9863.jpeg?fit=300%2C200\" data-large-file=\"https:\/\/i0.wp.com\/blogdalucianaoliveira.com.br\/blog\/wp-content\/uploads\/2025\/11\/IMG_9863.jpeg?fit=600%2C400\" class=\"alignnone size-medium wp-image-37865\" src=\"https:\/\/i0.wp.com\/blogdalucianaoliveira.com.br\/blog\/wp-content\/uploads\/2025\/11\/IMG_9863.jpeg?resize=300%2C200\" alt=\"\" width=\"300\" height=\"200\" srcset=\"https:\/\/i0.wp.com\/blogdalucianaoliveira.com.br\/blog\/wp-content\/uploads\/2025\/11\/IMG_9863.jpeg?resize=300%2C200 300w, https:\/\/i0.wp.com\/blogdalucianaoliveira.com.br\/blog\/wp-content\/uploads\/2025\/11\/IMG_9863.jpeg?resize=450%2C300 450w, https:\/\/i0.wp.com\/blogdalucianaoliveira.com.br\/blog\/wp-content\/uploads\/2025\/11\/IMG_9863.jpeg?w=768 768w\" sizes=\"auto, (max-width: 300px) 100vw, 300px\" \/><\/p>\n<p>Chefes de Estado e de governo de 43 pa\u00edses e da Uni\u00e3o Europeia adotaram nesta sexta-feira, 7 de novembro, durante a C\u00fapula de L\u00edderes da COP30, a Declara\u00e7\u00e3o de Bel\u00e9m sobre Fome, Pobreza e A\u00e7\u00e3o Clim\u00e1tica Centrada nas Pessoas. O documento reconhece que, embora a mudan\u00e7a clim\u00e1tica afete a todos, os impactos recaem de forma desproporcional sobre as popula\u00e7\u00f5es mais vulner\u00e1veis.<\/p>\n<p><!--more--><\/p>\n<p>O ministro do Desenvolvimento e Assist\u00eancia Social, Fam\u00edlia e Combate \u00e0 Fome, Wellington Dias, avaliou que a declara\u00e7\u00e3o ressalta que n\u00e3o se pode separar a a\u00e7\u00e3o clim\u00e1tica da justi\u00e7a social.<\/p>\n<p>\u201cOs pa\u00edses e comunidades mais pobres, que menos contribu\u00edram para a mudan\u00e7a do clima, est\u00e3o sofrendo suas piores consequ\u00eancias\u201d, afirmou Dias.<\/p>\n<p>O documento foi anunciado durante a \u00faltima sess\u00e3o da C\u00fapula do Clima de Bel\u00e9m, quatro dias ap\u00f3s a realiza\u00e7\u00e3o da primeira reuni\u00e3o de l\u00edderes da Alian\u00e7a Global Contra a Fome e a Pobreza, em Doha, no Catar, na segunda-feira (3). O compromisso internacional foi uma proposta da presid\u00eancia brasileira \u00e0 frente do G20, em 2024.<\/p>\n<p>&#8220;Quando usado de forma estrat\u00e9gica, o financiamento clim\u00e1tico pode nutrir tanto as pessoas quanto o planeta que chamamos de lar. Esta declara\u00e7\u00e3o refor\u00e7a nossa determina\u00e7\u00e3o compartilhada de conectar a\u00e7\u00e3o clim\u00e1tica, combate \u00e0 fome e \u00e0 pobreza&#8221;, disse Mafalda Duarte, Diretora-executiva do Fundo Verde para o Clima.<\/p>\n<p>FOCO EM PESSOAS<\/p>\n<p>A declara\u00e7\u00e3o recomenda que os pa\u00edses continuem investindo em mitiga\u00e7\u00e3o, mas que confiram maior prioridade \u00e0 adapta\u00e7\u00e3o, especialmente \u00e0s medidas centradas no ser humano, como a prote\u00e7\u00e3o social, seguros-safra e outros instrumentos que promovam a resili\u00eancia para as popula\u00e7\u00f5es.<\/p>\n<p>Durante a C\u00fapula do Clima, Mafalda Duarte, diretora-executiva do Fundo Verde para o Clima, considerada a maior fonte p\u00fablica de financiamento clim\u00e1tico do mundo, destacou que o clima \u00e9 insepar\u00e1vel da fome e da pobreza. \u201cQuando usado de forma estrat\u00e9gica, o financiamento clim\u00e1tico pode nutrir tanto as pessoas quanto o planeta que chamamos de lar. Esta declara\u00e7\u00e3o refor\u00e7a nossa determina\u00e7\u00e3o compartilhada de conectar a\u00e7\u00e3o clim\u00e1tica, combate \u00e0 fome e \u00e0 pobreza\u201d, disse.<\/p>\n<p>MAIS OPORTUNIDADES<\/p>\n<p>Al\u00e9m disso, o documento tamb\u00e9m defende que o financiamento clim\u00e1tico tenha como foco projetos que gerem oportunidades, empregos e meios de subsist\u00eancia para agricultores familiares, comunidades tradicionais e povos da floresta. O investimento dever\u00e1 ser pensado para promover a transi\u00e7\u00e3o energ\u00e9tica justa dessas popula\u00e7\u00f5es.<\/p>\n<p>OBJETIVOS<\/p>\n<p>Para acompanhar a evolu\u00e7\u00e3o dos pa\u00edses nos termos acordados, o texto prop\u00f5e oito objetivos mensur\u00e1veis nas diversas \u00e1reas tratadas. Entre eles est\u00e1 aumentar a prote\u00e7\u00e3o social dos pa\u00edses em 2% ao ano e tamb\u00e9m expandir o n\u00famero de pa\u00edses com capacidade de avaliar e antecipar vulnerabilidades clim\u00e1ticas de curto e longo prazo.<\/p>\n<p>Os 44 pa\u00edses signat\u00e1rios da Declara\u00e7\u00e3o de Bel\u00e9m representam uma coaliz\u00e3o diversa que abrange todos os continentes. Isso demonstra um amplo consenso internacional sobre a necessidade de integrar prote\u00e7\u00e3o social e erradica\u00e7\u00e3o da pobreza \u00e0s estrat\u00e9gias clim\u00e1ticas.<\/p>\n<p class=\"callout\">Os signat\u00e1rios s\u00e3o Brasil, Alemanha, \u00c1ustria, Bielorr\u00fassia, Cabo Verde, Cazaquist\u00e3o, Chile, China, Col\u00f4mbia, Coreia do Norte, Cuba, Dinamarca, Equador, Espanha, Eslov\u00e1quia, Eslov\u00eania, Eti\u00f3pia, Fran\u00e7a, Guin\u00e9-Bissau, Haiti, Indon\u00e9sia, Mianmar, Mal\u00e1sia, Maurit\u00e2nia, M\u00e9xico, Mo\u00e7ambique, Noruega, Panam\u00e1, Pa\u00edses Baixos, Peru, Portugal, Quirguist\u00e3o, Reino Unido, Rep\u00fablica da Guin\u00e9, Rep\u00fablica do Congo, Rep\u00fablica Dominicana, Ruanda, S\u00e3o Crist\u00f3v\u00e3o e N\u00e9vis, Seychelles, Sud\u00e3o, Uni\u00e3o Europeia, Uruguai, Z\u00e2mbia e Zimb\u00e1bue.<\/p>\n<p><strong>AVALIA\u00c7\u00c3O FUTURA \u2014<\/strong> Os pa\u00edses s\u00e3o incentivados a incorporar estrat\u00e9gias de a\u00e7\u00e3o clim\u00e1tica centradas nas pessoas em suas Contribui\u00e7\u00f5es Nacionalmente Determinadas (NDCs), Planos Nacionais de Adapta\u00e7\u00e3o (NAPs) e outros compromissos clim\u00e1ticos, com avalia\u00e7\u00e3o de progresso em 2028 e balan\u00e7o completo at\u00e9 2030.<\/p>\n","protected":false},"excerpt":{"rendered":"<p>Chefes de Estado e de governo de 43 pa\u00edses e da Uni\u00e3o Europeia adotaram nesta sexta-feira, 7 de novembro, durante a C\u00fapula de L\u00edderes da COP30, a Declara\u00e7\u00e3o de Bel\u00e9m sobre Fome, Pobreza e A\u00e7\u00e3o Clim\u00e1tica Centrada nas Pessoas. O documento reconhece que, embora a mudan\u00e7a clim\u00e1tica afete a todos, os impactos recaem de forma&#8230;<a class=\"more-link\" href=\"http:\/\/blogdalucianaoliveira.com.br\/blog\/2025\/11\/08\/lideres-de-43-paises-e-da-ue-assinam-declaracao-de-belem-sobre-fome-pobreza-e-acao-climatica-centrada-nas-pessoas\/\">Continue a leitura <span class=\"meta-nav\">&raquo;<\/span><\/a><\/p>\n","protected":false},"author":1,"featured_media":0,"comment_status":"closed","ping_status":"open","sticky":false,"template":"","format":"standard","meta":{"_exactmetrics_skip_tracking":false,"_exactmetrics_sitenote_active":false,"_exactmetrics_sitenote_note":"","_exactmetrics_sitenote_category":0,"jetpack_post_was_ever_published":false,"_jetpack_newsletter_access":"","_jetpack_dont_email_post_to_subs":false,"_jetpack_newsletter_tier_id":0,"_jetpack_memberships_contains_paywalled_content":false,"_jetpack_memberships_contains_paid_content":false,"footnotes":"","jetpack_publicize_message":"","jetpack_publicize_feature_enabled":true,"jetpack_social_post_already_shared":true,"jetpack_social_options":{"image_generator_settings":{"template":"highway","enabled":false},"version":2}},"categories":[1],"tags":[1567,1274,1566,763],"class_list":["post-37864","post","type-post","status-publish","format-standard","hentry","category-notas","tag-assinatura","tag-cop30","tag-lideres","tag-pobreza"],"jetpack_publicize_connections":[],"jetpack_sharing_enabled":true,"jetpack_featured_media_url":"","jetpack_shortlink":"https:\/\/wp.me\/p7wKYW-9QI","jetpack-related-posts":[],"_links":{"self":[{"href":"http:\/\/blogdalucianaoliveira.com.br\/blog\/wp-json\/wp\/v2\/posts\/37864","targetHints":{"allow":["GET"]}}],"collection":[{"href":"http:\/\/blogdalucianaoliveira.com.br\/blog\/wp-json\/wp\/v2\/posts"}],"about":[{"href":"http:\/\/blogdalucianaoliveira.com.br\/blog\/wp-json\/wp\/v2\/types\/post"}],"author":[{"embeddable":true,"href":"http:\/\/blogdalucianaoliveira.com.br\/blog\/wp-json\/wp\/v2\/users\/1"}],"replies":[{"embeddable":true,"href":"http:\/\/blogdalucianaoliveira.com.br\/blog\/wp-json\/wp\/v2\/comments?post=37864"}],"version-history":[{"count":1,"href":"http:\/\/blogdalucianaoliveira.com.br\/blog\/wp-json\/wp\/v2\/posts\/37864\/revisions"}],"predecessor-version":[{"id":37866,"href":"http:\/\/blogdalucianaoliveira.com.br\/blog\/wp-json\/wp\/v2\/posts\/37864\/revisions\/37866"}],"wp:attachment":[{"href":"http:\/\/blogdalucianaoliveira.com.br\/blog\/wp-json\/wp\/v2\/media?parent=37864"}],"wp:term":[{"taxonomy":"category","embeddable":true,"href":"http:\/\/blogdalucianaoliveira.com.br\/blog\/wp-json\/wp\/v2\/categories?post=37864"},{"taxonomy":"post_tag","embeddable":true,"href":"http:\/\/blogdalucianaoliveira.com.br\/blog\/wp-json\/wp\/v2\/tags?post=37864"}],"curies":[{"name":"wp","href":"https:\/\/api.w.org\/{rel}","templated":true}]}}