{"id":37870,"date":"2025-11-10T09:45:43","date_gmt":"2025-11-10T13:45:43","guid":{"rendered":"https:\/\/blogdalucianaoliveira.com.br\/blog\/?p=37870"},"modified":"2025-11-10T09:45:43","modified_gmt":"2025-11-10T13:45:43","slug":"marina-defende-transicao-energetica-justa-na-cop30","status":"publish","type":"post","link":"http:\/\/blogdalucianaoliveira.com.br\/blog\/2025\/11\/10\/marina-defende-transicao-energetica-justa-na-cop30\/","title":{"rendered":"Marina defende transi\u00e7\u00e3o energ\u00e9tica justa na COP30"},"content":{"rendered":"<h2><\/h2>\n<h2 class=\"article__lead\"><img decoding=\"async\" src=\"https:\/\/www.brasil247.com\/_next\/image?url=https%3A%2F%2Fcdn.brasil247.com%2Fpb-b247gcp%2Fswp%2Fjtjeq9%2Fmedia%2F20250811080832_cf91d816-c5fd-401e-ae8b-8e47931bb078.webp&amp;w=3840&amp;q=75\" alt=\"Marina Silva\" \/>Ministra do Meio Ambiente afirma que o Brasil vive as contradi\u00e7\u00f5es da transi\u00e7\u00e3o energ\u00e9tica e diz que a Petrobras deve virar uma empresa de energia<\/h2>\n<p><!--more--><\/p>\n<div class=\"article__info\">\n<div class=\"article__meta\">\n<p><b>247 \u2013\u00a0<\/b>A ministra do Meio Ambiente e Mudan\u00e7a do Clima, Marina Silva, afirmou que o Senado Federal est\u00e1 \u201cna contram\u00e3o\u201d dos esfor\u00e7os globais para conter as mudan\u00e7as clim\u00e1ticas. Em\u00a0<a href=\"https:\/\/oglobo.globo.com\/brasil\/cop-30-amazonia\/noticia\/2025\/11\/10\/entrevista-todos-os-paises-estao-vivendo-as-contradicoes-da-transicao-energetica-diz-marina-silva-sobre-a-margem-equatorial.ghtml\" target=\"_blank\" rel=\"noopener noreferrer nofollow\">entrevista<\/a>\u00a0ao jornal\u00a0<i>O Globo<\/i>\u00a0durante a abertura da COP30, em Bel\u00e9m (PA), Marina classificou como \u201cabsurda\u201d a aprova\u00e7\u00e3o de novos incentivos \u00e0s termel\u00e9tricas movidas a carv\u00e3o e defendeu que o Brasil est\u00e1 comprometido em liderar a transi\u00e7\u00e3o para uma economia de baixo carbono, apesar das contradi\u00e7\u00f5es.<\/p>\n<div class=\"googleFollowButton\">\n<div id=\"__next\"><main class=\"__variable_66d221\"><\/p>\n<div class=\"container\"><main class=\"main\"><\/p>\n<div class=\"mainCols article\">\n<div class=\"main--left\">\n<article class=\"article__full\">\n<div class=\"article__text article_speakable\">\n<div data-cy=\"articleBody\">\n<p>Questionada sobre o aval do governo para que a Petrobras explore petr\u00f3leo na\u00a0<b>Margem Equatorial<\/b>, a ministra argumentou que o processo de transi\u00e7\u00e3o energ\u00e9tica \u00e9 complexo e repleto de desafios. \u201cVoc\u00ea dificilmente vai encontrar um pa\u00eds que n\u00e3o esteja vivendo desafios e contradi\u00e7\u00f5es na transi\u00e7\u00e3o energ\u00e9tica\u201d, disse. Marina citou o exemplo europeu, destacando que \u201ca Fran\u00e7a investiu muito em energia nuclear e 60% de sua matriz energ\u00e9tica \u00e9 f\u00f3ssil\u201d e que \u201ca Europa passou a considerar o g\u00e1s um combust\u00edvel de transi\u00e7\u00e3o\u201d.<\/p>\n<div id=\"notsy_container_13609676\" class=\"B24_VIDEO marginBottom30\" data-notsy-container-index=\"1\" data-notsy-mapped-container=\"1\">\n<div id=\"video_56068-container\" class=\"nts-container\" data-mobile=\"0\">\n<div id=\"video_56068-sub-container\" class=\"ym-video--sub-container\">\n<div id=\"video_56068-placeholder\"><\/div>\n<div id=\"video_56068-float-container\" class=\"nts-float-container\">\n<div class=\"ym-video--player-container\">\n<div id=\"video_56068\" class=\"video-js vjs-default-skin vjs-big-play-centered vjs-paused video_56068-dimensions vjs-fluid vjs-controls-enabled vjs-workinghover vjs-v7 vjs-user-active\" lang=\"pt-br\" tabindex=\"-1\" role=\"region\" aria-label=\"Video Player\">\n<div class=\"vjs-poster\" aria-disabled=\"false\"><\/div>\n<div class=\"vjs-text-track-display\" aria-live=\"off\" aria-atomic=\"true\">\n<div><\/div>\n<\/div>\n<p><button class=\"vjs-big-play-button\" title=\"Play Video\" type=\"button\" aria-disabled=\"false\"><span class=\"vjs-control-text\" aria-live=\"polite\">Play Video<\/span><\/button><\/div>\n<\/div>\n<\/div>\n<\/div>\n<\/div>\n<\/div>\n<p>Para ela, o essencial \u00e9 \u201cusar parte do lucro do petr\u00f3leo para investir na transi\u00e7\u00e3o energ\u00e9tica, em hidrog\u00eanio verde e energia e\u00f3lica e solar\u201d. Segundo a ministra, o Brasil tem uma vantagem comparativa por j\u00e1 contar com uma matriz energ\u00e9tica 45% limpa e uma matriz el\u00e9trica 90% limpa.<\/p>\n<h2>Cr\u00edtica ao Senado e ao incentivo ao carv\u00e3o<\/h2>\n<p>Marina classificou como \u201cum absurdo\u201d a aprova\u00e7\u00e3o, em apenas seis minutos, de novos benef\u00edcios fiscais a termel\u00e9tricas a carv\u00e3o \u00e0s v\u00e9speras da confer\u00eancia clim\u00e1tica. \u201cFoi um sinal na contram\u00e3o dos esfor\u00e7os que precisam ser feitos\u201d, criticou. Para ela, a medida representa uma \u201cregress\u00e3o\u201d e vai contra o debate global de elimina\u00e7\u00e3o dos subs\u00eddios ineficientes \u00e0 energia f\u00f3ssil.<\/p>\n<div class=\"contentAd contentAd--noBackground marginBottom30\">\n<div class=\"marginTop10 adBackground\">\n<div class=\"ad marginBottom30 ad--center minHeight280\">\n<div id=\"b247-multipage-standard-3\" data-google-query-id=\"COXEptnY55ADFduDYQYdNk8M1Q\">\n<div id=\"google_ads_iframe_\/55115104\/b247-multipage-standard-3_0__container__\"><iframe id=\"google_ads_iframe_\/55115104\/b247-multipage-standard-3_0\" tabindex=\"0\" title=\"3rd party ad content\" name=\"google_ads_iframe_\/55115104\/b247-multipage-standard-3_0\" width=\"336\" height=\"280\" frameborder=\"0\" marginwidth=\"0\" marginheight=\"0\" scrolling=\"no\" aria-label=\"Advertisement\" data-load-complete=\"true\" data-google-container-id=\"5\"><\/iframe><\/div>\n<\/div>\n<\/div>\n<\/div>\n<\/div>\n<p>A ministra tamb\u00e9m criticou as mudan\u00e7as nas regras de licenciamento ambiental inclu\u00eddas na mesma medida provis\u00f3ria, alertando para riscos \u00e0 seguran\u00e7a e \u00e0 governan\u00e7a ambiental. \u201cO que foi proposto \u00e9 que a licen\u00e7a n\u00e3o precisar\u00e1 nem passar pelo Conselho de Governo. Isso tem endere\u00e7o: o hidrograma de Belo Monte, as grandes barragens de rejeitos em Minas Gerais. S\u00e3o interesses que v\u00e3o na contram\u00e3o da sociedade e p\u00f5em vidas em risco\u201d, afirmou.<\/p>\n<h2>A lideran\u00e7a do Brasil na COP30<\/h2>\n<p>Marina destacou que o Brasil chega \u00e0 COP30 com avan\u00e7os concretos, como a redu\u00e7\u00e3o do desmatamento pelo terceiro ano consecutivo e a diminui\u00e7\u00e3o em 50% dos inc\u00eandios florestais. \u201c\u00c9 resultado de pol\u00edtica p\u00fablica: aumentar equipes, fazer concursos, equipar bombeiros. Se o pa\u00eds estivesse embaixo de uma nuvem de fuma\u00e7a, estar\u00edamos todos constrangidos\u201d, afirmou.<\/p>\n<p>Ela ressaltou ainda a import\u00e2ncia da lideran\u00e7a do presidente Lula no debate clim\u00e1tico. \u201cFoi importante o presidente dizer, na c\u00fapula de l\u00edderes, que precisamos acabar com a depend\u00eancia dos combust\u00edveis f\u00f3sseis. N\u00e3o basta querer sair da depend\u00eancia, temos que criar as bases para isso\u201d, disse Marina.<\/p>\n<h2>Fundo Florestas Tropicais para Sempre<\/h2>\n<p>A ministra comemorou o avan\u00e7o do\u00a0<b>Fundo Florestas Tropicais para Sempre (TFFF)<\/b>, que j\u00e1 conta com mais de US$ 6 bilh\u00f5es em recursos e ser\u00e1 destinado a remunerar \u00e1reas de floresta protegida e servi\u00e7os ecossist\u00eamicos. \u201cEstou totalmente entusiasmada com o TFFF. J\u00e1 nos sentimos altamente vitoriosos porque o fundo est\u00e1 operacional\u201d, afirmou. Ela explicou que 20% dos recursos ser\u00e3o direcionados a povos ind\u00edgenas e comunidades tradicionais, destacando a mudan\u00e7a de paradigma: \u201cEstamos trocando a l\u00f3gica da doa\u00e7\u00e3o, do pires na m\u00e3o, para a do investimento\u201d.<\/p>\n<div class=\"contentAd contentAd--noBackground marginBottom30\">\n<div class=\"marginTop10 adBackground\">\n<div class=\"ad marginBottom30 ad--center minHeight280\">\n<div id=\"b247-multipage-standard-4\">\n<div id=\"google_ads_iframe_\/55115104\/b247-multipage-standard-4_0__container__\"><\/div>\n<\/div>\n<\/div>\n<\/div>\n<\/div>\n<h2>Responsabilidade global e desafios \u00e9ticos<\/h2>\n<p>Marina tamb\u00e9m abordou a postura dos Estados Unidos, que considera insuficiente diante da crise clim\u00e1tica. \u201cOs EUA s\u00e3o o pa\u00eds mais rico do mundo e o segundo maior emissor, depois da China. Isso \u00e9 justo? Claro que n\u00e3o. Mas isso aumenta nossa responsabilidade e exige um esfor\u00e7o de lideran\u00e7a, coopera\u00e7\u00e3o e solidariedade ainda maior.\u201d<\/p>\n<p>Para ela, o grande desafio da COP30 ser\u00e1 alcan\u00e7ar um consenso entre os 198 pa\u00edses presentes. \u201cPrecisamos criar um mapa para chegar ao fim do desmatamento e do uso de combust\u00edveis f\u00f3sseis. \u00c9 dif\u00edcil? \u00c9. Tem posi\u00e7\u00f5es contr\u00e1rias? Tem. Mas se em Dubai fomos capazes de aprovar as metas, por que n\u00e3o aprovar agora um mapa do caminho?\u201d, questionou.<\/p>\n<p>A ministra encerrou a entrevista refor\u00e7ando o compromisso do Brasil com a justi\u00e7a clim\u00e1tica: \u201cQuem coloca em primeiro lugar o interesse p\u00fablico, a defesa da vida e a \u00e9tica n\u00e3o pode trabalhar na l\u00f3gica do lobby. Precisamos resolver um dos principais problemas que a humanidade j\u00e1 enfrentou: a possibilidade de destruir n\u00e3o apenas a nossa vida, mas as condi\u00e7\u00f5es em que a vida nos foi dada.\u201d<\/p>\n<p>Para ela, o essencial \u00e9 \u201cusar parte do lucro do petr\u00f3leo para investir na transi\u00e7\u00e3o energ\u00e9tica, em hidrog\u00eanio verde e energia e\u00f3lica e solar\u201d. Segundo a ministra, o Brasil tem uma vantagem comparativa por j\u00e1 contar com uma matriz energ\u00e9tica 45% limpa e uma matriz el\u00e9trica 90% limpa.<\/p>\n<h2>Cr\u00edtica ao Senado e ao incentivo ao carv\u00e3o<\/h2>\n<p>Marina classificou como \u201cum absurdo\u201d a aprova\u00e7\u00e3o, em apenas seis minutos, de novos benef\u00edcios fiscais a termel\u00e9tricas a carv\u00e3o \u00e0s v\u00e9speras da confer\u00eancia clim\u00e1tica. \u201cFoi um sinal na contram\u00e3o dos esfor\u00e7os que precisam ser feitos\u201d, criticou. Para ela, a medida representa uma \u201cregress\u00e3o\u201d e vai contra o debate global de elimina\u00e7\u00e3o dos subs\u00eddios ineficientes \u00e0 energia f\u00f3ssil.<\/p>\n<div class=\"contentAd contentAd--noBackground marginBottom30\">\n<div class=\"marginTop10 adBackground\">\n<div class=\"ad marginBottom30 ad--center minHeight280\">\n<div id=\"b247-multipage-standard-3\" data-google-query-id=\"COXEptnY55ADFduDYQYdNk8M1Q\">\n<p>A ministra tamb\u00e9m criticou as mudan\u00e7as nas regras de licenciamento ambiental inclu\u00eddas na mesma medida provis\u00f3ria, alertando para riscos \u00e0 seguran\u00e7a e \u00e0 governan\u00e7a ambiental. \u201cO que foi proposto \u00e9 que a licen\u00e7a n\u00e3o precisar\u00e1 nem passar pelo Conselho de Governo. Isso tem endere\u00e7o: o hidrograma de Belo Monte, as grandes barragens de rejeitos em Minas Gerais. S\u00e3o interesses que v\u00e3o na contram\u00e3o da sociedade e p\u00f5em vidas em risco\u201d, afirmou.<\/p>\n<h2>A lideran\u00e7a do Brasil na COP30<\/h2>\n<p>Marina destacou que o Brasil chega \u00e0 COP30 com avan\u00e7os concretos, como a redu\u00e7\u00e3o do desmatamento pelo terceiro ano consecutivo e a diminui\u00e7\u00e3o em 50% dos inc\u00eandios florestais. \u201c\u00c9 resultado de pol\u00edtica p\u00fablica: aumentar equipes, fazer concursos, equipar bombeiros. Se o pa\u00eds estivesse embaixo de uma nuvem de fuma\u00e7a, estar\u00edamos todos constrangidos\u201d, afirmou.<\/p>\n<p>Ela ressaltou ainda a import\u00e2ncia da lideran\u00e7a do presidente Lula no debate clim\u00e1tico. \u201cFoi importante o presidente dizer, na c\u00fapula de l\u00edderes, que precisamos acabar com a depend\u00eancia dos combust\u00edveis f\u00f3sseis. N\u00e3o basta querer sair da depend\u00eancia, temos que criar as bases para isso\u201d, disse Marina.<\/p>\n<h2>Fundo Florestas Tropicais para Sempre<\/h2>\n<p>A ministra comemorou o avan\u00e7o do\u00a0<b>Fundo Florestas Tropicais para Sempre (TFFF)<\/b>, que j\u00e1 conta com mais de US$ 6 bilh\u00f5es em recursos e ser\u00e1 destinado a remunerar \u00e1reas de floresta protegida e servi\u00e7os ecossist\u00eamicos. \u201cEstou totalmente entusiasmada com o TFFF. J\u00e1 nos sentimos altamente vitoriosos porque o fundo est\u00e1 operacional\u201d, afirmou. Ela explicou que 20% dos recursos ser\u00e3o direcionados a povos ind\u00edgenas e comunidades tradicionais, destacando a mudan\u00e7a de paradigma: \u201cEstamos trocando a l\u00f3gica da doa\u00e7\u00e3o, do pires na m\u00e3o, para a do investimento\u201d.<\/p>\n<div class=\"contentAd contentAd--noBackground marginBottom30\">\n<div class=\"marginTop10 adBackground\">\n<div class=\"ad marginBottom30 ad--center minHeight280\">\n<div id=\"b247-multipage-standard-4\" data-google-query-id=\"COnEptnY55ADFduDYQYdNk8M1Q\">\n<article class=\"article__full\">\n<div class=\"article__text article_speakable\">\n<div data-cy=\"articleBody\">\n<h2>Responsabilidade global e desafios \u00e9ticos<\/h2>\n<p>Marina tamb\u00e9m abordou a postura dos Estados Unidos, que considera insuficiente diante da crise clim\u00e1tica. \u201cOs EUA s\u00e3o o pa\u00eds mais rico do mundo e o segundo maior emissor, depois da China. Isso \u00e9 justo? Claro que n\u00e3o. Mas isso aumenta nossa responsabilidade e exige um esfor\u00e7o de lideran\u00e7a, coopera\u00e7\u00e3o e solidariedade ainda maior.\u201d<\/p>\n<p>Para ela, o grande desafio da COP30 ser\u00e1 alcan\u00e7ar um consenso entre os 198 pa\u00edses presentes. \u201cPrecisamos criar um mapa para chegar ao fim do desmatamento e do uso de combust\u00edveis f\u00f3sseis. \u00c9 dif\u00edcil? \u00c9. Tem posi\u00e7\u00f5es contr\u00e1rias? Tem. Mas se em Dubai fomos capazes de aprovar as metas, por que n\u00e3o aprovar agora um mapa do caminho?\u201d, questionou.<\/p>\n<p>A ministra encerrou a entrevista refor\u00e7ando o compromisso do Brasil com a justi\u00e7a clim\u00e1tica: \u201cQuem coloca em primeiro lugar o interesse p\u00fablico, a defesa da vida e a \u00e9tica n\u00e3o pode trabalhar na l\u00f3gica do lobby. Precisamos resolver um dos principais problemas que a humanidade j\u00e1 enfrentou: a possibilidade de destruir n\u00e3o apenas a nossa vida, mas as condi\u00e7\u00f5es em que a vida nos foi dada.\u201d<\/p>\n<\/div>\n<\/div>\n<\/article>\n<section class=\"section marginTop30 minHeight250\"><\/section>\n<\/div>\n<\/div>\n<\/div>\n<\/div>\n<\/div>\n<\/div>\n<\/div>\n<\/div>\n<\/div>\n<\/div>\n<\/article>\n<section class=\"section marginTop30 minHeight250\"><\/section>\n<\/div>\n<\/div>\n<p><\/main><\/div>\n<p><\/main><\/div>\n<p id=\"__next-route-announcer__\" role=\"alert\" aria-live=\"assertive\">\n<\/div>\n<\/div>\n<\/div>\n","protected":false},"excerpt":{"rendered":"<p>Ministra do Meio Ambiente afirma que o Brasil vive as contradi\u00e7\u00f5es da transi\u00e7\u00e3o energ\u00e9tica e diz que a Petrobras deve virar uma empresa de energia<\/p>\n","protected":false},"author":1,"featured_media":0,"comment_status":"closed","ping_status":"open","sticky":false,"template":"","format":"standard","meta":{"_exactmetrics_skip_tracking":false,"_exactmetrics_sitenote_active":false,"_exactmetrics_sitenote_note":"","_exactmetrics_sitenote_category":0,"jetpack_post_was_ever_published":false,"_jetpack_newsletter_access":"","_jetpack_dont_email_post_to_subs":false,"_jetpack_newsletter_tier_id":0,"_jetpack_memberships_contains_paywalled_content":false,"_jetpack_memberships_contains_paid_content":false,"footnotes":"","jetpack_publicize_message":"","jetpack_publicize_feature_enabled":true,"jetpack_social_post_already_shared":true,"jetpack_social_options":{"image_generator_settings":{"template":"highway","enabled":false},"version":2}},"categories":[1],"tags":[1173,1561,684,1568,1172],"class_list":["post-37870","post","type-post","status-publish","format-standard","hentry","category-notas","tag-energetica","tag-justica-climatica","tag-marina","tag-ministra","tag-transicao"],"jetpack_publicize_connections":[],"jetpack_sharing_enabled":true,"jetpack_featured_media_url":"","jetpack_shortlink":"https:\/\/wp.me\/p7wKYW-9QO","jetpack-related-posts":[],"_links":{"self":[{"href":"http:\/\/blogdalucianaoliveira.com.br\/blog\/wp-json\/wp\/v2\/posts\/37870","targetHints":{"allow":["GET"]}}],"collection":[{"href":"http:\/\/blogdalucianaoliveira.com.br\/blog\/wp-json\/wp\/v2\/posts"}],"about":[{"href":"http:\/\/blogdalucianaoliveira.com.br\/blog\/wp-json\/wp\/v2\/types\/post"}],"author":[{"embeddable":true,"href":"http:\/\/blogdalucianaoliveira.com.br\/blog\/wp-json\/wp\/v2\/users\/1"}],"replies":[{"embeddable":true,"href":"http:\/\/blogdalucianaoliveira.com.br\/blog\/wp-json\/wp\/v2\/comments?post=37870"}],"version-history":[{"count":1,"href":"http:\/\/blogdalucianaoliveira.com.br\/blog\/wp-json\/wp\/v2\/posts\/37870\/revisions"}],"predecessor-version":[{"id":37871,"href":"http:\/\/blogdalucianaoliveira.com.br\/blog\/wp-json\/wp\/v2\/posts\/37870\/revisions\/37871"}],"wp:attachment":[{"href":"http:\/\/blogdalucianaoliveira.com.br\/blog\/wp-json\/wp\/v2\/media?parent=37870"}],"wp:term":[{"taxonomy":"category","embeddable":true,"href":"http:\/\/blogdalucianaoliveira.com.br\/blog\/wp-json\/wp\/v2\/categories?post=37870"},{"taxonomy":"post_tag","embeddable":true,"href":"http:\/\/blogdalucianaoliveira.com.br\/blog\/wp-json\/wp\/v2\/tags?post=37870"}],"curies":[{"name":"wp","href":"https:\/\/api.w.org\/{rel}","templated":true}]}}