{"id":37888,"date":"2025-11-12T10:43:05","date_gmt":"2025-11-12T14:43:05","guid":{"rendered":"https:\/\/blogdalucianaoliveira.com.br\/blog\/?p=37888"},"modified":"2025-11-12T10:43:05","modified_gmt":"2025-11-12T14:43:05","slug":"mais-de-1-mil-movimentos-sociais-organizacoes-e-redes-preparam-a-cupula-dos-povos-de-12-a-16-de-novembro-como-resposta-autonoma-a-cop-30-com-foco-em-justica-climatica-e-defesa-dos-povos-tradiciona","status":"publish","type":"post","link":"http:\/\/blogdalucianaoliveira.com.br\/blog\/2025\/11\/12\/mais-de-1-mil-movimentos-sociais-organizacoes-e-redes-preparam-a-cupula-dos-povos-de-12-a-16-de-novembro-como-resposta-autonoma-a-cop-30-com-foco-em-justica-climatica-e-defesa-dos-povos-tradiciona\/","title":{"rendered":"Mais de 1 mil Movimentos Sociais, organiza\u00e7\u00f5es e redes preparam a C\u00fapula dos Povos, de 12 a 16 de novembro, como resposta aut\u00f4noma \u00e0 COP 30, com foco em justi\u00e7a clim\u00e1tica e defesa dos povos tradicionais."},"content":{"rendered":"<p><img data-recalc-dims=\"1\" loading=\"lazy\" decoding=\"async\" data-attachment-id=\"37889\" data-permalink=\"http:\/\/blogdalucianaoliveira.com.br\/blog\/2025\/11\/12\/mais-de-1-mil-movimentos-sociais-organizacoes-e-redes-preparam-a-cupula-dos-povos-de-12-a-16-de-novembro-como-resposta-autonoma-a-cop-30-com-foco-em-justica-climatica-e-defesa-dos-povos-tradiciona\/barqueatacupuladospovos-fotopriscilaramos3\/\" data-orig-file=\"https:\/\/i0.wp.com\/blogdalucianaoliveira.com.br\/blog\/wp-content\/uploads\/2025\/11\/BarqueataCupuladosPovos-FotoPriscilaRamos3.jpeg?fit=1280%2C853\" data-orig-size=\"1280,853\" data-comments-opened=\"0\" data-image-meta=\"{&quot;aperture&quot;:&quot;0&quot;,&quot;credit&quot;:&quot;&quot;,&quot;camera&quot;:&quot;&quot;,&quot;caption&quot;:&quot;&quot;,&quot;created_timestamp&quot;:&quot;0&quot;,&quot;copyright&quot;:&quot;&quot;,&quot;focal_length&quot;:&quot;0&quot;,&quot;iso&quot;:&quot;0&quot;,&quot;shutter_speed&quot;:&quot;0&quot;,&quot;title&quot;:&quot;&quot;,&quot;orientation&quot;:&quot;0&quot;}\" data-image-title=\"BarqueataC\u00fapuladosPovos-FotoPriscilaRamos3\" data-image-description=\"\" data-image-caption=\"\" data-medium-file=\"https:\/\/i0.wp.com\/blogdalucianaoliveira.com.br\/blog\/wp-content\/uploads\/2025\/11\/BarqueataCupuladosPovos-FotoPriscilaRamos3.jpeg?fit=300%2C200\" data-large-file=\"https:\/\/i0.wp.com\/blogdalucianaoliveira.com.br\/blog\/wp-content\/uploads\/2025\/11\/BarqueataCupuladosPovos-FotoPriscilaRamos3.jpeg?fit=600%2C400\" class=\"alignnone size-medium wp-image-37889\" src=\"https:\/\/i0.wp.com\/blogdalucianaoliveira.com.br\/blog\/wp-content\/uploads\/2025\/11\/BarqueataCupuladosPovos-FotoPriscilaRamos3.jpeg?resize=300%2C200\" alt=\"\" width=\"300\" height=\"200\" srcset=\"https:\/\/i0.wp.com\/blogdalucianaoliveira.com.br\/blog\/wp-content\/uploads\/2025\/11\/BarqueataCupuladosPovos-FotoPriscilaRamos3.jpeg?resize=300%2C200 300w, https:\/\/i0.wp.com\/blogdalucianaoliveira.com.br\/blog\/wp-content\/uploads\/2025\/11\/BarqueataCupuladosPovos-FotoPriscilaRamos3.jpeg?resize=1024%2C682 1024w, https:\/\/i0.wp.com\/blogdalucianaoliveira.com.br\/blog\/wp-content\/uploads\/2025\/11\/BarqueataCupuladosPovos-FotoPriscilaRamos3.jpeg?resize=768%2C512 768w, https:\/\/i0.wp.com\/blogdalucianaoliveira.com.br\/blog\/wp-content\/uploads\/2025\/11\/BarqueataCupuladosPovos-FotoPriscilaRamos3.jpeg?resize=450%2C300 450w, https:\/\/i0.wp.com\/blogdalucianaoliveira.com.br\/blog\/wp-content\/uploads\/2025\/11\/BarqueataCupuladosPovos-FotoPriscilaRamos3.jpeg?w=1280 1280w, https:\/\/i0.wp.com\/blogdalucianaoliveira.com.br\/blog\/wp-content\/uploads\/2025\/11\/BarqueataCupuladosPovos-FotoPriscilaRamos3.jpeg?w=1200 1200w\" sizes=\"auto, (max-width: 300px) 100vw, 300px\" \/><\/p>\n<p>Na abertura do evento, 1300 Sem Terra marcharam rumo \u00e0 barqueata com 200 embarca\u00e7\u00f5es percorrendo as \u00e1guas da Ba\u00eda do Guajar\u00e1<!--more--><\/p>\n<p>Da Assessoria &#8211; Com in\u00edcio na manh\u00e3 desta quarta-feira (12), a C\u00fapula dos Povos, evento paralelo \u00e0 30\u00aa Confer\u00eancia das Na\u00e7\u00f5es Unidas sobre Mudan\u00e7a do Clima (COP30), abre sua programa\u00e7\u00e3o\u00a0 reunindo mais de 200 embarca\u00e7\u00f5es, que transportam cerca de 5 mil pessoas de movimentos populares em ato simb\u00f3lico de abertura. O evento acontece at\u00e9 o dia 16 de novembro, das 8h \u00e0s 22h, na Universidade Federal do Par\u00e1 (UFPA), campus Guam\u00e1, em Bel\u00e9m.<\/p>\n<p>Uma delega\u00e7\u00e3o de 1300 Sem Terra marcharam pela capital paraense para compor a barqueata vindos da regi\u00e3o amaz\u00f4nica e de todo canto do pa\u00eds para iniciar a nossa barqueata, para dar abertura \u00e0 C\u00fapula dos Povos.<\/p>\n<p>\u201cVamos navegar pelos rios da Amaz\u00f4nia para colocar as nossas bandeiras e sobretudo a nossa bandeira da reforma agr\u00e1ria popular para dizer que n\u00e3o tem justi\u00e7a clim\u00e1tica sem reforma agr\u00e1ria popular.\u201d\u00a0 &#8211; afirmou B\u00e1rbara Loureiro, da coordena\u00e7\u00e3o do Plano Nacional Plantar \u00c1rvores, Produzir Alimentos Saud\u00e1veis do MST.<\/p>\n<p>A C\u00fapula dos Povos \u00e9 constru\u00edda pelos esfor\u00e7os de mais de 1.100 organiza\u00e7\u00f5es da sociedade civil e, ao longo dos cinco dias, vai proporcionar di\u00e1logos abertos ao p\u00fablico, a partir de plen\u00e1rias, atividades de enlaces dos eixos de converg\u00eancia. O evento tamb\u00e9m conta com espa\u00e7o dedicado \u00e0 inf\u00e2ncia e adolesc\u00eancia, feira popular, cozinha solid\u00e1ria e atividades culturais.<\/p>\n<p>A programa\u00e7\u00e3o de discuss\u00f5es da C\u00fapula dos Povos \u00e9 baseada em seis eixos: territ\u00f3rios e soberania alimentar, repara\u00e7\u00e3o hist\u00f3rica e racismo ambiental, transi\u00e7\u00e3o justa, democracia e internacionalismo dos povos, cidades justas e periferias vivas, al\u00e9m do eixo feminismo popular e resist\u00eancias das mulheres.<\/p>\n<p>&#8220;Estamos aqui para denunciar as falsas solu\u00e7\u00f5es que est\u00e3o sendo na COP30, nos espa\u00e7os oficiais, solu\u00e7\u00f5es das grandes corpora\u00e7\u00f5es dos pa\u00edses que n\u00e3o pensam as verdadeiras demandas dos povos que est\u00e3o sendo afetados pelas mudan\u00e7as clim\u00e1ticas. Ent\u00e3o a nossa barqueata \u00e9 um grito pelas \u00e1guas da Amaz\u00f4nia &#8220;. &#8211; destacou B\u00e1rbara.<\/p>\n<p>Com expectativa de reunir mais de 30 mil pessoas, o encontro \u00e9 ainda uma resposta concreta dos povos ao que chamam de in\u00e9rcia e falta de compromisso da Confer\u00eancia das Partes (COP), que, segundo as lideran\u00e7as da c\u00fapula, apesar de alcan\u00e7ar sua trig\u00e9sima edi\u00e7\u00e3o, com altos investimentos de realiza\u00e7\u00e3o e doa\u00e7\u00f5es bilion\u00e1rias a fundos de mitiga\u00e7\u00e3o, pouco ou nada t\u00eam apresentado de resultados.<\/p>\n<p>Programa\u00e7\u00e3o<\/p>\n<p>Ap\u00f3s a abertura simb\u00f3lica da barqueata, e chegada das delega\u00e7\u00f5es das organiza\u00e7\u00f5es e movimentos ao longo do dia, haver\u00e1 a abertura oficial do cerimonial da C\u00fapula dos Povos nesta quarta-feira das 17h \u00e0s 19h, no palco principal. A Feira Popular tamb\u00e9m inicia suas atividades junto \u00e0 abertura do evento e vai at\u00e9 o domingo.<\/p>\n<p>Nesta quinta (12) e sexta-feira (13) das 8h30 \u00e0s 12h, acontecem as plen\u00e1rias de Eixos Tem\u00e1ticos, e durante o per\u00edodo da tarde acontecem os debates de Enlaces de Converg\u00eancia. Nessas datas tamb\u00e9m haver\u00e1 uma programa\u00e7\u00e3o para crian\u00e7as e adolescentes na C\u00fapula das Inf\u00e2ncias, com atividades das 8h \u00e0s 17h.<\/p>\n<p>Ainda na tarde da sexta-feira (13), das 14h30 \u00e0s 16h, ocorrer\u00e1 a Assembleia dos Movimentos Populares, e na sequ\u00eancia, das 16h \u00e0s 18h, acontece a plen\u00e1ria<\/p>\n<p>final com a apresenta\u00e7\u00e3o das s\u00ednteses dos eixos e consolida\u00e7\u00e3o da declara\u00e7\u00e3o dos Povos.<\/p>\n<p>No s\u00e1bado (15) pela manh\u00e3, a partir das 8h30, acontece a Marcha Unificada da C\u00fapula dos Povos, com sa\u00edda da UFPA at\u00e9 a comunidade da Vila da Barca. Na parte da tarde, a partir das 13h haver\u00e1 uma coletiva de imprensa, e das 14h30 \u00e0s 16h, ocorrer\u00e1 o \u00faltimo dia dos debates de Enlaces de Converg\u00eancia.<\/p>\n<p>Para o \u00faltimo dia do evento, no domingo (16), a partir das 9h, o presidente Lula \u00e9 esperado para a audi\u00eancia Audi\u00eancia p\u00fablica da C\u00fapula dos Povos com a presid\u00eancia da COP30 para apresenta\u00e7\u00e3o da nossa agenda pol\u00edtica. Ap\u00f3s a audi\u00eancia o evento ter\u00e1 seu encerramento oficial do campus universit\u00e1rio e integrantes partem para a Pra\u00e7a da Rep\u00fablica, \u00e0s 14h, onde haver\u00e1 um banqueta\u00e7o realizado pelas organiza\u00e7\u00f5es populares aberto ao p\u00fablico, com o compartilhamento dos alimentos da agricultura familiar.<\/p>\n<p>Contatos da assessoria:<\/p>\n<p>Tel: +55 (11) 9 9708-5514 \/ (81) 9 9782-4997 &#8211; Lays Furtado<\/p>\n<p>Email: <a href=\"mailto:imprensa@mst.org.br\">imprensa@mst.org.br<\/a><\/p>\n","protected":false},"excerpt":{"rendered":"<p>Na abertura do evento, 1300 Sem Terra marcharam rumo \u00e0 barqueata com 200 embarca\u00e7\u00f5es percorrendo as \u00e1guas da Ba\u00eda do Guajar\u00e1<\/p>\n","protected":false},"author":1,"featured_media":0,"comment_status":"closed","ping_status":"open","sticky":false,"template":"","format":"standard","meta":{"_exactmetrics_skip_tracking":false,"_exactmetrics_sitenote_active":false,"_exactmetrics_sitenote_note":"","_exactmetrics_sitenote_category":0,"jetpack_post_was_ever_published":false,"_jetpack_newsletter_access":"","_jetpack_dont_email_post_to_subs":false,"_jetpack_newsletter_tier_id":0,"_jetpack_memberships_contains_paywalled_content":false,"_jetpack_memberships_contains_paid_content":false,"footnotes":"","jetpack_publicize_message":"","jetpack_publicize_feature_enabled":true,"jetpack_social_post_already_shared":true,"jetpack_social_options":{"image_generator_settings":{"template":"highway","enabled":false},"version":2}},"categories":[1],"tags":[1274,1572],"class_list":["post-37888","post","type-post","status-publish","format-standard","hentry","category-notas","tag-cop30","tag-cupula-dos-povos"],"jetpack_publicize_connections":[],"jetpack_sharing_enabled":true,"jetpack_featured_media_url":"","jetpack_shortlink":"https:\/\/wp.me\/p7wKYW-9R6","jetpack-related-posts":[],"_links":{"self":[{"href":"http:\/\/blogdalucianaoliveira.com.br\/blog\/wp-json\/wp\/v2\/posts\/37888","targetHints":{"allow":["GET"]}}],"collection":[{"href":"http:\/\/blogdalucianaoliveira.com.br\/blog\/wp-json\/wp\/v2\/posts"}],"about":[{"href":"http:\/\/blogdalucianaoliveira.com.br\/blog\/wp-json\/wp\/v2\/types\/post"}],"author":[{"embeddable":true,"href":"http:\/\/blogdalucianaoliveira.com.br\/blog\/wp-json\/wp\/v2\/users\/1"}],"replies":[{"embeddable":true,"href":"http:\/\/blogdalucianaoliveira.com.br\/blog\/wp-json\/wp\/v2\/comments?post=37888"}],"version-history":[{"count":1,"href":"http:\/\/blogdalucianaoliveira.com.br\/blog\/wp-json\/wp\/v2\/posts\/37888\/revisions"}],"predecessor-version":[{"id":37890,"href":"http:\/\/blogdalucianaoliveira.com.br\/blog\/wp-json\/wp\/v2\/posts\/37888\/revisions\/37890"}],"wp:attachment":[{"href":"http:\/\/blogdalucianaoliveira.com.br\/blog\/wp-json\/wp\/v2\/media?parent=37888"}],"wp:term":[{"taxonomy":"category","embeddable":true,"href":"http:\/\/blogdalucianaoliveira.com.br\/blog\/wp-json\/wp\/v2\/categories?post=37888"},{"taxonomy":"post_tag","embeddable":true,"href":"http:\/\/blogdalucianaoliveira.com.br\/blog\/wp-json\/wp\/v2\/tags?post=37888"}],"curies":[{"name":"wp","href":"https:\/\/api.w.org\/{rel}","templated":true}]}}