{"id":37892,"date":"2025-11-12T23:48:56","date_gmt":"2025-11-13T03:48:56","guid":{"rendered":"https:\/\/blogdalucianaoliveira.com.br\/blog\/?p=37892"},"modified":"2025-11-12T23:48:56","modified_gmt":"2025-11-13T03:48:56","slug":"claudia-de-jesus-propoe-pl-com-acoes-integradas-para-combater-a-obesidade-em-rondonia","status":"publish","type":"post","link":"http:\/\/blogdalucianaoliveira.com.br\/blog\/2025\/11\/12\/claudia-de-jesus-propoe-pl-com-acoes-integradas-para-combater-a-obesidade-em-rondonia\/","title":{"rendered":"Cl\u00e1udia de Jesus prop\u00f5e PL com a\u00e7\u00f5es integradas para combater a obesidade em Rond\u00f4nia"},"content":{"rendered":"<p><img data-recalc-dims=\"1\" loading=\"lazy\" decoding=\"async\" data-attachment-id=\"37893\" data-permalink=\"http:\/\/blogdalucianaoliveira.com.br\/blog\/2025\/11\/12\/claudia-de-jesus-propoe-pl-com-acoes-integradas-para-combater-a-obesidade-em-rondonia\/img_0356\/\" data-orig-file=\"https:\/\/i0.wp.com\/blogdalucianaoliveira.com.br\/blog\/wp-content\/uploads\/2025\/11\/IMG_0356-scaled.jpeg?fit=2560%2C1707\" data-orig-size=\"2560,1707\" data-comments-opened=\"0\" data-image-meta=\"{&quot;aperture&quot;:&quot;5.6&quot;,&quot;credit&quot;:&quot;&quot;,&quot;camera&quot;:&quot;Canon EOS Rebel SL3&quot;,&quot;caption&quot;:&quot;&quot;,&quot;created_timestamp&quot;:&quot;1739958004&quot;,&quot;copyright&quot;:&quot;&quot;,&quot;focal_length&quot;:&quot;55&quot;,&quot;iso&quot;:&quot;6400&quot;,&quot;shutter_speed&quot;:&quot;0.0125&quot;,&quot;title&quot;:&quot;&quot;,&quot;orientation&quot;:&quot;1&quot;}\" data-image-title=\"IMG_0356\" data-image-description=\"\" data-image-caption=\"\" data-medium-file=\"https:\/\/i0.wp.com\/blogdalucianaoliveira.com.br\/blog\/wp-content\/uploads\/2025\/11\/IMG_0356-scaled.jpeg?fit=300%2C200\" data-large-file=\"https:\/\/i0.wp.com\/blogdalucianaoliveira.com.br\/blog\/wp-content\/uploads\/2025\/11\/IMG_0356-scaled.jpeg?fit=600%2C400\" class=\"alignnone size-medium wp-image-37893\" src=\"https:\/\/i0.wp.com\/blogdalucianaoliveira.com.br\/blog\/wp-content\/uploads\/2025\/11\/IMG_0356.jpeg?resize=300%2C200\" alt=\"\" width=\"300\" height=\"200\" srcset=\"https:\/\/i0.wp.com\/blogdalucianaoliveira.com.br\/blog\/wp-content\/uploads\/2025\/11\/IMG_0356-scaled.jpeg?resize=300%2C200 300w, https:\/\/i0.wp.com\/blogdalucianaoliveira.com.br\/blog\/wp-content\/uploads\/2025\/11\/IMG_0356-scaled.jpeg?resize=1024%2C683 1024w, https:\/\/i0.wp.com\/blogdalucianaoliveira.com.br\/blog\/wp-content\/uploads\/2025\/11\/IMG_0356-scaled.jpeg?resize=768%2C512 768w, https:\/\/i0.wp.com\/blogdalucianaoliveira.com.br\/blog\/wp-content\/uploads\/2025\/11\/IMG_0356-scaled.jpeg?resize=1536%2C1024 1536w, https:\/\/i0.wp.com\/blogdalucianaoliveira.com.br\/blog\/wp-content\/uploads\/2025\/11\/IMG_0356-scaled.jpeg?resize=2048%2C1365 2048w, https:\/\/i0.wp.com\/blogdalucianaoliveira.com.br\/blog\/wp-content\/uploads\/2025\/11\/IMG_0356-scaled.jpeg?resize=450%2C300 450w, https:\/\/i0.wp.com\/blogdalucianaoliveira.com.br\/blog\/wp-content\/uploads\/2025\/11\/IMG_0356-scaled.jpeg?w=1200 1200w, https:\/\/i0.wp.com\/blogdalucianaoliveira.com.br\/blog\/wp-content\/uploads\/2025\/11\/IMG_0356-scaled.jpeg?w=1800 1800w\" sizes=\"auto, (max-width: 300px) 100vw, 300px\" \/><\/p>\n<p>Proposta cria a Pol\u00edtica \u201cVida Saud\u00e1vel Rond\u00f4nia\u201d e estabelece diretrizes de preven\u00e7\u00e3o em todas as faixas et\u00e1rias.<!--more-->A Assembleia Legislativa de Rond\u00f4nia analisa o Projeto de Lei Ordin\u00e1ria 1179\/2025, apresentado pela deputada estadual Cl\u00e1udia de Jesus (PT), que institui a Pol\u00edtica Estadual de Combate \u00e0 Obesidade e ao Sobrepeso, denominada \u201cVida Saud\u00e1vel Rond\u00f4nia\u201d. A proposta re\u00fane diretrizes intersetoriais para preven\u00e7\u00e3o, controle e redu\u00e7\u00e3o dos \u00edndices de obesidade no estado.<\/p>\n<p>Segundo a deputada, a iniciativa dialoga com um dos maiores desafios de sa\u00fade p\u00fablica da atualidade. \u201cA obesidade n\u00e3o \u00e9 apenas uma quest\u00e3o est\u00e9tica; \u00e9 uma condi\u00e7\u00e3o cr\u00f4nica que afeta a vida, a autoestima e a sa\u00fade de milhares de pessoas. O Estado precisa agir de forma integrada, com pol\u00edticas cont\u00ednuas e humanizadas\u201d, afirmou.<\/p>\n<p>O projeto prev\u00ea a\u00e7\u00f5es educativas sobre alimenta\u00e7\u00e3o equilibrada, incentivo \u00e0 atividade f\u00edsica, fortalecimento da aten\u00e7\u00e3o b\u00e1sica e prioridade ao combate \u00e0 obesidade infantil. Espa\u00e7os p\u00fablicos como escolas, unidades de sa\u00fade, pra\u00e7as e parques poder\u00e3o ser utilizados para campanhas e programas permanentes de orienta\u00e7\u00e3o e acompanhamento.<\/p>\n<p>A proposta tamb\u00e9m estimula a cria\u00e7\u00e3o de centros de refer\u00eancia para diagn\u00f3stico e tratamento, a\u00e7\u00f5es de apoio ao aleitamento materno e medidas que desestimulem a publicidade de alimentos ultraprocessados voltada ao p\u00fablico infantil. A deputada destaca que o olhar social \u00e9 essencial. \u201cPrecisamos garantir informa\u00e7\u00e3o, acesso e cuidado, especialmente \u00e0s comunidades mais vulner\u00e1veis. A preven\u00e7\u00e3o come\u00e7a na inf\u00e2ncia, mas deve alcan\u00e7ar toda a popula\u00e7\u00e3o\u201d, refor\u00e7ou.<\/p>\n<p>O projeto segue agora para tramita\u00e7\u00e3o interna, com an\u00e1lise pelas comiss\u00f5es da Casa de Leis antes de ser apreciado em plen\u00e1rio.<\/p>\n<p><b><a href=\"https:\/\/sapl.al.ro.leg.br\/media\/sapl\/public\/materialegislativa\/2025\/51488\/pl_1179-25.pdf\" target=\"_blank\" rel=\"nofollow noopener noreferrer\">LEIA O TEXTO DO PROJETO DE LEI<\/a><\/b><\/p>\n","protected":false},"excerpt":{"rendered":"<p>Proposta cria a Pol\u00edtica \u201cVida Saud\u00e1vel Rond\u00f4nia\u201d e estabelece diretrizes de preven\u00e7\u00e3o em todas as faixas et\u00e1rias.<\/p>\n","protected":false},"author":1,"featured_media":0,"comment_status":"closed","ping_status":"open","sticky":false,"template":"","format":"standard","meta":{"_exactmetrics_skip_tracking":false,"_exactmetrics_sitenote_active":false,"_exactmetrics_sitenote_note":"","_exactmetrics_sitenote_category":0,"jetpack_post_was_ever_published":false,"_jetpack_newsletter_access":"","_jetpack_dont_email_post_to_subs":false,"_jetpack_newsletter_tier_id":0,"_jetpack_memberships_contains_paywalled_content":false,"_jetpack_memberships_contains_paid_content":false,"footnotes":"","jetpack_publicize_message":"","jetpack_publicize_feature_enabled":true,"jetpack_social_post_already_shared":true,"jetpack_social_options":{"image_generator_settings":{"template":"highway","enabled":false},"version":2}},"categories":[1],"tags":[],"class_list":["post-37892","post","type-post","status-publish","format-standard","hentry","category-notas"],"jetpack_publicize_connections":[],"jetpack_sharing_enabled":true,"jetpack_featured_media_url":"","jetpack_shortlink":"https:\/\/wp.me\/p7wKYW-9Ra","jetpack-related-posts":[],"_links":{"self":[{"href":"http:\/\/blogdalucianaoliveira.com.br\/blog\/wp-json\/wp\/v2\/posts\/37892","targetHints":{"allow":["GET"]}}],"collection":[{"href":"http:\/\/blogdalucianaoliveira.com.br\/blog\/wp-json\/wp\/v2\/posts"}],"about":[{"href":"http:\/\/blogdalucianaoliveira.com.br\/blog\/wp-json\/wp\/v2\/types\/post"}],"author":[{"embeddable":true,"href":"http:\/\/blogdalucianaoliveira.com.br\/blog\/wp-json\/wp\/v2\/users\/1"}],"replies":[{"embeddable":true,"href":"http:\/\/blogdalucianaoliveira.com.br\/blog\/wp-json\/wp\/v2\/comments?post=37892"}],"version-history":[{"count":1,"href":"http:\/\/blogdalucianaoliveira.com.br\/blog\/wp-json\/wp\/v2\/posts\/37892\/revisions"}],"predecessor-version":[{"id":37894,"href":"http:\/\/blogdalucianaoliveira.com.br\/blog\/wp-json\/wp\/v2\/posts\/37892\/revisions\/37894"}],"wp:attachment":[{"href":"http:\/\/blogdalucianaoliveira.com.br\/blog\/wp-json\/wp\/v2\/media?parent=37892"}],"wp:term":[{"taxonomy":"category","embeddable":true,"href":"http:\/\/blogdalucianaoliveira.com.br\/blog\/wp-json\/wp\/v2\/categories?post=37892"},{"taxonomy":"post_tag","embeddable":true,"href":"http:\/\/blogdalucianaoliveira.com.br\/blog\/wp-json\/wp\/v2\/tags?post=37892"}],"curies":[{"name":"wp","href":"https:\/\/api.w.org\/{rel}","templated":true}]}}