{"id":37895,"date":"2025-11-13T19:03:31","date_gmt":"2025-11-13T23:03:31","guid":{"rendered":"https:\/\/blogdalucianaoliveira.com.br\/blog\/?p=37895"},"modified":"2025-11-13T19:03:31","modified_gmt":"2025-11-13T23:03:31","slug":"na-cop30-cultura-integra-a-agenda-de-acao-climatica-pela-primeira-vez","status":"publish","type":"post","link":"http:\/\/blogdalucianaoliveira.com.br\/blog\/2025\/11\/13\/na-cop30-cultura-integra-a-agenda-de-acao-climatica-pela-primeira-vez\/","title":{"rendered":"Na COP30, cultura integra a Agenda de A\u00e7\u00e3o clim\u00e1tica pela primeira vez"},"content":{"rendered":"<p><img data-recalc-dims=\"1\" loading=\"lazy\" decoding=\"async\" data-attachment-id=\"37896\" data-permalink=\"http:\/\/blogdalucianaoliveira.com.br\/blog\/2025\/11\/13\/na-cop30-cultura-integra-a-agenda-de-acao-climatica-pela-primeira-vez\/img_0418\/\" data-orig-file=\"https:\/\/i0.wp.com\/blogdalucianaoliveira.com.br\/blog\/wp-content\/uploads\/2025\/11\/IMG_0418.jpeg?fit=1200%2C814\" data-orig-size=\"1200,814\" data-comments-opened=\"0\" data-image-meta=\"{&quot;aperture&quot;:&quot;0&quot;,&quot;credit&quot;:&quot;&quot;,&quot;camera&quot;:&quot;&quot;,&quot;caption&quot;:&quot;&quot;,&quot;created_timestamp&quot;:&quot;0&quot;,&quot;copyright&quot;:&quot;&quot;,&quot;focal_length&quot;:&quot;0&quot;,&quot;iso&quot;:&quot;0&quot;,&quot;shutter_speed&quot;:&quot;0&quot;,&quot;title&quot;:&quot;&quot;,&quot;orientation&quot;:&quot;0&quot;}\" data-image-title=\"IMG_0418\" data-image-description=\"\" data-image-caption=\"\" data-medium-file=\"https:\/\/i0.wp.com\/blogdalucianaoliveira.com.br\/blog\/wp-content\/uploads\/2025\/11\/IMG_0418.jpeg?fit=300%2C204\" data-large-file=\"https:\/\/i0.wp.com\/blogdalucianaoliveira.com.br\/blog\/wp-content\/uploads\/2025\/11\/IMG_0418.jpeg?fit=600%2C407\" class=\"alignnone size-medium wp-image-37896\" src=\"https:\/\/i0.wp.com\/blogdalucianaoliveira.com.br\/blog\/wp-content\/uploads\/2025\/11\/IMG_0418.jpeg?resize=300%2C204\" alt=\"\" width=\"300\" height=\"204\" srcset=\"https:\/\/i0.wp.com\/blogdalucianaoliveira.com.br\/blog\/wp-content\/uploads\/2025\/11\/IMG_0418.jpeg?resize=300%2C204 300w, https:\/\/i0.wp.com\/blogdalucianaoliveira.com.br\/blog\/wp-content\/uploads\/2025\/11\/IMG_0418.jpeg?resize=1024%2C695 1024w, https:\/\/i0.wp.com\/blogdalucianaoliveira.com.br\/blog\/wp-content\/uploads\/2025\/11\/IMG_0418.jpeg?resize=768%2C521 768w, https:\/\/i0.wp.com\/blogdalucianaoliveira.com.br\/blog\/wp-content\/uploads\/2025\/11\/IMG_0418.jpeg?resize=442%2C300 442w, https:\/\/i0.wp.com\/blogdalucianaoliveira.com.br\/blog\/wp-content\/uploads\/2025\/11\/IMG_0418.jpeg?w=1200 1200w\" sizes=\"auto, (max-width: 300px) 100vw, 300px\" \/><\/p>\n<p><em>Por <a class=\"\" href=\"mailto:mayara.souto@presidencia.gov.br\" rel=\"noopener noreferrer\">Mayara Souto<\/a>\/COP30 &#8211; <\/em>Em uma sess\u00e3o com artistas e ativistas clim\u00e1ticos, a cultura foi destaque no debate liderado pela ministra da Cultura do Brasil, Margareth Menezes, nesta quarta-feira, 12\/11. O evento chamou aten\u00e7\u00e3o para a capacidade de mobiliza\u00e7\u00e3o social que a cultura possui em torno da mudan\u00e7a do clima. \u201cEssa \u00e9 a primeira vez que a cultura integra as narrativas da Agenda de A\u00e7\u00e3o como uma iniciativa importante para expandir e mobilizar. Isso \u00e9 importante, pois a cultura possui poder de mobiliza\u00e7\u00e3o. Sabemos que ele \u00e9 imenso\u201d, afirmou. <!--more--><\/p>\n<p>A Agenda de A\u00e7\u00e3o est\u00e1 inclu\u00edda na estrutura de negocia\u00e7\u00e3o clim\u00e1tica da COP e mobiliza a\u00e7\u00f5es volunt\u00e1rias da sociedade civil, empresas, investidores, cidades, estados e pa\u00edses para intensificar a redu\u00e7\u00e3o das emiss\u00f5es, a adapta\u00e7\u00e3o \u00e0s mudan\u00e7as do clima e a transi\u00e7\u00e3o para economias sustent\u00e1veis, conforme previsto no Acordo de Paris.<\/p>\n<p>A cultura como ator pol\u00edtico e clim\u00e1tico tamb\u00e9m foi refor\u00e7ada pela deputada e ex-ministra da Cultura da Alemanha, Claudia Roth. \u201cA cultura n\u00e3o \u00e9 algo de que precisamos apenas em bons momentos. Precisamos de cultura e arte porque s\u00e3o a voz da nossa democracia. E, diante da crise clim\u00e1tica, a cultura deve ser um ator forte. A arte e a cultura t\u00eam o poder de mobilizar, de emocionar, de criticar\u201d, disse<\/p>\n<h3 id=\"atuacao-politica\" tabindex=\"0\">Atua\u00e7\u00e3o pol\u00edtica<\/h3>\n<p>Como um apelo para que os governos parem de usar combust\u00edveis f\u00f3sseis \u2014\u00a0 respons\u00e1veis pelo aquecimento global\u00a0 \u2014, o ativista clim\u00e1tico sul-africano, Kumi Naidoo, apresentou uma performance e se ajoelhou no local.\u00a0 \u201cN\u00e3o podemos fingir que estamos vencendo, quando estamos perdendo. Quero me ajoelhar e apelar aos l\u00edderes dessas negocia\u00e7\u00f5es: ou\u00e7am os jovens, os povos ind\u00edgenas, as mulheres, as pessoas que v\u00eam dizendo \u2018parem de destruir o futuro dos nossos filhos\u2019\u201d, clamou.<\/p>\n<p>Naidoo tamb\u00e9m lamentou que 86% da causa das mudan\u00e7as do clima estejam relacionadas \u00e0 depend\u00eancia dos pa\u00edses de combust\u00edveis f\u00f3sseis. \u201cO mundo e os nossos l\u00edderes precisam se unir e negociar um tratado vinculativo, um tratado sobre combust\u00edveis f\u00f3sseis n\u00e3o poluentes que impe\u00e7a a expans\u00e3o desses combust\u00edveis\u201d, disse. Ele acrescentou que o presidente brasileiro Luiz In\u00e1cio Lula da Silva tem defendido o avan\u00e7o na transi\u00e7\u00e3o energ\u00e9tica.<\/p>\n<p>A primeira-dama do Brasil, Janja Lula da Silva, comentou a relev\u00e2ncia cultural da confer\u00eancia estar ocorrendo na Amaz\u00f4nia, regi\u00e3o marcada pela diversidade. \u201cFalar de cultura e a\u00e7\u00e3o clim\u00e1tica \u00e9 falar sobre vida, identidade, resist\u00eancia e resili\u00eancia das pessoas e das comunidades. O presidente Lula decidiu trazer a COP30 para a Amaz\u00f4nia para tamb\u00e9m trazer a realidade deste ch\u00e3o. Nesta confer\u00eancia, podemos mostrar ao mundo a realidade dos povos da floresta, dos campos e a diversidade. E, com esta fortaleza cultural, podemos encontrar solu\u00e7\u00f5es para os dilemas globais\u201d, relembrou a tamb\u00e9m enviada especial da COP30 para Mulheres.<\/p>\n<h3 id=\"representatividade\" tabindex=\"0\">Representatividade<\/h3>\n<p>Para o ind\u00edgena yanomami e ativista clim\u00e1tico, Davi Kopenawa, a liga\u00e7\u00e3o entre a terra e a natureza \u00e9 essencial na cultura ind\u00edgena. \u201cN\u00f3s somos filhos da Terra, nosso pai nos criou com a terra, a floresta, a lua, as estrelas, o sol. Todos n\u00f3s temos culturas diferentes, mas precisamos defender a terra, a sa\u00fade, a l\u00edngua, a cultura e proteger tudo o que nos mant\u00e9m vivos\u201d, destacou.<\/p>\n<p>Como coautor do livro \u201cA Queda do C\u00e9u\u201d\u00a0 \u2014 um manifesto sobre a destrui\u00e7\u00e3o da floresta amaz\u00f4nica \u2014, Davi relembrou o trabalho do grande fot\u00f3grafo brasileiro, Sebasti\u00e3o Salgado, que \u00e9 reconhecido internacionalmente. Sua exposi\u00e7\u00e3o \u201cAmaz\u00f4nia\u201d retrata o cotidiano da regi\u00e3o. Ela foi resultado de sete anos de expedi\u00e7\u00f5es do fot\u00f3grafo para diversos lugares, entre eles, as terras Yanomami, onde vive Kopenawa.<\/p>\n<p>O cineasta brasileiro Juliano Salgado participou do debate para falar sobre o trabalho do pai, Sebasti\u00e3o Salgado. \u201cSuas fotos mostram como a \u00e1gua \u00e9 coletada do mar at\u00e9 a Amaz\u00f4nia, essa formid\u00e1vel biodiversidade, com 32 trilh\u00f5es de \u00e1rvores que produzem a \u00e1gua que permitir\u00e1 a exist\u00eancia de vida no Brasil. Essa floresta n\u00e3o \u00e9 o pulm\u00e3o do pa\u00eds, \u00e9 o cora\u00e7\u00e3o. E, quando olhamos as fotografias, percebemos que elas conectam a terra ao c\u00e9u, que carrega as chuvas e a umidade. \u00c9 isso que possibilita a vida\u201d, refletiu.<\/p>\n<p>A mostra de Sebasti\u00e3o Salgado, que faleceu aos 81 anos em maio deste ano, foi a \u00faltima produzida por ele. Ela pode ser visitada no <a class=\"external\" href=\"https:\/\/www.sympla.com.br\/produtor\/museudasamazonias\" rel=\"noopener noreferrer\"><strong>Museu das Amaz\u00f4nias<\/strong><\/a>, em Bel\u00e9m. O local teve investimento de R$20 milh\u00f5es do governo federal para a constru\u00e7\u00e3o e ficar\u00e1 como um importante espa\u00e7o de cultura e ci\u00eancia para os belenenses.<\/p>\n","protected":false},"excerpt":{"rendered":"<p>Por Mayara Souto\/COP30 &#8211; Em uma sess\u00e3o com artistas e ativistas clim\u00e1ticos, a cultura foi destaque no debate liderado pela ministra da Cultura do Brasil, Margareth Menezes, nesta quarta-feira, 12\/11. O evento chamou aten\u00e7\u00e3o para a capacidade de mobiliza\u00e7\u00e3o social que a cultura possui em torno da mudan\u00e7a do clima. \u201cEssa \u00e9 a primeira vez&#8230;<a class=\"more-link\" href=\"http:\/\/blogdalucianaoliveira.com.br\/blog\/2025\/11\/13\/na-cop30-cultura-integra-a-agenda-de-acao-climatica-pela-primeira-vez\/\">Continue a leitura <span class=\"meta-nav\">&raquo;<\/span><\/a><\/p>\n","protected":false},"author":1,"featured_media":0,"comment_status":"closed","ping_status":"open","sticky":false,"template":"","format":"standard","meta":{"_exactmetrics_skip_tracking":false,"_exactmetrics_sitenote_active":false,"_exactmetrics_sitenote_note":"","_exactmetrics_sitenote_category":0,"jetpack_post_was_ever_published":false,"_jetpack_newsletter_access":"","_jetpack_dont_email_post_to_subs":false,"_jetpack_newsletter_tier_id":0,"_jetpack_memberships_contains_paywalled_content":false,"_jetpack_memberships_contains_paid_content":false,"footnotes":"","jetpack_publicize_message":"","jetpack_publicize_feature_enabled":true,"jetpack_social_post_already_shared":true,"jetpack_social_options":{"image_generator_settings":{"template":"highway","enabled":false},"version":2}},"categories":[1],"tags":[1274,77],"class_list":["post-37895","post","type-post","status-publish","format-standard","hentry","category-notas","tag-cop30","tag-cultura"],"jetpack_publicize_connections":[],"jetpack_sharing_enabled":true,"jetpack_featured_media_url":"","jetpack_shortlink":"https:\/\/wp.me\/p7wKYW-9Rd","jetpack-related-posts":[],"_links":{"self":[{"href":"http:\/\/blogdalucianaoliveira.com.br\/blog\/wp-json\/wp\/v2\/posts\/37895","targetHints":{"allow":["GET"]}}],"collection":[{"href":"http:\/\/blogdalucianaoliveira.com.br\/blog\/wp-json\/wp\/v2\/posts"}],"about":[{"href":"http:\/\/blogdalucianaoliveira.com.br\/blog\/wp-json\/wp\/v2\/types\/post"}],"author":[{"embeddable":true,"href":"http:\/\/blogdalucianaoliveira.com.br\/blog\/wp-json\/wp\/v2\/users\/1"}],"replies":[{"embeddable":true,"href":"http:\/\/blogdalucianaoliveira.com.br\/blog\/wp-json\/wp\/v2\/comments?post=37895"}],"version-history":[{"count":1,"href":"http:\/\/blogdalucianaoliveira.com.br\/blog\/wp-json\/wp\/v2\/posts\/37895\/revisions"}],"predecessor-version":[{"id":37897,"href":"http:\/\/blogdalucianaoliveira.com.br\/blog\/wp-json\/wp\/v2\/posts\/37895\/revisions\/37897"}],"wp:attachment":[{"href":"http:\/\/blogdalucianaoliveira.com.br\/blog\/wp-json\/wp\/v2\/media?parent=37895"}],"wp:term":[{"taxonomy":"category","embeddable":true,"href":"http:\/\/blogdalucianaoliveira.com.br\/blog\/wp-json\/wp\/v2\/categories?post=37895"},{"taxonomy":"post_tag","embeddable":true,"href":"http:\/\/blogdalucianaoliveira.com.br\/blog\/wp-json\/wp\/v2\/tags?post=37895"}],"curies":[{"name":"wp","href":"https:\/\/api.w.org\/{rel}","templated":true}]}}