{"id":37898,"date":"2025-11-13T19:06:01","date_gmt":"2025-11-13T23:06:01","guid":{"rendered":"https:\/\/blogdalucianaoliveira.com.br\/blog\/?p=37898"},"modified":"2025-11-13T19:06:01","modified_gmt":"2025-11-13T23:06:01","slug":"cop30-paises-amazonicos-anunciam-monitoramento-conjunto-da-floresta","status":"publish","type":"post","link":"http:\/\/blogdalucianaoliveira.com.br\/blog\/2025\/11\/13\/cop30-paises-amazonicos-anunciam-monitoramento-conjunto-da-floresta\/","title":{"rendered":"COP30: pa\u00edses amaz\u00f4nicos anunciam monitoramento conjunto da floresta"},"content":{"rendered":"<p><img data-recalc-dims=\"1\" loading=\"lazy\" decoding=\"async\" data-attachment-id=\"37899\" data-permalink=\"http:\/\/blogdalucianaoliveira.com.br\/blog\/2025\/11\/13\/cop30-paises-amazonicos-anunciam-monitoramento-conjunto-da-floresta\/img_0419\/\" data-orig-file=\"https:\/\/i0.wp.com\/blogdalucianaoliveira.com.br\/blog\/wp-content\/uploads\/2025\/11\/IMG_0419.jpeg?fit=1170%2C700\" data-orig-size=\"1170,700\" data-comments-opened=\"0\" data-image-meta=\"{&quot;aperture&quot;:&quot;0&quot;,&quot;credit&quot;:&quot;&quot;,&quot;camera&quot;:&quot;&quot;,&quot;caption&quot;:&quot;&quot;,&quot;created_timestamp&quot;:&quot;0&quot;,&quot;copyright&quot;:&quot;&quot;,&quot;focal_length&quot;:&quot;0&quot;,&quot;iso&quot;:&quot;0&quot;,&quot;shutter_speed&quot;:&quot;0&quot;,&quot;title&quot;:&quot;&quot;,&quot;orientation&quot;:&quot;0&quot;}\" data-image-title=\"IMG_0419\" data-image-description=\"\" data-image-caption=\"\" data-medium-file=\"https:\/\/i0.wp.com\/blogdalucianaoliveira.com.br\/blog\/wp-content\/uploads\/2025\/11\/IMG_0419.jpeg?fit=300%2C179\" data-large-file=\"https:\/\/i0.wp.com\/blogdalucianaoliveira.com.br\/blog\/wp-content\/uploads\/2025\/11\/IMG_0419.jpeg?fit=600%2C359\" class=\"alignnone size-medium wp-image-37899\" src=\"https:\/\/i0.wp.com\/blogdalucianaoliveira.com.br\/blog\/wp-content\/uploads\/2025\/11\/IMG_0419.jpeg?resize=300%2C179\" alt=\"\" width=\"300\" height=\"179\" srcset=\"https:\/\/i0.wp.com\/blogdalucianaoliveira.com.br\/blog\/wp-content\/uploads\/2025\/11\/IMG_0419.jpeg?resize=300%2C179 300w, https:\/\/i0.wp.com\/blogdalucianaoliveira.com.br\/blog\/wp-content\/uploads\/2025\/11\/IMG_0419.jpeg?resize=1024%2C613 1024w, https:\/\/i0.wp.com\/blogdalucianaoliveira.com.br\/blog\/wp-content\/uploads\/2025\/11\/IMG_0419.jpeg?resize=768%2C459 768w, https:\/\/i0.wp.com\/blogdalucianaoliveira.com.br\/blog\/wp-content\/uploads\/2025\/11\/IMG_0419.jpeg?resize=501%2C300 501w, https:\/\/i0.wp.com\/blogdalucianaoliveira.com.br\/blog\/wp-content\/uploads\/2025\/11\/IMG_0419.jpeg?w=1170 1170w\" sizes=\"auto, (max-width: 300px) 100vw, 300px\" \/><\/p>\n<p><strong>Ag\u00eancia Brasil &#8211; A Organiza\u00e7\u00e3o do Tratado de Coopera\u00e7\u00e3o Amaz\u00f4nica (OTCA) vai receber R$ 55 milh\u00f5es do Banco Nacional de Desenvolvimento Econ\u00f4mico e Social (BNDES), por meio do Fundo Amaz\u00f4nia, para aprimorar os sistemas nacionais de monitoramento da floresta tropical e fortalecer capacidades t\u00e9cnicas para a preven\u00e7\u00e3o e o controle do desmatamento e da degrada\u00e7\u00e3o florestal. <\/strong><img data-recalc-dims=\"1\" decoding=\"async\" src=\"https:\/\/i0.wp.com\/agenciabrasil.ebc.com.br\/ebc.png?w=600&#038;ssl=1\" \/><img data-recalc-dims=\"1\" decoding=\"async\" src=\"https:\/\/i0.wp.com\/agenciabrasil.ebc.com.br\/ebc.gif?w=600&#038;ssl=1\" \/><!--more--><\/p>\n<p>O an\u00fancio foi feito nesta quinta-feira (13), durante uma atividade na Confer\u00eancia das Na\u00e7\u00f5es Unidas sobre Mudan\u00e7as Clim\u00e1ticas (COP30), em Bel\u00e9m. Os membros da OTCA s\u00e3o Bol\u00edvia, Brasil, Col\u00f4mbia, Equador, Guiana, Peru, Suriname e Venezuela.<\/p>\n<blockquote><p>&#8220;A Amaz\u00f4nia \u00e9 um vasto sistema, um bioma e, como qualquer quebra-cabe\u00e7a, danificar uma pe\u00e7a danifica outra. Tudo \u00e9 importante, cada \u00e1rvore \u00e9 importante. Precisamos de monitoramento para podermos agir de forma preventiva ou curativa, dependendo de sua situa\u00e7\u00e3o&#8221;, apontou o etn\u00f3logo colombiano Martin von Hildebrand, secret\u00e1rio-geral da entidade.<\/p><\/blockquote>\n<p>O projeto contar\u00e1 com parceria do Instituto Nacional de Pesquisas Espaciais (INPE), que atuar\u00e1 na transfer\u00eancia de tecnologia para demais pa\u00edses membros.<\/p>\n<p>&#8220;Uma quest\u00e3o importante que j\u00e1 vinha sendo encaminhada \u00e9 o painel t\u00e9cnico-cient\u00edfico, voltado ao monitoramento da Amaz\u00f4nia, para servir de base na formula\u00e7\u00e3o de pol\u00edticas p\u00fablicas, tanto em rela\u00e7\u00e3o \u00e0 mudan\u00e7a do clima, quanto rela\u00e7\u00e3o \u00e0 biodiversidade, recursos h\u00eddricos, recursos pesqueiros&#8221;, destacou a ministra do Meio Ambiente e Mudan\u00e7a do Clima, Marina Silva.<\/p>\n<p><strong>Segundo Marina, os pa\u00edses amaz\u00f4nicos v\u00e3o montar uma comiss\u00e3o de ministros de meio ambiente para alinhar estrat\u00e9gias comuns de prote\u00e7\u00e3o da floresta e combate ao crime organizado transfronteiri\u00e7o.<\/strong><\/p>\n<p>&#8220;N\u00f3s queremos sobretudo apostar tamb\u00e9m numa agenda de desenvolvimento sustent\u00e1vel, na parte de infraestrutura verde e resiliente, na parte de combate \u00e0 criminalidade e de prote\u00e7\u00e3o da biodiversidade, principalmente de ter mecanismos de acesso a recurso gen\u00e9tico que n\u00e3o leve \u00e0 biopirataria e que promova a justa partilha de benef\u00edcios&#8221;.<\/p>\n<p>Ao todo, a Amaz\u00f4nia tem extens\u00e3o territorial de 6,7 milh\u00f5es de quil\u00f4metros quadrados (km\u00b2), com mais de um milh\u00e3o de km\u00b2 de ecossistemas ribeirinhos e uma popula\u00e7\u00e3o de quase 50 milh\u00f5es de habitantes. Para cuidar desse bioma fundamental para a regula\u00e7\u00e3o do clima global, incluindo preservar as correntes de umidade que transportam chuvas para outras partes da Am\u00e9rica do Sul, a OTCA funciona como organismo intergovernamental de promo\u00e7\u00e3o do\u00a0desenvolvimento sustent\u00e1vel da regi\u00e3o.<\/p>\n<p><a href=\"https:\/\/agenciabrasil.ebc.com.br\/cop30\" target=\"_blank\" rel=\"noopener\">Acompanhe a cobertura completa da EBC na COP30\u00a0<\/a><\/p>\n<p><strong>Cada pa\u00eds tem metodologias e instrumentos pr\u00f3prios de controle e monitoramento do territ\u00f3rio, mas a ideia da OTCA \u00e9 uniformizar e padronizar esses procedimentos.<\/strong><\/p>\n<p>&#8220;Se n\u00e3o colocamos a informa\u00e7\u00e3o de toda a regi\u00e3o, de nada nos serve tratar de consertar de um lado e destruir outro&#8221;, observou o secret\u00e1rio-geral da entidade, Hildebrand. Um dos instrumentos que podem ser fortalecidos com esta iniciativa \u00e9 justamente o Observat\u00f3rio Regional da Amaz\u00f4nia (ORA), que j\u00e1 integra diversas bases de informa\u00e7\u00f5es e disponibiliza dados sobre o bioma em temas como biodiversidade, recursos h\u00eddricos, florestas, inc\u00eandios, povos ind\u00edgenas e \u00e1reas protegidas, entre outros.<\/p>\n<p>&#8220;O projeto vai desenvolver a interoperabilidade. Esse \u00e9 um processo de constru\u00e7\u00e3o coletiva. O Brasil n\u00e3o vai impor nada aos pa\u00edses e os pa\u00edses n\u00e3o v\u00e3o impor nada ao Brasil. Agora, se a gente n\u00e3o unificar a metodologia, o crime organizado sai vencendo&#8221;, alertou a diretora Socioambiental do BNDES, Tereza Campello, ao explicar os objetivos do projeto que ser\u00e1 financiado pelo banco de desenvolvimento.<\/p>\n","protected":false},"excerpt":{"rendered":"<p>Ag\u00eancia Brasil &#8211; A Organiza\u00e7\u00e3o do Tratado de Coopera\u00e7\u00e3o Amaz\u00f4nica (OTCA) vai receber R$ 55 milh\u00f5es do Banco Nacional de Desenvolvimento Econ\u00f4mico e Social (BNDES), por meio do Fundo Amaz\u00f4nia, para aprimorar os sistemas nacionais de monitoramento da floresta tropical e fortalecer capacidades t\u00e9cnicas para a preven\u00e7\u00e3o e o controle do desmatamento e da degrada\u00e7\u00e3o&#8230;<a class=\"more-link\" href=\"http:\/\/blogdalucianaoliveira.com.br\/blog\/2025\/11\/13\/cop30-paises-amazonicos-anunciam-monitoramento-conjunto-da-floresta\/\">Continue a leitura <span class=\"meta-nav\">&raquo;<\/span><\/a><\/p>\n","protected":false},"author":1,"featured_media":0,"comment_status":"closed","ping_status":"open","sticky":false,"template":"","format":"standard","meta":{"_exactmetrics_skip_tracking":false,"_exactmetrics_sitenote_active":false,"_exactmetrics_sitenote_note":"","_exactmetrics_sitenote_category":0,"jetpack_post_was_ever_published":false,"_jetpack_newsletter_access":"","_jetpack_dont_email_post_to_subs":false,"_jetpack_newsletter_tier_id":0,"_jetpack_memberships_contains_paywalled_content":false,"_jetpack_memberships_contains_paid_content":false,"footnotes":"","jetpack_publicize_message":"","jetpack_publicize_feature_enabled":true,"jetpack_social_post_already_shared":true,"jetpack_social_options":{"image_generator_settings":{"template":"highway","enabled":false},"version":2}},"categories":[1],"tags":[252,905,1274,1573],"class_list":["post-37898","post","type-post","status-publish","format-standard","hentry","category-notas","tag-amazonia","tag-clima","tag-cop30","tag-monitoramento"],"jetpack_publicize_connections":[],"jetpack_sharing_enabled":true,"jetpack_featured_media_url":"","jetpack_shortlink":"https:\/\/wp.me\/p7wKYW-9Rg","jetpack-related-posts":[],"_links":{"self":[{"href":"http:\/\/blogdalucianaoliveira.com.br\/blog\/wp-json\/wp\/v2\/posts\/37898","targetHints":{"allow":["GET"]}}],"collection":[{"href":"http:\/\/blogdalucianaoliveira.com.br\/blog\/wp-json\/wp\/v2\/posts"}],"about":[{"href":"http:\/\/blogdalucianaoliveira.com.br\/blog\/wp-json\/wp\/v2\/types\/post"}],"author":[{"embeddable":true,"href":"http:\/\/blogdalucianaoliveira.com.br\/blog\/wp-json\/wp\/v2\/users\/1"}],"replies":[{"embeddable":true,"href":"http:\/\/blogdalucianaoliveira.com.br\/blog\/wp-json\/wp\/v2\/comments?post=37898"}],"version-history":[{"count":1,"href":"http:\/\/blogdalucianaoliveira.com.br\/blog\/wp-json\/wp\/v2\/posts\/37898\/revisions"}],"predecessor-version":[{"id":37900,"href":"http:\/\/blogdalucianaoliveira.com.br\/blog\/wp-json\/wp\/v2\/posts\/37898\/revisions\/37900"}],"wp:attachment":[{"href":"http:\/\/blogdalucianaoliveira.com.br\/blog\/wp-json\/wp\/v2\/media?parent=37898"}],"wp:term":[{"taxonomy":"category","embeddable":true,"href":"http:\/\/blogdalucianaoliveira.com.br\/blog\/wp-json\/wp\/v2\/categories?post=37898"},{"taxonomy":"post_tag","embeddable":true,"href":"http:\/\/blogdalucianaoliveira.com.br\/blog\/wp-json\/wp\/v2\/tags?post=37898"}],"curies":[{"name":"wp","href":"https:\/\/api.w.org\/{rel}","templated":true}]}}