{"id":37901,"date":"2025-11-18T13:03:39","date_gmt":"2025-11-18T17:03:39","guid":{"rendered":"https:\/\/blogdalucianaoliveira.com.br\/blog\/?p=37901"},"modified":"2025-11-18T13:03:39","modified_gmt":"2025-11-18T17:03:39","slug":"na-cop30-brasil-anuncia-r-107-milhoes-para-bioeconomia-amazonica","status":"publish","type":"post","link":"http:\/\/blogdalucianaoliveira.com.br\/blog\/2025\/11\/18\/na-cop30-brasil-anuncia-r-107-milhoes-para-bioeconomia-amazonica\/","title":{"rendered":"Na COP30, Brasil anuncia R$ 107 milh\u00f5es para bioeconomia amaz\u00f4nica"},"content":{"rendered":"<p><img data-recalc-dims=\"1\" loading=\"lazy\" decoding=\"async\" data-attachment-id=\"37902\" data-permalink=\"http:\/\/blogdalucianaoliveira.com.br\/blog\/2025\/11\/18\/na-cop30-brasil-anuncia-r-107-milhoes-para-bioeconomia-amazonica\/img_0807\/\" data-orig-file=\"https:\/\/i0.wp.com\/blogdalucianaoliveira.com.br\/blog\/wp-content\/uploads\/2025\/11\/IMG_0807.jpeg?fit=1080%2C720\" data-orig-size=\"1080,720\" data-comments-opened=\"0\" data-image-meta=\"{&quot;aperture&quot;:&quot;0&quot;,&quot;credit&quot;:&quot;&quot;,&quot;camera&quot;:&quot;&quot;,&quot;caption&quot;:&quot;&quot;,&quot;created_timestamp&quot;:&quot;0&quot;,&quot;copyright&quot;:&quot;&quot;,&quot;focal_length&quot;:&quot;0&quot;,&quot;iso&quot;:&quot;0&quot;,&quot;shutter_speed&quot;:&quot;0&quot;,&quot;title&quot;:&quot;&quot;,&quot;orientation&quot;:&quot;0&quot;}\" data-image-title=\"IMG_0807\" data-image-description=\"\" data-image-caption=\"\" data-medium-file=\"https:\/\/i0.wp.com\/blogdalucianaoliveira.com.br\/blog\/wp-content\/uploads\/2025\/11\/IMG_0807.jpeg?fit=300%2C200\" data-large-file=\"https:\/\/i0.wp.com\/blogdalucianaoliveira.com.br\/blog\/wp-content\/uploads\/2025\/11\/IMG_0807.jpeg?fit=600%2C400\" class=\"alignnone size-medium wp-image-37902\" src=\"https:\/\/i0.wp.com\/blogdalucianaoliveira.com.br\/blog\/wp-content\/uploads\/2025\/11\/IMG_0807.jpeg?resize=300%2C200\" alt=\"\" width=\"300\" height=\"200\" srcset=\"https:\/\/i0.wp.com\/blogdalucianaoliveira.com.br\/blog\/wp-content\/uploads\/2025\/11\/IMG_0807.jpeg?resize=300%2C200 300w, https:\/\/i0.wp.com\/blogdalucianaoliveira.com.br\/blog\/wp-content\/uploads\/2025\/11\/IMG_0807.jpeg?resize=1024%2C683 1024w, https:\/\/i0.wp.com\/blogdalucianaoliveira.com.br\/blog\/wp-content\/uploads\/2025\/11\/IMG_0807.jpeg?resize=768%2C512 768w, https:\/\/i0.wp.com\/blogdalucianaoliveira.com.br\/blog\/wp-content\/uploads\/2025\/11\/IMG_0807.jpeg?resize=450%2C300 450w, https:\/\/i0.wp.com\/blogdalucianaoliveira.com.br\/blog\/wp-content\/uploads\/2025\/11\/IMG_0807.jpeg?w=1080 1080w\" sizes=\"auto, (max-width: 300px) 100vw, 300px\" \/><\/p>\n<p><em>Por Mayara Souto e Edson Carvalho\/COP30 &#8211; <\/em>O Brasil lan\u00e7ou nesta segunda-feira, 17\/11, o programa \u201cCoopera+ Amaz\u00f4nia\u201d, que prev\u00ea o investimento de quase R$107 milh\u00f5es para fortalecer a inova\u00e7\u00e3o gerencial e produtiva de 50 cooperativas extrativistas que atuam nas cadeias do baba\u00e7u, a\u00e7a\u00ed, castanha e cupua\u00e7u. O objetivo \u00e9 fortalecer as cooperativas em cinco estados da Amaz\u00f4nia Legal (Par\u00e1, Rond\u00f4nia, Maranh\u00e3o, Amazonas e Acre) pelo per\u00edodo de 48 meses. <!--more--><\/p>\n<p>O an\u00fancio ocorreu durante a COP30, na Zona Verde, com a presen\u00e7a do vice-presidente do pa\u00eds, Geraldo Alckmin. \u201cEsses recursos permitir\u00e3o, nessa primeira etapa, agregar valor, aumentar a renda das fam\u00edlias, fortalecer o cooperativismo na regi\u00e3o e colaborar com o combate \u00e0 mudan\u00e7a do clima. Aproximadamente 3.500 fam\u00edlias ser\u00e3o beneficiadas\u201d, explicou.<\/p>\n<p>A iniciativa \u00e9 uma a\u00e7\u00e3o conjunta do Minist\u00e9rio do Meio Ambiente e Mudan\u00e7a do Clima (MMA), com o Banco Nacional de Desenvolvimento Econ\u00f4mico e Social (BNDES), o Minist\u00e9rio do Desenvolvimento, Ind\u00fastria, Com\u00e9rcio e Servi\u00e7os (MDIC), a Empresa Brasileira de Pesquisa Agropecu\u00e1ria (Embrapa) e o Servi\u00e7o Brasileiro de Apoio \u00e0s Micro e Pequenas Empresas (Sebrae).<\/p>\n<p>O \u201cCoopera+ Amaz\u00f4nia\u201d receber\u00e1 R$103 milh\u00f5es do Banco Nacional de Desenvolvimento Econ\u00f4mico e Social (BNDES), por meio do Fundo Amaz\u00f4nia, sob a coordena\u00e7\u00e3o do MMA. Outros R$3,7 milh\u00f5es ser\u00e3o do Servi\u00e7o Brasileiro de Apoio \u00e0s Micro e Pequenas Empresas (Sebrae).<\/p>\n<h3 class=\"block-heading\">Solu\u00e7\u00f5es clim\u00e1ticas<\/h3>\n<p>\u201cOs investimentos ajudar\u00e3o a melhorar a vida desses produtores para desenvolver m\u00e1quinas, propor projetos, garantir mais produtividade, ter maior inser\u00e7\u00e3o no mercado e gerar emprego e renda. Isso \u00e9 fundamental e vai ajudar a manter a floresta em p\u00e9\u201d, celebrou a diretora socioambiental do BNDES, Tereza Campello.<\/p>\n<p>O\u00a0 presidente do Sebrae Nacional, D\u00e9cio Lima, disse que, al\u00e9m de ampliar mercados, o programa ir\u00e1 incorporar tecnologias que fortale\u00e7am a bioeconomia amaz\u00f4nica. \u201c\u00c9 uma bioeconomia \u00fanica, fruto dessa floresta extraordin\u00e1ria, que garante sobreviv\u00eancia, n\u00e3o derruba \u00e1rvores nem polui os rios, \u00e9 sustent\u00e1vel. Essa \u00e9 a reflex\u00e3o que precisamos fazer, principalmente, nesse modelo de cooperativas\u201d, ressaltou.<\/p>\n<p>\u201cVamos capacitar para identificar lacunas e retroalimentar a pesquisa. Contamos com dados e indicadores para monitorar essas cadeias e apoiar produtores rurais e comunidades locais, oferecendo informa\u00e7\u00f5es para melhorar os sistemas de produ\u00e7\u00e3o. Podemos ser parte da solu\u00e7\u00e3o para as mudan\u00e7as clim\u00e1ticas\u201d, explicou a presidente da Embrapa, Silvia Musshur\u00e1.<\/p>\n<p>Tamb\u00e9m participaram da cerim\u00f4nia os ministros brasileiros do Desenvolvimento Agr\u00e1rio e Agricultura Familiar, Paulo Teixeira; do Empreendedorismo, da Microempresa e da Empresa de Pequeno Porte, M\u00e1rcio Fran\u00e7a; e a secret\u00e1ria de Bioeconomia do Minist\u00e9rio do Meio Ambiente, Carina Pimenta.<\/p>\n<h3 class=\"block-heading\">A\u00e7\u00f5es e resultados<\/h3>\n<p>O programa, estruturado pelo Sebrae em parceria com o MDIC, visa aprimorar a gest\u00e3o, aumentar a produtividade, ampliar mercados e incorporar tecnologias que fortale\u00e7am a bioeconomia amaz\u00f4nica. Est\u00e3o previstas consultorias, capacita\u00e7\u00f5es, assist\u00eancia t\u00e9cnica, extens\u00e3o rural e aquisi\u00e7\u00e3o de m\u00e1quinas para reduzir a penosidade do trabalho extrativista e agregar valor aos produtos.<\/p>\n<p>Como resultados, s\u00e3o esperados esperados aumento da produtividade, crescimento do valor agregado dos produtos, eleva\u00e7\u00e3o do faturamento, expans\u00e3o do n\u00famero de cooperados, redu\u00e7\u00e3o e reaproveitamento de res\u00edduos do extrativismo e aumento da renda para os beneficiados. A iniciativa fortalece modelos de neg\u00f3cio que preservam a floresta e oferecem alternativas econ\u00f4micas ao desmatamento.<\/p>\n<p>A estrat\u00e9gia inclui a cria\u00e7\u00e3o de um Escrit\u00f3rio de Neg\u00f3cios Territorial para apoiar cooperativas na expans\u00e3o comercial, no fortalecimento de marcas e no acesso a novos mercados. Os Agentes Locais de Inova\u00e7\u00e3o para Cooperativas (ALICoop), bolsistas do Sebrae, acompanhar\u00e3o melhorias tecnol\u00f3gicas e gerenciais. Al\u00e9m disso, o projeto incorpora o levantamento da Embrapa sobre m\u00e1quinas e equipamentos adequados \u00e0s cadeias da sociobiodiversidade, ampliando o potencial de mecaniza\u00e7\u00e3o no setor.<\/p>\n<h3 class=\"block-heading\">Fundo Amaz\u00f4nia<\/h3>\n<p>Criado em 2008, o Fundo Amaz\u00f4nia \u00e9 o principal mecanismo de coopera\u00e7\u00e3o internacional para o clima no Brasil, combinando prote\u00e7\u00e3o florestal, desenvolvimento sustent\u00e1vel e melhoria da qualidade de vida na Amaz\u00f4nia Legal. Ap\u00f3s a retomada das doa\u00e7\u00f5es em 2023, o n\u00famero de doadores passou de tr\u00eas para nove, incluindo Uni\u00e3o Europeia, EUA e Reino Unido.<\/p>\n<p>Desde sua cria\u00e7\u00e3o, o Fundo beneficiou cerca de 260 mil pessoas, apoiou 144 projetos e fortaleceu mais de 600 organiza\u00e7\u00f5es comunit\u00e1rias, que resultaram no alcance de 75% dos munic\u00edpios da Amaz\u00f4nia Legal. Os recursos financiam combate ao desmatamento, bioeconomia, cadeias produtivas sustent\u00e1veis, prote\u00e7\u00e3o de povos ind\u00edgenas e comunidades tradicionais, al\u00e9m de monitoramento, pesquisa e inova\u00e7\u00e3o ambiental.<\/p>\n<p>Coordenado pelo MMA e operacionalizado pelo BNDES, o Fundo contribui diretamente para metas clim\u00e1ticas, Acordo de Paris e objetivos do Plano de A\u00e7\u00e3o para Preven\u00e7\u00e3o e Controle do Desmatamento na Amaz\u00f4nia Legal (PPCDAm).<\/p>\n","protected":false},"excerpt":{"rendered":"<p>Por Mayara Souto e Edson Carvalho\/COP30 &#8211; O Brasil lan\u00e7ou nesta segunda-feira, 17\/11, o programa \u201cCoopera+ Amaz\u00f4nia\u201d, que prev\u00ea o investimento de quase R$107 milh\u00f5es para fortalecer a inova\u00e7\u00e3o gerencial e produtiva de 50 cooperativas extrativistas que atuam nas cadeias do baba\u00e7u, a\u00e7a\u00ed, castanha e cupua\u00e7u. O objetivo \u00e9 fortalecer as cooperativas em cinco estados&#8230;<a class=\"more-link\" href=\"http:\/\/blogdalucianaoliveira.com.br\/blog\/2025\/11\/18\/na-cop30-brasil-anuncia-r-107-milhoes-para-bioeconomia-amazonica\/\">Continue a leitura <span class=\"meta-nav\">&raquo;<\/span><\/a><\/p>\n","protected":false},"author":1,"featured_media":0,"comment_status":"closed","ping_status":"open","sticky":false,"template":"","format":"standard","meta":{"_exactmetrics_skip_tracking":false,"_exactmetrics_sitenote_active":false,"_exactmetrics_sitenote_note":"","_exactmetrics_sitenote_category":0,"jetpack_post_was_ever_published":false,"_jetpack_newsletter_access":"","_jetpack_dont_email_post_to_subs":false,"_jetpack_newsletter_tier_id":0,"_jetpack_memberships_contains_paywalled_content":false,"_jetpack_memberships_contains_paid_content":false,"footnotes":"","jetpack_publicize_message":"","jetpack_publicize_feature_enabled":true,"jetpack_social_post_already_shared":true,"jetpack_social_options":{"image_generator_settings":{"template":"highway","enabled":false},"version":2}},"categories":[1],"tags":[1574,1274],"class_list":["post-37901","post","type-post","status-publish","format-standard","hentry","category-notas","tag-bioeconomia","tag-cop30"],"jetpack_publicize_connections":[],"jetpack_sharing_enabled":true,"jetpack_featured_media_url":"","jetpack_shortlink":"https:\/\/wp.me\/p7wKYW-9Rj","jetpack-related-posts":[],"_links":{"self":[{"href":"http:\/\/blogdalucianaoliveira.com.br\/blog\/wp-json\/wp\/v2\/posts\/37901","targetHints":{"allow":["GET"]}}],"collection":[{"href":"http:\/\/blogdalucianaoliveira.com.br\/blog\/wp-json\/wp\/v2\/posts"}],"about":[{"href":"http:\/\/blogdalucianaoliveira.com.br\/blog\/wp-json\/wp\/v2\/types\/post"}],"author":[{"embeddable":true,"href":"http:\/\/blogdalucianaoliveira.com.br\/blog\/wp-json\/wp\/v2\/users\/1"}],"replies":[{"embeddable":true,"href":"http:\/\/blogdalucianaoliveira.com.br\/blog\/wp-json\/wp\/v2\/comments?post=37901"}],"version-history":[{"count":1,"href":"http:\/\/blogdalucianaoliveira.com.br\/blog\/wp-json\/wp\/v2\/posts\/37901\/revisions"}],"predecessor-version":[{"id":37903,"href":"http:\/\/blogdalucianaoliveira.com.br\/blog\/wp-json\/wp\/v2\/posts\/37901\/revisions\/37903"}],"wp:attachment":[{"href":"http:\/\/blogdalucianaoliveira.com.br\/blog\/wp-json\/wp\/v2\/media?parent=37901"}],"wp:term":[{"taxonomy":"category","embeddable":true,"href":"http:\/\/blogdalucianaoliveira.com.br\/blog\/wp-json\/wp\/v2\/categories?post=37901"},{"taxonomy":"post_tag","embeddable":true,"href":"http:\/\/blogdalucianaoliveira.com.br\/blog\/wp-json\/wp\/v2\/tags?post=37901"}],"curies":[{"name":"wp","href":"https:\/\/api.w.org\/{rel}","templated":true}]}}