{"id":37904,"date":"2025-11-18T13:11:32","date_gmt":"2025-11-18T17:11:32","guid":{"rendered":"https:\/\/blogdalucianaoliveira.com.br\/blog\/?p=37904"},"modified":"2025-11-18T13:11:32","modified_gmt":"2025-11-18T17:11:32","slug":"claudia-de-jesus-destaca-importancia-de-nova-lei-que-dispensa-pericia-do-inss-para-pessoas-com-doencas-irreversiveis","status":"publish","type":"post","link":"http:\/\/blogdalucianaoliveira.com.br\/blog\/2025\/11\/18\/claudia-de-jesus-destaca-importancia-de-nova-lei-que-dispensa-pericia-do-inss-para-pessoas-com-doencas-irreversiveis\/","title":{"rendered":"Cl\u00e1udia de Jesus destaca import\u00e2ncia de nova lei que dispensa per\u00edcia do INSS para pessoas com doen\u00e7as irrevers\u00edveis"},"content":{"rendered":"<p><img data-recalc-dims=\"1\" loading=\"lazy\" decoding=\"async\" data-attachment-id=\"37905\" data-permalink=\"http:\/\/blogdalucianaoliveira.com.br\/blog\/2025\/11\/18\/claudia-de-jesus-destaca-importancia-de-nova-lei-que-dispensa-pericia-do-inss-para-pessoas-com-doencas-irreversiveis\/img_0808\/\" data-orig-file=\"https:\/\/i0.wp.com\/blogdalucianaoliveira.com.br\/blog\/wp-content\/uploads\/2025\/11\/IMG_0808.jpeg?fit=1620%2C1080\" data-orig-size=\"1620,1080\" data-comments-opened=\"0\" data-image-meta=\"{&quot;aperture&quot;:&quot;5&quot;,&quot;credit&quot;:&quot;&quot;,&quot;camera&quot;:&quot;Canon EOS Rebel SL3&quot;,&quot;caption&quot;:&quot;&quot;,&quot;created_timestamp&quot;:&quot;1759850523&quot;,&quot;copyright&quot;:&quot;&quot;,&quot;focal_length&quot;:&quot;33&quot;,&quot;iso&quot;:&quot;2500&quot;,&quot;shutter_speed&quot;:&quot;0.00625&quot;,&quot;title&quot;:&quot;&quot;,&quot;orientation&quot;:&quot;1&quot;}\" data-image-title=\"IMG_0808\" data-image-description=\"\" data-image-caption=\"\" data-medium-file=\"https:\/\/i0.wp.com\/blogdalucianaoliveira.com.br\/blog\/wp-content\/uploads\/2025\/11\/IMG_0808.jpeg?fit=300%2C200\" data-large-file=\"https:\/\/i0.wp.com\/blogdalucianaoliveira.com.br\/blog\/wp-content\/uploads\/2025\/11\/IMG_0808.jpeg?fit=600%2C400\" class=\"alignnone size-medium wp-image-37905\" src=\"https:\/\/i0.wp.com\/blogdalucianaoliveira.com.br\/blog\/wp-content\/uploads\/2025\/11\/IMG_0808.jpeg?resize=300%2C200\" alt=\"\" width=\"300\" height=\"200\" srcset=\"https:\/\/i0.wp.com\/blogdalucianaoliveira.com.br\/blog\/wp-content\/uploads\/2025\/11\/IMG_0808.jpeg?resize=300%2C200 300w, https:\/\/i0.wp.com\/blogdalucianaoliveira.com.br\/blog\/wp-content\/uploads\/2025\/11\/IMG_0808.jpeg?resize=1024%2C683 1024w, https:\/\/i0.wp.com\/blogdalucianaoliveira.com.br\/blog\/wp-content\/uploads\/2025\/11\/IMG_0808.jpeg?resize=768%2C512 768w, https:\/\/i0.wp.com\/blogdalucianaoliveira.com.br\/blog\/wp-content\/uploads\/2025\/11\/IMG_0808.jpeg?resize=1536%2C1024 1536w, https:\/\/i0.wp.com\/blogdalucianaoliveira.com.br\/blog\/wp-content\/uploads\/2025\/11\/IMG_0808.jpeg?resize=450%2C300 450w, https:\/\/i0.wp.com\/blogdalucianaoliveira.com.br\/blog\/wp-content\/uploads\/2025\/11\/IMG_0808.jpeg?w=1620 1620w, https:\/\/i0.wp.com\/blogdalucianaoliveira.com.br\/blog\/wp-content\/uploads\/2025\/11\/IMG_0808.jpeg?w=1200 1200w\" sizes=\"auto, (max-width: 300px) 100vw, 300px\" \/><\/p>\n<p><strong><br \/>\nNova regra elimina reavalia\u00e7\u00f5es peri\u00f3dicas para HIV, Alzheimer, ELA, Parkinson e outras condi\u00e7\u00f5es permanentes.<\/strong><!--more--><\/p>\n<p>A vida de milh\u00f5es de brasileiros que vivem com doen\u00e7as incur\u00e1veis ganhou mais seguran\u00e7a e menos burocracia com a publica\u00e7\u00e3o da Lei n\u00ba 15.157\/2025, que dispensa per\u00edcias m\u00e9dicas de revis\u00e3o para quem possui defici\u00eancias permanentes, irrevers\u00edveis ou irrecuper\u00e1veis. A medida alcan\u00e7a benefici\u00e1rios do aux\u00edlio-doen\u00e7a e aposentadoria por incapacidade permanente.<\/p>\n<p>A deputada estadual Cl\u00e1udia de Jesus (PT)<br \/>\ndestacou o avan\u00e7o social representado pela medida e a sensibilidade do governo federal na garantia de direitos.<\/p>\n<p>\u201cEssa mudan\u00e7a representa dignidade. O presidente Lula demonstra, mais uma vez, que governar \u00e9 cuidar de gente. N\u00e3o faz sentido exigir que pessoas com doen\u00e7as permanentes sejam submetidas a revis\u00f5es que s\u00f3 geravam sofrimento e inseguran\u00e7a. \u00c9 um marco para milh\u00f5es de fam\u00edlias\u201d, afirmou.<\/p>\n<p>Com a nova regra, quem apresenta laudo m\u00e9dico definitivo, comprovando a natureza irrevers\u00edvel da condi\u00e7\u00e3o, n\u00e3o ser\u00e1 mais obrigado a comparecer \u00e0s reavalia\u00e7\u00f5es peri\u00f3dicas do INSS. A dispensa vale para doen\u00e7as como HIV\/AIDS, S\u00edndrome de Down, Alzheimer, esclerose lateral amiotr\u00f3fica (ELA), Parkinson, transtorno do espectro autista (TEA) e outras enfermidades de car\u00e1ter permanente.<\/p>\n<p>A atualiza\u00e7\u00e3o altera a Lei de Benef\u00edcios da Previd\u00eancia Social (Lei 8.213\/1991) e reduz a sobrecarga do sistema de per\u00edcias, al\u00e9m de evitar deslocamentos, custos e desgaste emocional para fam\u00edlias que j\u00e1 convivem com diagn\u00f3sticos definitivos. A estimativa \u00e9 que mais de quatro milh\u00f5es sejam beneficiados.<\/p>\n","protected":false},"excerpt":{"rendered":"<p>Nova regra elimina reavalia\u00e7\u00f5es peri\u00f3dicas para HIV, Alzheimer, ELA, Parkinson e outras condi\u00e7\u00f5es permanentes.<\/p>\n","protected":false},"author":1,"featured_media":0,"comment_status":"closed","ping_status":"open","sticky":false,"template":"","format":"standard","meta":{"_exactmetrics_skip_tracking":false,"_exactmetrics_sitenote_active":false,"_exactmetrics_sitenote_note":"","_exactmetrics_sitenote_category":0,"jetpack_post_was_ever_published":false,"_jetpack_newsletter_access":"","_jetpack_dont_email_post_to_subs":false,"_jetpack_newsletter_tier_id":0,"_jetpack_memberships_contains_paywalled_content":false,"_jetpack_memberships_contains_paid_content":false,"footnotes":"","jetpack_publicize_message":"","jetpack_publicize_feature_enabled":true,"jetpack_social_post_already_shared":true,"jetpack_social_options":{"image_generator_settings":{"template":"highway","enabled":false},"version":2}},"categories":[1],"tags":[],"class_list":["post-37904","post","type-post","status-publish","format-standard","hentry","category-notas"],"jetpack_publicize_connections":[],"jetpack_sharing_enabled":true,"jetpack_featured_media_url":"","jetpack_shortlink":"https:\/\/wp.me\/p7wKYW-9Rm","jetpack-related-posts":[],"_links":{"self":[{"href":"http:\/\/blogdalucianaoliveira.com.br\/blog\/wp-json\/wp\/v2\/posts\/37904","targetHints":{"allow":["GET"]}}],"collection":[{"href":"http:\/\/blogdalucianaoliveira.com.br\/blog\/wp-json\/wp\/v2\/posts"}],"about":[{"href":"http:\/\/blogdalucianaoliveira.com.br\/blog\/wp-json\/wp\/v2\/types\/post"}],"author":[{"embeddable":true,"href":"http:\/\/blogdalucianaoliveira.com.br\/blog\/wp-json\/wp\/v2\/users\/1"}],"replies":[{"embeddable":true,"href":"http:\/\/blogdalucianaoliveira.com.br\/blog\/wp-json\/wp\/v2\/comments?post=37904"}],"version-history":[{"count":1,"href":"http:\/\/blogdalucianaoliveira.com.br\/blog\/wp-json\/wp\/v2\/posts\/37904\/revisions"}],"predecessor-version":[{"id":37906,"href":"http:\/\/blogdalucianaoliveira.com.br\/blog\/wp-json\/wp\/v2\/posts\/37904\/revisions\/37906"}],"wp:attachment":[{"href":"http:\/\/blogdalucianaoliveira.com.br\/blog\/wp-json\/wp\/v2\/media?parent=37904"}],"wp:term":[{"taxonomy":"category","embeddable":true,"href":"http:\/\/blogdalucianaoliveira.com.br\/blog\/wp-json\/wp\/v2\/categories?post=37904"},{"taxonomy":"post_tag","embeddable":true,"href":"http:\/\/blogdalucianaoliveira.com.br\/blog\/wp-json\/wp\/v2\/tags?post=37904"}],"curies":[{"name":"wp","href":"https:\/\/api.w.org\/{rel}","templated":true}]}}