{"id":37911,"date":"2025-11-19T12:01:23","date_gmt":"2025-11-19T16:01:23","guid":{"rendered":"https:\/\/blogdalucianaoliveira.com.br\/blog\/?p=37911"},"modified":"2025-11-19T12:01:23","modified_gmt":"2025-11-19T16:01:23","slug":"mapa-do-caminho-paises-aderem-ao-plano-do-brasil-pelo-fim-do-uso-de-combustiveis-fosseis","status":"publish","type":"post","link":"http:\/\/blogdalucianaoliveira.com.br\/blog\/2025\/11\/19\/mapa-do-caminho-paises-aderem-ao-plano-do-brasil-pelo-fim-do-uso-de-combustiveis-fosseis\/","title":{"rendered":"Mapa do Caminho: pa\u00edses aderem ao plano do Brasil pelo fim do uso de combust\u00edveis f\u00f3sseis"},"content":{"rendered":"<div class=\"elementor-element elementor-element-7ee2b33 elementor-widget elementor-widget-heading\" data-id=\"7ee2b33\" data-element_type=\"widget\" data-widget_type=\"heading.default\">\n<div class=\"elementor-widget-container\">\n<h2><img decoding=\"async\" src=\"https:\/\/www.brasildefato.com.br\/wp-content\/uploads\/2025\/11\/WhatsApp-Image-2025-11-18-at-16.15.00-e1763496445781.avif\" alt=\"Ministros anunciaram nesta ter\u00e7a-feira(18) forma\u00e7\u00e3o de bloco em defesa do Mapa do Caminho\" \/><\/h2>\n<h2><\/h2>\n<h2 class=\"elementor-heading-title elementor-size-default\">Grupo formado por dezenas pa\u00edses vai pressionar para o que plano in\u00e9dito seja inclu\u00eddo no texto final da COP30<\/h2>\n<\/div>\n<\/div>\n<p><!--more--><\/p>\n<div class=\"elementor-element elementor-element-7368206 e-con-full e-flex e-con e-child\" data-id=\"7368206\" data-element_type=\"container\">\n<div class=\"elementor-element elementor-element-cda0867 elementor-widget elementor-widget-post-info\" data-id=\"cda0867\" data-element_type=\"widget\" data-widget_type=\"post-info.default\">\n<div class=\"elementor-widget-container\">\n<div class=\"elementor-element elementor-element-8136daa elementor-widget elementor-widget-theme-post-content\" data-id=\"8136daa\" data-element_type=\"widget\" data-widget_type=\"theme-post-content.default\">\n<div class=\"elementor-widget-container\">\n<p><strong>Brasil de Fato<\/strong> &#8211; Dezenas de pa\u00edses anunciaram, na tarde desta ter\u00e7a-feira(18), que v\u00e3o aderir ao \u201cMapa do Caminho\u201d proposto pelo Brasil para o fim do uso de combust\u00edveis f\u00f3sseis. Eles defenderam a cria\u00e7\u00e3o de um bloco pol\u00edtico para fortalecer um mutir\u00e3o em favor do plano nas resolu\u00e7\u00f5es da 30\u00aa Confer\u00eancia das Na\u00e7\u00f5es Unidas sobre Mudan\u00e7as do Clima(COP).<\/p>\n<p>O mapa \u00e9 uma metodologia que deve ser seguida pelos pa\u00edses que querem fazer uma a transi\u00e7\u00e3o gradual dos combust\u00edveis f\u00f3sseis para fontes de energia mais limpas e renov\u00e1veis. Entre as na\u00e7\u00f5es favor\u00e1veis ao plano, est\u00e3o Alemanha, Col\u00f4mbia, Reino Unido, Qu\u00eania e Serra Leoa.<\/p>\n<p>\u201cN\u00f3s pedimos \u00e0 presid\u00eancia da COP30 para que inclua esse chamado no texto da confer\u00eancia. Nesse esp\u00edrito de mutir\u00e3o, vamos aprender com as experi\u00eancias uns dos outros e implementar conjuntamente a transi\u00e7\u00e3o\u201d, declarou o ministro do Meio Ambiente da Alemanha, Carsten Schneider.<\/p>\n<p>Os pa\u00edses, representados por seus ministros, estavam unidos por um apelo para ado\u00e7\u00e3o de um plano mais consistente e que garanta uma transi\u00e7\u00e3o justa, ordenada e equitativa.\u00a0Marcele Oliveira, jovem campe\u00e3 do clima,\u00a0discursou na coletiva afirmando que a transi\u00e7\u00e3o \u00e9 uma prioridade.<\/p>\n<p>\u201cPara proteger o futuro, precisamos de a\u00e7\u00e3o e de negocia\u00e7\u00f5es que nos ajudem a construir um novo mapa de apoio rumo \u00e0 transi\u00e7\u00e3o. Precisamos de uma nova economia, um novo futuro \u2014 e estamos aqui para ajudar, para defender as crian\u00e7as, as juventudes, o presente, o futuro e tamb\u00e9m os sonhos que j\u00e1 n\u00e3o podem mais esperar.<\/p>\n<p>O tema foi destaque na C\u00fapula dos L\u00edderes, entre os dias 06 e 07 de Novembro.\u00a0O presidente Lula da Silva refor\u00e7ou a import\u00e2ncia de adotar um \u201cMapa do Caminho\u201d\u00a0e que esta transi\u00e7\u00e3o n\u00e3o seja injusta para os pa\u00edses do Sul Global.<\/p>\n<p>\u201cSem equacionar a injusti\u00e7a de d\u00edvidas externas impag\u00e1veis e sem abandonar condicionalidades que discriminam os pa\u00edses em desenvolvimento, andaremos em c\u00edrculos. Um processo justo, ordenado e equitativo de afastamento dos combust\u00edveis f\u00f3sseis demanda o acesso a tecnologias e financiamento para os pa\u00edses do Sul Global.\u201d, discursou o presidente.<\/p>\n<h4 class=\"wp-block-heading\">Consulta ao territ\u00f3rio<\/h4>\n<p>Entidades e organiza\u00e7\u00f5es ambientais observam com cautela o an\u00fancio. Em nota, o Instituto Arayara afirmou que o \u201cMapa do Caminho\u201d deve ser constru\u00eddo, tamb\u00e9m, por quem est\u00e1 nos territ\u00f3rios afetados.<\/p>\n<p>\u201cN\u00e3o \u00e9 poss\u00edvel a constru\u00e7\u00e3o de um \u201cmapa do caminho\u201d para longe dos f\u00f3sseis sem a escuta ativa das vozes que caminham diariamente nos territ\u00f3rios brasileiros, em especial povos ind\u00edgenas e povos e comunidades tradicionais. Se a forma como o mapa \u00e9 constru\u00eddo n\u00e3o mudar, o caminho repetir\u00e1 ciclos viciosos que perpetuam desigualdades enquanto prometem prosperidade e justi\u00e7a\u201d, afirmou.<\/p>\n<p>Para M\u00e1rcio Astrini, do Observat\u00f3rio do Clima, a ades\u00e3o dos pa\u00edses foi muito importante, mas chegou a hora de transforma as palavras em a\u00e7\u00e3o.<\/p>\n<p>\u201cO presidente Lula foi muito claro no seu pedido: esta COP precisa entregar um roteiro para o fim do uso dos combust\u00edveis f\u00f3sseis. Hoje, sabemos que os pa\u00edses n\u00e3o apenas ouviram, mas apoiam a ideia.\u00a0Agora \u00e9 a hora de transformar palavras\u00a0e apoios em resolu\u00e7\u00f5es no texto final da confer\u00eancia\u201d, declarou, por meio de nota.<\/p>\n<p>Ciro Brito, analista s\u00eanior de Pol\u00edticas Clim\u00e1ticas do Instituto Socioambiental (ISA), tamb\u00e9m considera um gesto importante. Mas ressalta declara\u00e7\u00f5es de pa\u00edses favor\u00e1veis ao tema que lan\u00e7aram a ideia de que o Mapa do Caminho precisa ser mais ambicioso.<\/p>\n<p>\u201cAt\u00e9 agora n\u00e3o ficou n\u00edtido se os grandes emissores v\u00e3o aderir ou n\u00e3o. A gente precisa saber o prazo pros mandatos se implementarem\u201d, afirmou<\/p>\n<\/div>\n<\/div>\n<div class=\"elementor-element elementor-element-6950de8 elementor-widget elementor-widget-text-editor\" data-id=\"6950de8\" data-element_type=\"widget\" data-widget_type=\"text-editor.default\">\n<div class=\"elementor-widget-container\">Editado por:\u00a0Lu\u00eds Indriunas<\/div>\n<\/div>\n<\/div>\n<\/div>\n<\/div>\n","protected":false},"excerpt":{"rendered":"<p>Grupo formado por dezenas pa\u00edses vai pressionar para o que plano in\u00e9dito seja inclu\u00eddo no texto final da COP30<\/p>\n","protected":false},"author":1,"featured_media":0,"comment_status":"closed","ping_status":"open","sticky":false,"template":"","format":"standard","meta":{"_exactmetrics_skip_tracking":false,"_exactmetrics_sitenote_active":false,"_exactmetrics_sitenote_note":"","_exactmetrics_sitenote_category":0,"jetpack_post_was_ever_published":false,"_jetpack_newsletter_access":"","_jetpack_dont_email_post_to_subs":false,"_jetpack_newsletter_tier_id":0,"_jetpack_memberships_contains_paywalled_content":false,"_jetpack_memberships_contains_paid_content":false,"footnotes":"","jetpack_publicize_message":"","jetpack_publicize_feature_enabled":true,"jetpack_social_post_already_shared":true,"jetpack_social_options":{"image_generator_settings":{"template":"highway","enabled":false},"version":2}},"categories":[1],"tags":[1274,1578,1577],"class_list":["post-37911","post","type-post","status-publish","format-standard","hentry","category-notas","tag-cop30","tag-inedito","tag-mapa-do-caminho"],"jetpack_publicize_connections":[],"jetpack_sharing_enabled":true,"jetpack_featured_media_url":"","jetpack_shortlink":"https:\/\/wp.me\/p7wKYW-9Rt","jetpack-related-posts":[],"_links":{"self":[{"href":"http:\/\/blogdalucianaoliveira.com.br\/blog\/wp-json\/wp\/v2\/posts\/37911","targetHints":{"allow":["GET"]}}],"collection":[{"href":"http:\/\/blogdalucianaoliveira.com.br\/blog\/wp-json\/wp\/v2\/posts"}],"about":[{"href":"http:\/\/blogdalucianaoliveira.com.br\/blog\/wp-json\/wp\/v2\/types\/post"}],"author":[{"embeddable":true,"href":"http:\/\/blogdalucianaoliveira.com.br\/blog\/wp-json\/wp\/v2\/users\/1"}],"replies":[{"embeddable":true,"href":"http:\/\/blogdalucianaoliveira.com.br\/blog\/wp-json\/wp\/v2\/comments?post=37911"}],"version-history":[{"count":2,"href":"http:\/\/blogdalucianaoliveira.com.br\/blog\/wp-json\/wp\/v2\/posts\/37911\/revisions"}],"predecessor-version":[{"id":37913,"href":"http:\/\/blogdalucianaoliveira.com.br\/blog\/wp-json\/wp\/v2\/posts\/37911\/revisions\/37913"}],"wp:attachment":[{"href":"http:\/\/blogdalucianaoliveira.com.br\/blog\/wp-json\/wp\/v2\/media?parent=37911"}],"wp:term":[{"taxonomy":"category","embeddable":true,"href":"http:\/\/blogdalucianaoliveira.com.br\/blog\/wp-json\/wp\/v2\/categories?post=37911"},{"taxonomy":"post_tag","embeddable":true,"href":"http:\/\/blogdalucianaoliveira.com.br\/blog\/wp-json\/wp\/v2\/tags?post=37911"}],"curies":[{"name":"wp","href":"https:\/\/api.w.org\/{rel}","templated":true}]}}