{"id":37914,"date":"2025-11-19T12:18:12","date_gmt":"2025-11-19T16:18:12","guid":{"rendered":"https:\/\/blogdalucianaoliveira.com.br\/blog\/?p=37914"},"modified":"2025-11-19T12:18:12","modified_gmt":"2025-11-19T16:18:12","slug":"boletim-da-manha-da-cop30-19-de-novembro","status":"publish","type":"post","link":"http:\/\/blogdalucianaoliveira.com.br\/blog\/2025\/11\/19\/boletim-da-manha-da-cop30-19-de-novembro\/","title":{"rendered":"Boletim da manh\u00e3 da COP30 \u2013 19 de Novembro"},"content":{"rendered":"<p><img data-recalc-dims=\"1\" decoding=\"async\" src=\"https:\/\/i0.wp.com\/p2.trrsf.com\/image\/fget\/cf\/774\/0\/images.terra.com\/2025\/11\/19\/img_9866-1h7o5ce97lkj6.jpg?w=600&#038;ssl=1\" alt=\"Fora da agenda oficial da COP30, \u2018mutir\u00e3o\u2019 pelo fim dos combust\u00edveis f\u00f3sseis puxado por Lula tem apoio de mais de 80 pa\u00edses\" \/><\/p>\n<p><b>Foco tem\u00e1tico:\u00a0<\/b>Agricultura, Sistemas Alimentares e Seguran\u00e7a, Pesca e Agricultura Familiar, Mulheres, G\u00eanero, Afrodescendentes e Turismo; <b><\/b><b>Impulsionar o Futuro dos Sistemas Alimentares<\/b><!--more--><\/p>\n<p><i>Pela Equipe de Comunica\u00e7\u00e3o da COP30 &#8211; <\/i><b><\/b><b><\/b><b><\/b>Hoje, na COP30, l\u00edderes e parceiros anunciam novos esfor\u00e7os para transformar os sistemas alimentares e fortalecer comunidades na linha de frente da crise clim\u00e1tica. A programa\u00e7\u00e3o destaca como a recupera\u00e7\u00e3o de terras, a lideran\u00e7a feminina e solu\u00e7\u00f5es baseadas em evid\u00eancias geram avan\u00e7os concretos para agricultores e fam\u00edlias em todo o mundo.<\/p>\n<p>As atividades do dia come\u00e7am com relatos de mulheres que enfrentam diariamente os impactos do clima em seus territ\u00f3rios e desenvolvem respostas que moldam o presente e o futuro. O Brasil tamb\u00e9m apresenta avan\u00e7os no Protocolo Nacional para Mulheres e Meninas em Emerg\u00eancias Clim\u00e1ticas, refor\u00e7ando que a igualdade de g\u00eanero \u00e9 um pilar essencial da resili\u00eancia.<\/p>\n<p>No Segmento Ministerial de Alto N\u00edvel sobre Agricultura, a degrada\u00e7\u00e3o de terras surge como tema central. Nesse contexto, \u00e9 lan\u00e7ada a Iniciativa RAIZ, legado da COP30 voltado \u00e0 recupera\u00e7\u00e3o de \u00e1reas agr\u00edcolas degradadas e \u00e0 integra\u00e7\u00e3o da sustentabilidade nos sistemas alimentares globais. Investimentos adicionais chegam por meio de parceiros internacionais, incluindo o programa agr\u00edcola da CCAC e o apoio IM-PACT da Alemanha \u00e0 Parceria FAST.<\/p>\n<p>O dia termina com o Evento de Alto N\u00edvel de A\u00e7\u00e3o Clim\u00e1tica Global, que convoca um mutir\u00e3o internacional para transformar compromissos em resultados mensur\u00e1veis. A mensagem da COP30 se consolida: restaurar terras, fortalecer comunidades e ampliar as vozes de mulheres e afrodescendentes \u00e9 chave para construir um futuro mais resiliente e inclusivo.<\/p>\n<h3 class=\"block-heading\">Momentos-Chave<\/h3>\n<ul>\n<li><b>9h30 \u2013 12h00\u00a0<\/b><a class=\"external\" href=\"https:\/\/drive.google.com\/file\/d\/1LuRfEBzfb3uomfe2WtuEWT03UxSOtR-b\/view\" rel=\"noopener noreferrer\"><b>Mulheres: Vozes que Guiam o Futuro<\/b><\/a><b><br \/>\n<\/b>O evento re\u00fane l\u00edderes do Brasil e do mundo para mostrar como as mulheres, especialmente as mais afetadas pela mudan\u00e7a do clima, est\u00e3o impulsionando solu\u00e7\u00f5es inovadoras e interseccionais e promovendo a\u00e7\u00f5es clim\u00e1ticas com enfoque de g\u00eanero, desde o n\u00edvel local ao global.<br \/>\n<b>Local:\u00a0<\/b>Sala de A\u00e7\u00e3o 5, Salas Tem\u00e1ticas da Agenda de A\u00e7\u00e3o<\/li>\n<\/ul>\n<ul>\n<li><b>10h30 \u2013 12h00\u00a0<\/b><a class=\"external\" href=\"https:\/\/drive.google.com\/file\/d\/17e-YKzm8pdp3ll0-4cmI-nUENCTCBuLX\/view\" rel=\"noopener noreferrer\"><b>Evento de Alto N\u00edvel: RAIZ \u2013 Investimentos em Agricultura Resiliente para Degrada\u00e7\u00e3o L\u00edquida Zero do Solo<\/b><\/a><br \/>\nA degrada\u00e7\u00e3o do solo \u00e9 um dos desafios mais urgentes de nosso tempo, pois compromete a seguran\u00e7a alimentar, acelera a perda de biodiversidade e agrava a mudan\u00e7a do clima. Atualmente, mais de 30% das terras agr\u00edcolas do mundo est\u00e3o degradadas. A iniciativa RAIZ (<i>Resilient Agriculture Investment for Net-Zero Land Degradation<\/i>) ser\u00e1 lan\u00e7ada como um legado da COP30 para restaurar terras agr\u00edcolas degradadas e promover a agricultura sustent\u00e1vel.<br \/>\n<b>Local:<\/b>\u00a0Sala SE 3 \u2013 Parna\u00edba<\/li>\n<\/ul>\n<ul>\n<li><b>12h30 \u2013 14h00\u00a0<\/b><a class=\"external\" href=\"https:\/\/drive.google.com\/file\/d\/1opFZzuwpvTzdwbpNZblnt4rYt7JZrY3R\/view\" rel=\"noopener noreferrer\"><b>Ampliando Solu\u00e7\u00f5es Pr\u00e1ticas para Sistemas Agroalimentares Resilientes<\/b><\/a><br \/>\nParceiros globais est\u00e3o intensificando o financiamento clim\u00e1tico destinado a agricultores e \u00e0 restaura\u00e7\u00e3o de terras. O evento apresenta a Iniciativa Estrat\u00e9gica em Agricultura da CCAC (2026\u20132028), com sua Chamada para A\u00e7\u00e3o sobre Fertilizantes, a an\u00e1lise do CRDF para 2025 e o novo apoio alem\u00e3o IM-PACT \u00e0 Parceria FAST.<br \/>\n<strong>Local:<\/strong>\u00a0Sala SE 1 \u2013 S\u00e3o Francisco<\/li>\n<\/ul>\n<ul>\n<li><b>12h30 \u2013 13h30<\/b>\u00a0<a class=\"external\" href=\"https:\/\/drive.google.com\/file\/d\/12mnTj8l1iVmJJRnga-lAurxmfXjlq4DE\/view\" rel=\"noopener noreferrer\"><b>Integrando Mulheres na Luta Contra a Crise Clim\u00e1tica<\/b><\/a><br \/>\nMomento de apresenta\u00e7\u00e3o e debate do Protocolo do Brasil para a Promo\u00e7\u00e3o da Lideran\u00e7a de Mulheres e Meninas em Emerg\u00eancias e Desastres Clim\u00e1ticos, contribui\u00e7\u00e3o essencial para a Agenda de A\u00e7\u00e3o da COP30 e para o Plano de Acelera\u00e7\u00e3o de Solu\u00e7\u00f5es (PAS), com foco na constru\u00e7\u00e3o de uma governan\u00e7a clim\u00e1tica equitativa, inclusiva e sens\u00edvel ao g\u00eanero.<br \/>\n<b>Local:\u00a0<\/b>Sala de A\u00e7\u00e3o 5, Salas Tem\u00e1ticas da Agenda de A\u00e7\u00e3o<\/li>\n<\/ul>\n<ul>\n<li><b>15h00 \u2013 17h00\u00a0<\/b><a class=\"external\" href=\"https:\/\/unfccc.int\/documents\/654508\" rel=\"noopener noreferrer\"><b>COP30 \u2014 Evento de Alto N\u00edvel da A\u00e7\u00e3o Clim\u00e1tica Global: Acelerando a Implementa\u00e7\u00e3o<\/b><\/a><br \/>\nEsta sess\u00e3o de alto n\u00edvel marca a culmin\u00e2ncia da Agenda de A\u00e7\u00e3o Clim\u00e1tica Global na COP30, dando \u00eanfase na transi\u00e7\u00e3o de compromissos para entregas concretas. Espera-se que l\u00edderes anunciem iniciativas fortalecidas e parcerias voltadas \u00e0 implementa\u00e7\u00e3o, capazes de ampliar solu\u00e7\u00f5es clim\u00e1ticas inclusivas e baseadas em ci\u00eancia. O evento far\u00e1 um balan\u00e7o do progresso, refor\u00e7ar\u00e1 a coopera\u00e7\u00e3o internacional e far\u00e1 um chamado coletivo para mutir\u00e3o que assegure que a COP30 gere impactos mensur\u00e1veis para pessoas e comunidades.<br \/>\n<b>Local:<\/b>\u00a0Plen\u00e1ria Tocantins<\/li>\n<\/ul>\n","protected":false},"excerpt":{"rendered":"<p>Foco tem\u00e1tico:\u00a0Agricultura, Sistemas Alimentares e Seguran\u00e7a, Pesca e Agricultura Familiar, Mulheres, G\u00eanero, Afrodescendentes e Turismo; Impulsionar o Futuro dos Sistemas Alimentares<\/p>\n","protected":false},"author":1,"featured_media":0,"comment_status":"closed","ping_status":"open","sticky":false,"template":"","format":"standard","meta":{"_exactmetrics_skip_tracking":false,"_exactmetrics_sitenote_active":false,"_exactmetrics_sitenote_note":"","_exactmetrics_sitenote_category":0,"jetpack_post_was_ever_published":false,"_jetpack_newsletter_access":"","_jetpack_dont_email_post_to_subs":false,"_jetpack_newsletter_tier_id":0,"_jetpack_memberships_contains_paywalled_content":false,"_jetpack_memberships_contains_paid_content":false,"footnotes":"","jetpack_publicize_message":"","jetpack_publicize_feature_enabled":true,"jetpack_social_post_already_shared":true,"jetpack_social_options":{"image_generator_settings":{"template":"highway","enabled":false},"version":2}},"categories":[1],"tags":[],"class_list":["post-37914","post","type-post","status-publish","format-standard","hentry","category-notas"],"jetpack_publicize_connections":[],"jetpack_sharing_enabled":true,"jetpack_featured_media_url":"","jetpack_shortlink":"https:\/\/wp.me\/p7wKYW-9Rw","jetpack-related-posts":[],"_links":{"self":[{"href":"http:\/\/blogdalucianaoliveira.com.br\/blog\/wp-json\/wp\/v2\/posts\/37914","targetHints":{"allow":["GET"]}}],"collection":[{"href":"http:\/\/blogdalucianaoliveira.com.br\/blog\/wp-json\/wp\/v2\/posts"}],"about":[{"href":"http:\/\/blogdalucianaoliveira.com.br\/blog\/wp-json\/wp\/v2\/types\/post"}],"author":[{"embeddable":true,"href":"http:\/\/blogdalucianaoliveira.com.br\/blog\/wp-json\/wp\/v2\/users\/1"}],"replies":[{"embeddable":true,"href":"http:\/\/blogdalucianaoliveira.com.br\/blog\/wp-json\/wp\/v2\/comments?post=37914"}],"version-history":[{"count":2,"href":"http:\/\/blogdalucianaoliveira.com.br\/blog\/wp-json\/wp\/v2\/posts\/37914\/revisions"}],"predecessor-version":[{"id":37916,"href":"http:\/\/blogdalucianaoliveira.com.br\/blog\/wp-json\/wp\/v2\/posts\/37914\/revisions\/37916"}],"wp:attachment":[{"href":"http:\/\/blogdalucianaoliveira.com.br\/blog\/wp-json\/wp\/v2\/media?parent=37914"}],"wp:term":[{"taxonomy":"category","embeddable":true,"href":"http:\/\/blogdalucianaoliveira.com.br\/blog\/wp-json\/wp\/v2\/categories?post=37914"},{"taxonomy":"post_tag","embeddable":true,"href":"http:\/\/blogdalucianaoliveira.com.br\/blog\/wp-json\/wp\/v2\/tags?post=37914"}],"curies":[{"name":"wp","href":"https:\/\/api.w.org\/{rel}","templated":true}]}}