{"id":37917,"date":"2025-11-19T12:25:46","date_gmt":"2025-11-19T16:25:46","guid":{"rendered":"https:\/\/blogdalucianaoliveira.com.br\/blog\/?p=37917"},"modified":"2025-11-19T12:25:46","modified_gmt":"2025-11-19T16:25:46","slug":"ta-pago-claudia-de-jesus-destina-r-293-mil-para-trator-agricola-que-vai-beneficiar-familias-em-alvorada-do-oeste","status":"publish","type":"post","link":"http:\/\/blogdalucianaoliveira.com.br\/blog\/2025\/11\/19\/ta-pago-claudia-de-jesus-destina-r-293-mil-para-trator-agricola-que-vai-beneficiar-familias-em-alvorada-do-oeste\/","title":{"rendered":"T\u00e1 pago: Cl\u00e1udia de Jesus destina R$ 293 mil para trator agr\u00edcola que vai beneficiar fam\u00edlias em Alvorada do Oeste"},"content":{"rendered":"<p>&nbsp;<\/p>\n<p><img data-recalc-dims=\"1\" loading=\"lazy\" decoding=\"async\" data-attachment-id=\"37918\" data-permalink=\"http:\/\/blogdalucianaoliveira.com.br\/blog\/2025\/11\/19\/ta-pago-claudia-de-jesus-destina-r-293-mil-para-trator-agricola-que-vai-beneficiar-familias-em-alvorada-do-oeste\/img_0872\/\" data-orig-file=\"https:\/\/i0.wp.com\/blogdalucianaoliveira.com.br\/blog\/wp-content\/uploads\/2025\/11\/IMG_0872.jpeg?fit=1600%2C1066\" data-orig-size=\"1600,1066\" data-comments-opened=\"0\" data-image-meta=\"{&quot;aperture&quot;:&quot;0&quot;,&quot;credit&quot;:&quot;&quot;,&quot;camera&quot;:&quot;&quot;,&quot;caption&quot;:&quot;&quot;,&quot;created_timestamp&quot;:&quot;0&quot;,&quot;copyright&quot;:&quot;&quot;,&quot;focal_length&quot;:&quot;0&quot;,&quot;iso&quot;:&quot;0&quot;,&quot;shutter_speed&quot;:&quot;0&quot;,&quot;title&quot;:&quot;&quot;,&quot;orientation&quot;:&quot;0&quot;}\" data-image-title=\"IMG_0872\" data-image-description=\"\" data-image-caption=\"\" data-medium-file=\"https:\/\/i0.wp.com\/blogdalucianaoliveira.com.br\/blog\/wp-content\/uploads\/2025\/11\/IMG_0872.jpeg?fit=300%2C200\" data-large-file=\"https:\/\/i0.wp.com\/blogdalucianaoliveira.com.br\/blog\/wp-content\/uploads\/2025\/11\/IMG_0872.jpeg?fit=600%2C400\" class=\"alignnone size-medium wp-image-37918\" src=\"https:\/\/i0.wp.com\/blogdalucianaoliveira.com.br\/blog\/wp-content\/uploads\/2025\/11\/IMG_0872.jpeg?resize=300%2C200\" alt=\"\" width=\"300\" height=\"200\" srcset=\"https:\/\/i0.wp.com\/blogdalucianaoliveira.com.br\/blog\/wp-content\/uploads\/2025\/11\/IMG_0872.jpeg?resize=300%2C200 300w, https:\/\/i0.wp.com\/blogdalucianaoliveira.com.br\/blog\/wp-content\/uploads\/2025\/11\/IMG_0872.jpeg?resize=1024%2C682 1024w, https:\/\/i0.wp.com\/blogdalucianaoliveira.com.br\/blog\/wp-content\/uploads\/2025\/11\/IMG_0872.jpeg?resize=768%2C512 768w, https:\/\/i0.wp.com\/blogdalucianaoliveira.com.br\/blog\/wp-content\/uploads\/2025\/11\/IMG_0872.jpeg?resize=1536%2C1023 1536w, https:\/\/i0.wp.com\/blogdalucianaoliveira.com.br\/blog\/wp-content\/uploads\/2025\/11\/IMG_0872.jpeg?resize=450%2C300 450w, https:\/\/i0.wp.com\/blogdalucianaoliveira.com.br\/blog\/wp-content\/uploads\/2025\/11\/IMG_0872.jpeg?w=1600 1600w, https:\/\/i0.wp.com\/blogdalucianaoliveira.com.br\/blog\/wp-content\/uploads\/2025\/11\/IMG_0872.jpeg?w=1200 1200w\" sizes=\"auto, (max-width: 300px) 100vw, 300px\" \/><\/p>\n<p><strong>Emenda apoiar\u00e1 mais de 50 fam\u00edlias e modernizar\u00e1 o trabalho no campo.<\/strong><!--more-->&#8220;A deputada estadual Cl\u00e1udia de Jesus (PT) destinou R$ 293 mil em emenda parlamentar para a aquisi\u00e7\u00e3o de um trator agr\u00edcola que atender\u00e1 a Associa\u00e7\u00e3o dos Produtores Rurais e Esportistas da Linha T-07 (Asprosete), em Alvorada do Oeste, beneficiando mais de 50 fam\u00edlias agricultoras. A conquista foi resultado de articula\u00e7\u00e3o do ex-vereador Max Altamiro (PT), da Daiane do Sindicato e de Leandro Solto, que levaram \u00e0 deputada as demandas da comunidade.<\/p>\n<p>&#8220;A deputada Cl\u00e1udia de Jesus destacou a import\u00e2ncia da iniciativa para promover autonomia e desenvolvimento no campo. \u201cEsse trator vai transformar a rotina das fam\u00edlias rurais da Linha T-07. \u00c9 uma conquista constru\u00edda junto com a comunidade, que h\u00e1 anos enfrenta dificuldades por falta de maquin\u00e1rio adequado. Nosso mandato segue comprometido com a agricultura familiar e com o fortalecimento das associa\u00e7\u00f5es rurais\u201d, afirmou.<\/p>\n<p>Segundo a associa\u00e7\u00e3o, a falta de maquin\u00e1rio vinha limitando a produtividade e dificultando o escoamento da produ\u00e7\u00e3o. O equipamento ser\u00e1 utilizado de forma coletiva, com agendamento e controle interno, garantindo organiza\u00e7\u00e3o, redu\u00e7\u00e3o de custos e aumento da produtividade.<\/p>\n<p>&#8220;A emenda permitir\u00e1 que a associa\u00e7\u00e3o fortale\u00e7a o preparo do solo, o plantio, a colheita e a log\u00edstica interna das propriedades, modernizando a produ\u00e7\u00e3o agr\u00edcola da regi\u00e3o do distrito Tancred\u00f3polis, onde predominam atividades de caf\u00e9, milho, feij\u00e3o, mandioca, hortali\u00e7as e pecu\u00e1ria leiteira.<\/p>\n","protected":false},"excerpt":{"rendered":"<p>&nbsp; Emenda apoiar\u00e1 mais de 50 fam\u00edlias e modernizar\u00e1 o trabalho no campo.<\/p>\n","protected":false},"author":1,"featured_media":0,"comment_status":"closed","ping_status":"open","sticky":false,"template":"","format":"standard","meta":{"_exactmetrics_skip_tracking":false,"_exactmetrics_sitenote_active":false,"_exactmetrics_sitenote_note":"","_exactmetrics_sitenote_category":0,"jetpack_post_was_ever_published":false,"_jetpack_newsletter_access":"","_jetpack_dont_email_post_to_subs":false,"_jetpack_newsletter_tier_id":0,"_jetpack_memberships_contains_paywalled_content":false,"_jetpack_memberships_contains_paid_content":false,"footnotes":"","jetpack_publicize_message":"","jetpack_publicize_feature_enabled":true,"jetpack_social_post_already_shared":true,"jetpack_social_options":{"image_generator_settings":{"template":"highway","enabled":false},"version":2}},"categories":[1],"tags":[1429,1460],"class_list":["post-37917","post","type-post","status-publish","format-standard","hentry","category-notas","tag-deputada-claudia-de-jesus","tag-trator"],"jetpack_publicize_connections":[],"jetpack_sharing_enabled":true,"jetpack_featured_media_url":"","jetpack_shortlink":"https:\/\/wp.me\/p7wKYW-9Rz","jetpack-related-posts":[],"_links":{"self":[{"href":"http:\/\/blogdalucianaoliveira.com.br\/blog\/wp-json\/wp\/v2\/posts\/37917","targetHints":{"allow":["GET"]}}],"collection":[{"href":"http:\/\/blogdalucianaoliveira.com.br\/blog\/wp-json\/wp\/v2\/posts"}],"about":[{"href":"http:\/\/blogdalucianaoliveira.com.br\/blog\/wp-json\/wp\/v2\/types\/post"}],"author":[{"embeddable":true,"href":"http:\/\/blogdalucianaoliveira.com.br\/blog\/wp-json\/wp\/v2\/users\/1"}],"replies":[{"embeddable":true,"href":"http:\/\/blogdalucianaoliveira.com.br\/blog\/wp-json\/wp\/v2\/comments?post=37917"}],"version-history":[{"count":1,"href":"http:\/\/blogdalucianaoliveira.com.br\/blog\/wp-json\/wp\/v2\/posts\/37917\/revisions"}],"predecessor-version":[{"id":37919,"href":"http:\/\/blogdalucianaoliveira.com.br\/blog\/wp-json\/wp\/v2\/posts\/37917\/revisions\/37919"}],"wp:attachment":[{"href":"http:\/\/blogdalucianaoliveira.com.br\/blog\/wp-json\/wp\/v2\/media?parent=37917"}],"wp:term":[{"taxonomy":"category","embeddable":true,"href":"http:\/\/blogdalucianaoliveira.com.br\/blog\/wp-json\/wp\/v2\/categories?post=37917"},{"taxonomy":"post_tag","embeddable":true,"href":"http:\/\/blogdalucianaoliveira.com.br\/blog\/wp-json\/wp\/v2\/tags?post=37917"}],"curies":[{"name":"wp","href":"https:\/\/api.w.org\/{rel}","templated":true}]}}