{"id":37921,"date":"2025-11-25T16:43:55","date_gmt":"2025-11-25T20:43:55","guid":{"rendered":"https:\/\/blogdalucianaoliveira.com.br\/blog\/?p=37921"},"modified":"2025-11-25T16:43:55","modified_gmt":"2025-11-25T20:43:55","slug":"stf-determina-que-bolsonaro-cumpra-inicio-da-pena-de-27-anos-na-carceragem-da-pf","status":"publish","type":"post","link":"http:\/\/blogdalucianaoliveira.com.br\/blog\/2025\/11\/25\/stf-determina-que-bolsonaro-cumpra-inicio-da-pena-de-27-anos-na-carceragem-da-pf\/","title":{"rendered":"STF determina que Bolsonaro cumpra in\u00edcio da pena de 27 anos na carceragem da PF"},"content":{"rendered":"<p><img data-recalc-dims=\"1\" loading=\"lazy\" decoding=\"async\" data-attachment-id=\"37922\" data-permalink=\"http:\/\/blogdalucianaoliveira.com.br\/blog\/2025\/11\/25\/stf-determina-que-bolsonaro-cumpra-inicio-da-pena-de-27-anos-na-carceragem-da-pf\/img_1292\/\" data-orig-file=\"https:\/\/i0.wp.com\/blogdalucianaoliveira.com.br\/blog\/wp-content\/uploads\/2025\/11\/IMG_1292.webp?fit=500%2C240\" data-orig-size=\"500,240\" data-comments-opened=\"0\" data-image-meta=\"{&quot;aperture&quot;:&quot;0&quot;,&quot;credit&quot;:&quot;&quot;,&quot;camera&quot;:&quot;&quot;,&quot;caption&quot;:&quot;&quot;,&quot;created_timestamp&quot;:&quot;0&quot;,&quot;copyright&quot;:&quot;&quot;,&quot;focal_length&quot;:&quot;0&quot;,&quot;iso&quot;:&quot;0&quot;,&quot;shutter_speed&quot;:&quot;0&quot;,&quot;title&quot;:&quot;&quot;,&quot;orientation&quot;:&quot;0&quot;}\" data-image-title=\"IMG_1292\" data-image-description=\"\" data-image-caption=\"\" data-medium-file=\"https:\/\/i0.wp.com\/blogdalucianaoliveira.com.br\/blog\/wp-content\/uploads\/2025\/11\/IMG_1292.webp?fit=300%2C144\" data-large-file=\"https:\/\/i0.wp.com\/blogdalucianaoliveira.com.br\/blog\/wp-content\/uploads\/2025\/11\/IMG_1292.webp?fit=500%2C240\" class=\"alignnone size-medium wp-image-37922\" src=\"https:\/\/i0.wp.com\/blogdalucianaoliveira.com.br\/blog\/wp-content\/uploads\/2025\/11\/IMG_1292.webp?resize=300%2C144\" alt=\"\" width=\"300\" height=\"144\" srcset=\"https:\/\/i0.wp.com\/blogdalucianaoliveira.com.br\/blog\/wp-content\/uploads\/2025\/11\/IMG_1292.webp?resize=300%2C144 300w, https:\/\/i0.wp.com\/blogdalucianaoliveira.com.br\/blog\/wp-content\/uploads\/2025\/11\/IMG_1292.webp?w=500 500w\" sizes=\"auto, (max-width: 300px) 100vw, 300px\" \/><\/p>\n<h2 class=\"article__lead\">Ex-mandat\u00e1rio cumprir\u00e1 o in\u00edcio da pena imposta pelo STF por tramar um golpe de Estado na carceragem da PF em Bras\u00edlia<\/h2>\n<p><!--more--><b>247 &#8211; <\/b>O Supremo Tribunal Federal (STF) decidiu nesta ter\u00e7a-feira (25) que Jair Bolsonaro (PL) permanecer\u00e1 custodiado na Superintend\u00eancia da Pol\u00edcia Federal (PF) em Bras\u00edlia, onde j\u00e1 estava detido desde a pris\u00e3o preventiva. O STF reconheceu o encerramento do processo da trama golpista e consolidou a execu\u00e7\u00e3o da condena\u00e7\u00e3o, fixada em 27 anos e tr\u00eas meses. Antes de ser levado \u00e0 PF, Bolsonaro cumpria pris\u00e3o domiciliar preventiva em um condom\u00ednio no Jardim Bot\u00e2nico, na capital federal. As informa\u00e7\u00f5es s\u00e3o do jornal <a href=\"https:\/\/oglobo.globo.com\/politica\/noticia\/2025\/11\/25\/bolsonaro-permanece-na-carceragem-da-pf-para-o-cumprimento-da-pena.ghtml\" target=\"_blank\" rel=\"noopener noreferrer nofollow\">O Globo<\/a>.<\/p>\n<h2>Corte rejeita transfer\u00eancia e mant\u00e9m local de cust\u00f3dia<\/h2>\n<p>As especula\u00e7\u00f5es sobre uma poss\u00edvel transfer\u00eancia para o Complexo Penitenci\u00e1rio da Papuda foram descartadas. Aliados chegaram a levantar essa possibilidade, mas o Supremo optou por preservar o regime atual devido \u00e0s prerrogativas legais destinadas a ex-presidentes da Rep\u00fablica.<\/p>\n<h2>Estrutura da cela e condi\u00e7\u00f5es especiais<\/h2>\n<p>O espa\u00e7o onde Bolsonaro permanece detido passou por reforma recente. A sala tem 12 metros quadrados e segue o padr\u00e3o de sala de Estado-Maior, previsto na legisla\u00e7\u00e3o para garantir seguran\u00e7a e integridade de autoridades com prerrogativa de fun\u00e7\u00e3o.<\/p>\n<p>O ambiente inclui banheiro privativo, cama, escrivaninha, arm\u00e1rio, ar-condicionado, televis\u00e3o, frigobar e cadeira. O padr\u00e3o \u00e9 semelhante ao da sala onde o presidente Luiz In\u00e1cio Lula da Silva (PT) esteve preso na Superintend\u00eancia da PF em Curitiba, em per\u00edodo cuja condena\u00e7\u00e3o foi posteriormente anulada pelo pr\u00f3prio STF. Michel Temer tamb\u00e9m chegou a ficar detido em uma unidade da PF no Rio de Janeiro por quatro dias, ap\u00f3s ser preso na Opera\u00e7\u00e3o Descontamina\u00e7\u00e3o, desdobramento da Lava-Jato.<\/p>\n<h2>Prerrogativas previstas pela legisla\u00e7\u00e3o brasileira<\/h2>\n<p>A lei estipula que ex-presidentes t\u00eam direito a instala\u00e7\u00f5es compat\u00edveis com sua fun\u00e7\u00e3o anterior, assegurando condi\u00e7\u00f5es diferenciadas e prote\u00e7\u00e3o f\u00edsica. A perman\u00eancia de Bolsonaro na sede da Pol\u00edcia Federal cumpre esse dispositivo, evitando sua ida para unidades do sistema penitenci\u00e1rio comum.<\/p>\n","protected":false},"excerpt":{"rendered":"<p>Ex-mandat\u00e1rio cumprir\u00e1 o in\u00edcio da pena imposta pelo STF por tramar um golpe de Estado na carceragem da PF em Bras\u00edlia<\/p>\n","protected":false},"author":1,"featured_media":0,"comment_status":"closed","ping_status":"open","sticky":false,"template":"","format":"standard","meta":{"_exactmetrics_skip_tracking":false,"_exactmetrics_sitenote_active":false,"_exactmetrics_sitenote_note":"","_exactmetrics_sitenote_category":0,"jetpack_post_was_ever_published":false,"_jetpack_newsletter_access":"","_jetpack_dont_email_post_to_subs":false,"_jetpack_newsletter_tier_id":0,"_jetpack_memberships_contains_paywalled_content":false,"_jetpack_memberships_contains_paid_content":false,"footnotes":"","jetpack_publicize_message":"","jetpack_publicize_feature_enabled":true,"jetpack_social_post_already_shared":true,"jetpack_social_options":{"image_generator_settings":{"template":"highway","enabled":false},"version":2}},"categories":[1],"tags":[53,449,124],"class_list":["post-37921","post","type-post","status-publish","format-standard","hentry","category-notas","tag-bolsonaro","tag-militares","tag-preso"],"jetpack_publicize_connections":[],"jetpack_sharing_enabled":true,"jetpack_featured_media_url":"","jetpack_shortlink":"https:\/\/wp.me\/p7wKYW-9RD","jetpack-related-posts":[],"_links":{"self":[{"href":"http:\/\/blogdalucianaoliveira.com.br\/blog\/wp-json\/wp\/v2\/posts\/37921","targetHints":{"allow":["GET"]}}],"collection":[{"href":"http:\/\/blogdalucianaoliveira.com.br\/blog\/wp-json\/wp\/v2\/posts"}],"about":[{"href":"http:\/\/blogdalucianaoliveira.com.br\/blog\/wp-json\/wp\/v2\/types\/post"}],"author":[{"embeddable":true,"href":"http:\/\/blogdalucianaoliveira.com.br\/blog\/wp-json\/wp\/v2\/users\/1"}],"replies":[{"embeddable":true,"href":"http:\/\/blogdalucianaoliveira.com.br\/blog\/wp-json\/wp\/v2\/comments?post=37921"}],"version-history":[{"count":1,"href":"http:\/\/blogdalucianaoliveira.com.br\/blog\/wp-json\/wp\/v2\/posts\/37921\/revisions"}],"predecessor-version":[{"id":37923,"href":"http:\/\/blogdalucianaoliveira.com.br\/blog\/wp-json\/wp\/v2\/posts\/37921\/revisions\/37923"}],"wp:attachment":[{"href":"http:\/\/blogdalucianaoliveira.com.br\/blog\/wp-json\/wp\/v2\/media?parent=37921"}],"wp:term":[{"taxonomy":"category","embeddable":true,"href":"http:\/\/blogdalucianaoliveira.com.br\/blog\/wp-json\/wp\/v2\/categories?post=37921"},{"taxonomy":"post_tag","embeddable":true,"href":"http:\/\/blogdalucianaoliveira.com.br\/blog\/wp-json\/wp\/v2\/tags?post=37921"}],"curies":[{"name":"wp","href":"https:\/\/api.w.org\/{rel}","templated":true}]}}