{"id":37924,"date":"2025-11-25T16:45:54","date_gmt":"2025-11-25T20:45:54","guid":{"rendered":"https:\/\/blogdalucianaoliveira.com.br\/blog\/?p=37924"},"modified":"2025-11-25T16:45:54","modified_gmt":"2025-11-25T20:45:54","slug":"heleno-e-paulo-sergio-nogueira-sao-presos-apos-condenacao-pela-tentativa-de-golpe","status":"publish","type":"post","link":"http:\/\/blogdalucianaoliveira.com.br\/blog\/2025\/11\/25\/heleno-e-paulo-sergio-nogueira-sao-presos-apos-condenacao-pela-tentativa-de-golpe\/","title":{"rendered":"Heleno e Paulo S\u00e9rgio Nogueira s\u00e3o presos ap\u00f3s condena\u00e7\u00e3o pela tentativa de golpe"},"content":{"rendered":"<p><img data-recalc-dims=\"1\" loading=\"lazy\" decoding=\"async\" data-attachment-id=\"37925\" data-permalink=\"http:\/\/blogdalucianaoliveira.com.br\/blog\/2025\/11\/25\/heleno-e-paulo-sergio-nogueira-sao-presos-apos-condenacao-pela-tentativa-de-golpe\/img_1293\/\" data-orig-file=\"https:\/\/i0.wp.com\/blogdalucianaoliveira.com.br\/blog\/wp-content\/uploads\/2025\/11\/IMG_1293.webp?fit=500%2C240\" data-orig-size=\"500,240\" data-comments-opened=\"0\" data-image-meta=\"{&quot;aperture&quot;:&quot;0&quot;,&quot;credit&quot;:&quot;&quot;,&quot;camera&quot;:&quot;&quot;,&quot;caption&quot;:&quot;&quot;,&quot;created_timestamp&quot;:&quot;0&quot;,&quot;copyright&quot;:&quot;&quot;,&quot;focal_length&quot;:&quot;0&quot;,&quot;iso&quot;:&quot;0&quot;,&quot;shutter_speed&quot;:&quot;0&quot;,&quot;title&quot;:&quot;&quot;,&quot;orientation&quot;:&quot;0&quot;}\" data-image-title=\"IMG_1293\" data-image-description=\"\" data-image-caption=\"\" data-medium-file=\"https:\/\/i0.wp.com\/blogdalucianaoliveira.com.br\/blog\/wp-content\/uploads\/2025\/11\/IMG_1293.webp?fit=300%2C144\" data-large-file=\"https:\/\/i0.wp.com\/blogdalucianaoliveira.com.br\/blog\/wp-content\/uploads\/2025\/11\/IMG_1293.webp?fit=500%2C240\" class=\"alignnone size-medium wp-image-37925\" src=\"https:\/\/i0.wp.com\/blogdalucianaoliveira.com.br\/blog\/wp-content\/uploads\/2025\/11\/IMG_1293.webp?resize=300%2C144\" alt=\"\" width=\"300\" height=\"144\" srcset=\"https:\/\/i0.wp.com\/blogdalucianaoliveira.com.br\/blog\/wp-content\/uploads\/2025\/11\/IMG_1293.webp?resize=300%2C144 300w, https:\/\/i0.wp.com\/blogdalucianaoliveira.com.br\/blog\/wp-content\/uploads\/2025\/11\/IMG_1293.webp?w=500 500w\" sizes=\"auto, (max-width: 300px) 100vw, 300px\" \/><\/p>\n<h2 class=\"article__lead\">Heleno foi condenado a 21 anos e Paulo S\u00e9rgio Nogueira a 19 anos no caso da trama golpista<\/h2>\n<p><!--more--><b>247 &#8211; <\/b>Os ex-ministros do governo anterior Augusto Heleno e Paulo S\u00e9rgio Nogueira foram levados para o Comando Militar do Planalto, informou a <a href=\"https:\/\/www.cnnbrasil.com.br\/blogs\/jussara-soares\/politica\/heleno-e-sergio-nogueira-sao-levados-para-comando-militar-do-planalto\/\" target=\"_blank\" rel=\"noopener noreferrer nofollow\">CNN Brasil<\/a> na tarde desta ter\u00e7a-feira (25).<\/p>\n<p>Heleno, ex-ministro do Gabinete de Seguran\u00e7a Institucional (GSI), foi condenado a 21 anos no caso da trama golpista. Nogueira, ex-ministro da Defesa, recebeu uma pena de 19 anos.<br \/>\nAs condena\u00e7\u00f5es envolvem os crimes de tentativa de aboli\u00e7\u00e3o violenta do Estado Democr\u00e1tico de Direito, golpe de Estado, participa\u00e7\u00e3o em organiza\u00e7\u00e3o criminosa armada, dano qualificado e deteriora\u00e7\u00e3o de patrim\u00f4nio tombado.<\/p>\n","protected":false},"excerpt":{"rendered":"<p>Heleno foi condenado a 21 anos e Paulo S\u00e9rgio Nogueira a 19 anos no caso da trama golpista<\/p>\n","protected":false},"author":1,"featured_media":0,"comment_status":"closed","ping_status":"open","sticky":false,"template":"","format":"standard","meta":{"_exactmetrics_skip_tracking":false,"_exactmetrics_sitenote_active":false,"_exactmetrics_sitenote_note":"","_exactmetrics_sitenote_category":0,"jetpack_post_was_ever_published":false,"_jetpack_newsletter_access":"","_jetpack_dont_email_post_to_subs":false,"_jetpack_newsletter_tier_id":0,"_jetpack_memberships_contains_paywalled_content":false,"_jetpack_memberships_contains_paid_content":false,"footnotes":"","jetpack_publicize_message":"","jetpack_publicize_feature_enabled":true,"jetpack_social_post_already_shared":true,"jetpack_social_options":{"image_generator_settings":{"template":"highway","enabled":false},"version":2}},"categories":[1],"tags":[1579,449,1290],"class_list":["post-37924","post","type-post","status-publish","format-standard","hentry","category-notas","tag-generais","tag-militares","tag-presos"],"jetpack_publicize_connections":[],"jetpack_sharing_enabled":true,"jetpack_featured_media_url":"","jetpack_shortlink":"https:\/\/wp.me\/p7wKYW-9RG","jetpack-related-posts":[],"_links":{"self":[{"href":"http:\/\/blogdalucianaoliveira.com.br\/blog\/wp-json\/wp\/v2\/posts\/37924","targetHints":{"allow":["GET"]}}],"collection":[{"href":"http:\/\/blogdalucianaoliveira.com.br\/blog\/wp-json\/wp\/v2\/posts"}],"about":[{"href":"http:\/\/blogdalucianaoliveira.com.br\/blog\/wp-json\/wp\/v2\/types\/post"}],"author":[{"embeddable":true,"href":"http:\/\/blogdalucianaoliveira.com.br\/blog\/wp-json\/wp\/v2\/users\/1"}],"replies":[{"embeddable":true,"href":"http:\/\/blogdalucianaoliveira.com.br\/blog\/wp-json\/wp\/v2\/comments?post=37924"}],"version-history":[{"count":1,"href":"http:\/\/blogdalucianaoliveira.com.br\/blog\/wp-json\/wp\/v2\/posts\/37924\/revisions"}],"predecessor-version":[{"id":37926,"href":"http:\/\/blogdalucianaoliveira.com.br\/blog\/wp-json\/wp\/v2\/posts\/37924\/revisions\/37926"}],"wp:attachment":[{"href":"http:\/\/blogdalucianaoliveira.com.br\/blog\/wp-json\/wp\/v2\/media?parent=37924"}],"wp:term":[{"taxonomy":"category","embeddable":true,"href":"http:\/\/blogdalucianaoliveira.com.br\/blog\/wp-json\/wp\/v2\/categories?post=37924"},{"taxonomy":"post_tag","embeddable":true,"href":"http:\/\/blogdalucianaoliveira.com.br\/blog\/wp-json\/wp\/v2\/tags?post=37924"}],"curies":[{"name":"wp","href":"https:\/\/api.w.org\/{rel}","templated":true}]}}