{"id":37927,"date":"2025-11-25T16:59:11","date_gmt":"2025-11-25T20:59:11","guid":{"rendered":"https:\/\/blogdalucianaoliveira.com.br\/blog\/?p=37927"},"modified":"2025-11-25T16:59:11","modified_gmt":"2025-11-25T20:59:11","slug":"moraes-ordena-perda-de-mandato-de-ramagem-rito-ainda-nao-foi-definido","status":"publish","type":"post","link":"http:\/\/blogdalucianaoliveira.com.br\/blog\/2025\/11\/25\/moraes-ordena-perda-de-mandato-de-ramagem-rito-ainda-nao-foi-definido\/","title":{"rendered":"Moraes ordena perda de mandato de Ramagem; rito ainda n\u00e3o foi definido"},"content":{"rendered":"<p><img data-recalc-dims=\"1\" loading=\"lazy\" decoding=\"async\" data-attachment-id=\"37928\" data-permalink=\"http:\/\/blogdalucianaoliveira.com.br\/blog\/2025\/11\/25\/moraes-ordena-perda-de-mandato-de-ramagem-rito-ainda-nao-foi-definido\/img_1296\/\" data-orig-file=\"https:\/\/i0.wp.com\/blogdalucianaoliveira.com.br\/blog\/wp-content\/uploads\/2025\/11\/IMG_1296.jpeg?fit=1133%2C937\" data-orig-size=\"1133,937\" data-comments-opened=\"0\" data-image-meta=\"{&quot;aperture&quot;:&quot;0&quot;,&quot;credit&quot;:&quot;&quot;,&quot;camera&quot;:&quot;&quot;,&quot;caption&quot;:&quot;&quot;,&quot;created_timestamp&quot;:&quot;0&quot;,&quot;copyright&quot;:&quot;&quot;,&quot;focal_length&quot;:&quot;0&quot;,&quot;iso&quot;:&quot;0&quot;,&quot;shutter_speed&quot;:&quot;0&quot;,&quot;title&quot;:&quot;&quot;,&quot;orientation&quot;:&quot;1&quot;}\" data-image-title=\"IMG_1296\" data-image-description=\"\" data-image-caption=\"\" data-medium-file=\"https:\/\/i0.wp.com\/blogdalucianaoliveira.com.br\/blog\/wp-content\/uploads\/2025\/11\/IMG_1296.jpeg?fit=300%2C248\" data-large-file=\"https:\/\/i0.wp.com\/blogdalucianaoliveira.com.br\/blog\/wp-content\/uploads\/2025\/11\/IMG_1296.jpeg?fit=600%2C496\" class=\"alignnone size-medium wp-image-37928\" src=\"https:\/\/i0.wp.com\/blogdalucianaoliveira.com.br\/blog\/wp-content\/uploads\/2025\/11\/IMG_1296.jpeg?resize=300%2C248\" alt=\"\" width=\"300\" height=\"248\" srcset=\"https:\/\/i0.wp.com\/blogdalucianaoliveira.com.br\/blog\/wp-content\/uploads\/2025\/11\/IMG_1296.jpeg?resize=300%2C248 300w, https:\/\/i0.wp.com\/blogdalucianaoliveira.com.br\/blog\/wp-content\/uploads\/2025\/11\/IMG_1296.jpeg?resize=1024%2C847 1024w, https:\/\/i0.wp.com\/blogdalucianaoliveira.com.br\/blog\/wp-content\/uploads\/2025\/11\/IMG_1296.jpeg?resize=768%2C635 768w, https:\/\/i0.wp.com\/blogdalucianaoliveira.com.br\/blog\/wp-content\/uploads\/2025\/11\/IMG_1296.jpeg?resize=363%2C300 363w, https:\/\/i0.wp.com\/blogdalucianaoliveira.com.br\/blog\/wp-content\/uploads\/2025\/11\/IMG_1296.jpeg?w=1133 1133w\" sizes=\"auto, (max-width: 300px) 100vw, 300px\" \/><\/p>\n<div class=\"row content-head mc-column non-featured \">\n<div class=\"medium-centered subtitle\">\n<h2 class=\"content-head__subtitle\">Deputado fugiu do Brasil antes da senten\u00e7a na trama golpista. Parlamentar conseguiu atestado de &#8216;ansiedade generalizada&#8217; e usou brechas para continuar votando no exterior.<\/h2>\n<\/div>\n<\/div>\n<p><!--more--><\/p>\n<div class=\"content__signa-share mc-column\">\n<div class=\"content__signature\">\n<div class=\"content-publication-data\">\n<div class=\"content-publication-data__text\">\n<p class=\"content-publication-data__from\" title=\"Kevin Lima, M\u00e1rcio Falc\u00e3o\">Por <a class=\"multi_signatures\" href=\"https:\/\/g1.globo.com\/autores\/kevin-lima\/\">Kevin Lima<\/a>, <a class=\"multi_signatures\" href=\"https:\/\/g1.globo.com\/autores\/marcio-falcao\/\">M\u00e1rcio Falc\u00e3o<\/a>, g1 e TV Globo &#8211;<\/p>\n<div id=\"chunk-ch8dp\">\n<div class=\"mc-column content-text active-extra-styles \" data-block-type=\"unstyled\" data-block-weight=\"26\" data-block-id=\"4\">\n<p class=\" content-text__container \" data-track-category=\"Link no Texto\" data-track-links=\"\">O ministro Alexandre de Moraes, do Supremo Tribunal Federal (STF), determinou nesta ter\u00e7a-feira (25) que a C\u00e2mara dos Deputados casse o mandato de Alexandre Ramagem (PL-RJ).<\/p>\n<\/div>\n<\/div>\n<div class=\"wall protected-content\">\n<div id=\"chunk-1c7pk\">\n<div class=\"mc-column content-text active-extra-styles \" data-block-type=\"unstyled\" data-block-weight=\"36\" data-block-id=\"5\">\n<p class=\" content-text__container \" data-track-category=\"Link no Texto\" data-track-links=\"\">A decis\u00e3o de Moraes <a class=\"\" href=\"https:\/\/g1.globo.com\/politica\/noticia\/2025\/11\/25\/moraes-decreta-cumprimento-de-pena-de-bolsonaro.ghtml\">sentencia definitivamente Ramagem<\/a> a cumprir as penas por tentativa de golpe de Estado. Al\u00e9m da perda do mandato e dos direitos pol\u00edticos, ele tamb\u00e9m foi condenado a 16 anos de pris\u00e3o.<\/p>\n<\/div>\n<\/div>\n<div id=\"chunk-2vhrq\">\n<div class=\"mc-column content-text active-extra-styles \" data-block-type=\"unstyled\" data-block-weight=\"20\" data-block-id=\"6\">\n<p class=\" content-text__container \" data-track-category=\"Link no Texto\" data-track-links=\"\">Moraes determinou tamb\u00e9m a pris\u00e3o dos demais condenados do n\u00facleo crucial do golpe, entre eles o ex-presidente Jair Bolsonaro.<\/p>\n<\/div>\n<\/div>\n<div id=\"chunk-ahtp7\">\n<div class=\"mc-column content-text active-extra-styles \" data-block-type=\"unstyled\" data-block-weight=\"44\" data-block-id=\"7\">\n<p class=\" content-text__container \" data-track-category=\"Link no Texto\" data-track-links=\"\">Alexandre Ramagem deixou o pa\u00eds, segundo interlocutores da Pol\u00edcia Federal, antes da conclus\u00e3o do julgamento da trama golpista no Supremo. Ex-diretor-geral da Ag\u00eancia Brasileira de Intelig\u00eancia (Abin), ele desembarcou nos Estados Unidos na segunda semana de setembro, per\u00edodo em que a Corte o condenou.<\/p>\n<\/div>\n<\/div>\n<div id=\"chunk-dr1sr\">\n<div class=\"mc-column content-text active-extra-styles \" data-block-type=\"unstyled\" data-block-weight=\"36\" data-block-id=\"8\">\n<p class=\" content-text__container \" data-track-category=\"Link no Texto\" data-track-links=\"\">A ordem de Alexandre de Moraes para cassar Ramagem e tornar a condena\u00e7\u00e3o definitiva ser\u00e1 submetida a referendo dos ministros da Primeira Turma do STF. O rito para a cassa\u00e7\u00e3o do parlamentar ainda n\u00e3o foi definido.<\/p>\n<\/div>\n<\/div>\n<div id=\"chunk-9gdbj\">\n<div class=\"mc-column content-text active-extra-styles \" data-block-type=\"unstyled\" data-block-weight=\"52\" data-block-id=\"9\">\n<p class=\" content-text__container \" data-track-category=\"Link no Texto\" data-track-links=\"\">Pela decis\u00e3o de Moraes, a perda do mandato deve ser decretada de of\u00edcio pela Mesa Diretora da C\u00e2mara. O entendimento do ministro \u00e9 que o cumprimento da pena em regime fechado impede a presen\u00e7a de Ramagem na Casa, o que levaria o parlamentar a registrar faltas acima do limite permitido pela Constitui\u00e7\u00e3o.<\/p>\n<\/div>\n<\/div>\n<div id=\"chunk-944se\">\n<div class=\"mc-column\" data-block-type=\"ads\" data-block-id=\"10\">\n<div id=\"content-ads-banner_materia2\" class=\"content-ads content-ads--regular content-ads--smart-size\">\n<div id=\"banner_materia2\" class=\"tag-manager-publicidade-container tag-manager-publicidade-banner_materia2 tag-manager-publicidade-container--carregado tag-manager-publicidade-container--visivel\" data-google-query-id=\"COPU14qYjpEDFb8BHgAdYX8lvg\">\n<div id=\"chunk-avc0i\">\n<div class=\"mc-column content-text active-extra-styles \" data-block-type=\"unstyled\" data-block-weight=\"29\" data-block-id=\"12\">\n<p class=\" content-text__container \" data-track-category=\"Link no Texto\" data-track-links=\"\">Decis\u00e3o semelhante foi emitida pelo STF contra a deputada Carla Zambelli (PL-SP), que tamb\u00e9m fugiu do Brasil e pode ser extraditada da It\u00e1lia a pedido do governo brasileiro.<\/p>\n<\/div>\n<\/div>\n<div id=\"chunk-6g7b3\">\n<div class=\"mc-column content-text active-extra-styles \" data-block-type=\"unstyled\" data-block-weight=\"34\" data-block-id=\"13\">\n<p class=\" content-text__container \" data-track-category=\"Link no Texto\" data-track-links=\"\">Na ocasi\u00e3o, no entanto, o presidente da C\u00e2mara, Hugo Motta (Republicanos-PB), decidiu ignorar a ordem de Moraes contra Zambelli e adotar um outro rito para a declara\u00e7\u00e3o da perda do mandato da parlamentar.<\/p>\n<\/div>\n<\/div>\n<div id=\"chunk-9uo42\">\n<div class=\"mc-column content-text active-extra-styles \" data-block-type=\"unstyled\" data-block-weight=\"54\" data-block-id=\"14\">\n<p class=\" content-text__container \" data-track-category=\"Link no Texto\" data-track-links=\"\">Quando um parlamentar sofre uma condena\u00e7\u00e3o criminal definitiva \u2014 o chamado &#8220;tr\u00e2nsito em julgado&#8221;, como \u00e9 o caso de Zambelli e de Ramagem \u2014, a an\u00e1lise da perda de mandato come\u00e7a pela Comiss\u00e3o de Constitui\u00e7\u00e3o e Justi\u00e7a (CCJ) e \u00e9 avaliada pelo plen\u00e1rio da C\u00e2mara, que pode concordar ou n\u00e3o com a ordem judicial.<\/p>\n<div id=\"chunk-fg7bc\">\n<div class=\"mc-column content-text active-extra-styles \" data-block-type=\"unstyled\" data-block-weight=\"32\" data-block-id=\"16\">\n<p class=\" content-text__container \" data-track-category=\"Link no Texto\" data-track-links=\"\">Os dois ritos, segundo t\u00e9cnicos da Casa, s\u00e3o poss\u00edveis. A decis\u00e3o sobre qual dever\u00e1 ser seguido depender\u00e1 de Hugo Motta, a quem caber\u00e1 despachar e definir o destino da comunica\u00e7\u00e3o do Supremo.<\/p>\n<\/div>\n<\/div>\n<div id=\"chunk-4ot52\">\n<div class=\"mc-column content-text active-extra-styles\" data-block-type=\"raw\" data-block-weight=\"10\" data-block-id=\"17\">\n<p class=\"content-text__container\">\n<div class=\"content-intertitle\">\n<h2>Fuga do Brasil, burla \u00e0s regras da C\u00e2mara e atestados<\/h2>\n<\/div>\n<p>&nbsp;<\/p>\n<\/div>\n<\/div>\n<div id=\"chunk-e60bo\">\n<div class=\"mc-column content-text active-extra-styles \" data-block-type=\"unstyled\" data-block-weight=\"33\" data-block-id=\"18\">\n<p class=\" content-text__container \" data-track-category=\"Link no Texto\" data-track-links=\"\">Antes de ser condenado pelo STF, Alexandre Ramagem deixou o Brasil em dire\u00e7\u00e3o aos Estados Unidos. Para a Pol\u00edcia Federal, a sa\u00edda foi clandestina e teve como objetivo burlar eventual condena\u00e7\u00e3o da Corte.<\/p>\n<\/div>\n<\/div>\n<div id=\"chunk-c54m\">\n<div class=\"mc-column content-text active-extra-styles \" data-block-type=\"unstyled\" data-block-weight=\"41\" data-block-id=\"19\">\n<p class=\" content-text__container \" data-track-category=\"Link no Texto\" data-track-links=\"\">Segundo investigadores da PF, Ramagem teria viajado para Boa Vista (RR) e embarcado rumo aos EUA por algum pa\u00eds da Am\u00e9rica Latina. A movimenta\u00e7\u00e3o ocorreu na segunda semana de setembro, per\u00edodo em que o STF concluiu o julgamento da trama golpista.<\/p>\n<\/div>\n<\/div>\n<div id=\"chunk-2v7c7\">\n<div class=\"mc-column content-text active-extra-styles \" data-block-type=\"unstyled\" data-block-weight=\"40\" data-block-id=\"20\">\n<p class=\" content-text__container \" data-track-category=\"Link no Texto\" data-track-links=\"\">Desde a sa\u00edda do pa\u00eds, Alexandre Ramagem apresentou atestados \u00e0 C\u00e2mara dos Deputados para continuar a exercer o mandato de forma remota. Utilizando-se de brechas na Casa e sem comunicar que havia deixado o territ\u00f3rio nacional, Ramagem continuou a votar.<\/p>\n<\/div>\n<\/div>\n<div id=\"chunk-97os8\">\n<div class=\"mc-column content-text active-extra-styles \" data-block-type=\"unstyled\" data-block-weight=\"30\" data-block-id=\"21\">\n<p class=\" content-text__container \" data-track-category=\"Link no Texto\" data-track-links=\"\">Parlamentares do partido do ex-diretor da Abin afirmam que ele agiu de forma &#8220;sorrateira&#8221;, chegando a mandar mensagens e a dar a entender que, no per\u00edodo, ele estava no Brasil.<\/p>\n<\/div>\n<\/div>\n<div id=\"chunk-7t6i\">\n<div class=\"mc-column content-text active-extra-styles \" data-block-type=\"unstyled\" data-block-weight=\"36\" data-block-id=\"22\">\n<p class=\" content-text__container \" data-track-category=\"Link no Texto\" data-track-links=\"\">De acordo com relatos, Hugo Motta disse ter sido pego de surpresa com a informa\u00e7\u00e3o de que Ramagem estava fora do pa\u00eds e exercendo o mandato \u2014 de forma irregular, na avalia\u00e7\u00e3o de t\u00e9cnicos da C\u00e2mara.<\/p>\n<\/div>\n<\/div>\n<div id=\"chunk-6028u\">\n<div class=\"mc-column\" data-block-type=\"ads\" data-block-id=\"23\">\n<div class=\"content-ads content-ads--regular content-ads--smart-size\">\n<div id=\"banner_materia__5275d9c8-5438-48b0-a2bb-cb1433a490e5\" class=\"tag-manager-publicidade-container tag-manager-publicidade-banner_materia__5275d9c8-5438-48b0-a2bb-cb1433a490e5 tag-manager-publicidade-container--carregado tag-manager-publicidade-container--visivel\" data-google-query-id=\"CInz4KGYjpEDFTOEYQYdpGQQOw\">\n<div id=\"chunk-37e8q\">\n<div class=\"mc-column content-text active-extra-styles \" data-block-type=\"unstyled\" data-block-weight=\"20\" data-block-id=\"24\">\n<p class=\" content-text__container \" data-track-category=\"Link no Texto\" data-track-links=\"\">T\u00e9cnicos da Casa avaliam que Ramagem pode ter burlado as regras internas no per\u00edodo em que esteve fora do pa\u00eds<\/p>\n<\/div>\n<\/div>\n<div id=\"chunk-9d7oj\">\n<div class=\"mc-column content-text active-extra-styles \" data-block-type=\"unstyled\" data-block-weight=\"33\" data-block-id=\"25\">\n<p class=\" content-text__container \" data-track-category=\"Link no Texto\" data-track-links=\"\">Normas que tratam do registro de presen\u00e7a e da habilita\u00e7\u00e3o para vota\u00e7\u00e3o remota dizem que a possibilidade \u00e9 liberada apenas para parlamentares que apresentam um requerimento formal de licen\u00e7a para tratamento de sa\u00fade.<\/p>\n<\/div>\n<\/div>\n<div id=\"chunk-48ugn\">\n<div class=\"mc-column content-text active-extra-styles \" data-block-type=\"unstyled\" data-block-weight=\"39\" data-block-id=\"26\">\n<p class=\" content-text__container \" data-track-category=\"Link no Texto\" data-track-links=\"\">Segundo a C\u00e2mara, Alexandre Ramagem entregou dois atestados de sa\u00fade dizendo que ele precisava se afastar. Para t\u00e9cnicos ouvidos pelo g1, esse tipo de documento serviria como uma justificativa para abonar aus\u00eancias, e n\u00e3o deveria liberar a vota\u00e7\u00e3o remota.<\/p>\n<\/div>\n<\/div>\n<div id=\"chunk-a981v\">\n<div class=\"mc-column content-text active-extra-styles \" data-block-type=\"unstyled\" data-block-weight=\"35\" data-block-id=\"27\">\n<p class=\" content-text__container \" data-track-category=\"Link no Texto\" data-track-links=\"\">Em 9 de setembro, data que a C\u00e2mara aponta como a entrega do primeiro atestado de Ramagem, o parlamentar foi atendido por uma m\u00e9dica psiquiatra no Rio de Janeiro e foi diagnosticado com &#8220;ansiedade generalizada&#8221;.<\/p>\n<\/div>\n<\/div>\n<div id=\"chunk-ef6q3\">\n<div class=\"mc-column content-text active-extra-styles \" data-block-type=\"unstyled\" data-block-weight=\"49\" data-block-id=\"28\">\n<p class=\" content-text__container \" data-track-category=\"Link no Texto\" data-track-links=\"\">No documento, a m\u00e9dica Maria Jo\u00e3o Noronha afirma que ele precisava de 30 dias de afastamento. O atestado foi anexado pela esposa de Ramagem, que tamb\u00e9m viajou para os EUA, em um processo no qual ela tenta obter, na Justi\u00e7a do Rio de Janeiro, o ressarcimento de passagens a\u00e9reas.<\/p>\n<\/div>\n<\/div>\n<div id=\"chunk-ad12i\">\n<div class=\"mc-column content-text active-extra-styles \" data-block-type=\"unstyled\" data-block-weight=\"45\" data-block-id=\"29\">\n<p class=\" content-text__container \" data-track-category=\"Link no Texto\" data-track-links=\"\">L\u00edderes partid\u00e1rios aliados do presidente da C\u00e2mara, Hugo Motta, afirmaram ao g1 que ele disse que a Casa analisar\u00e1 eventual burla de Ramagem \u00e0s regras da C\u00e2mara. Eventual registro indevido de presen\u00e7a poder\u00e1 levar, inicialmente, \u00e0 responsabiliza\u00e7\u00e3o administrativa, como a cobran\u00e7a dos dias informados indevidamente.<\/p>\n<div id=\"chunk-aaucc\">\n<div class=\"mc-column content-text active-extra-styles \" data-block-type=\"unstyled\" data-block-weight=\"43\" data-block-id=\"31\">\n<p class=\" content-text__container \" data-track-category=\"Link no Texto\" data-track-links=\"\">Procurada, a C\u00e2mara n\u00e3o informou se o teor do atestado \u00e9 o mesmo apresentado \u00e0 Casa. Tamb\u00e9m n\u00e3o se manifestou sobre os motivos que levaram \u00e0 autoriza\u00e7\u00e3o para que Ramagem pudesse votar de forma remota, sem ter oficializado um pedido de licen\u00e7a m\u00e9dica.<\/p>\n<\/div>\n<\/div>\n<div id=\"chunk-46lam\">\n<div class=\"mc-column content-text active-extra-styles \" data-block-type=\"unstyled\" data-block-weight=\"29\" data-block-id=\"32\">\n<p class=\" content-text__container \" data-track-category=\"Link no Texto\" data-track-links=\"\">Na \u00faltima semana, a Casa informou que n\u00e3o autorizou miss\u00e3o oficial do parlamentar no exterior e que ele n\u00e3o comunicou que deixaria o pa\u00eds, como preveem as regras internas.<\/p>\n<\/div>\n<\/div>\n<div id=\"chunk-cfk3k\">\n<div class=\"mc-column content-text active-extra-styles \" data-block-type=\"unstyled\" data-block-weight=\"25\" data-block-id=\"33\">\n<p class=\" content-text__container \" data-track-category=\"Link no Texto\" data-track-links=\"\">Segundo a C\u00e2mara, ele apresentou atestados m\u00e9dicos de 9 de setembro a 8 de outubro e de 13 de outubro a 12 de dezembro.<\/p>\n<\/div>\n<\/div>\n<div id=\"chunk-qrmb\">\n<div class=\"mc-column content-text active-extra-styles\" data-block-type=\"raw\" data-block-weight=\"8\" data-block-id=\"34\">\n<p class=\"content-text__container\">\n<div class=\"content-intertitle\">\n<h2>Ramagem diz que foi aos EUA para &#8216;prote\u00e7\u00e3o&#8217;<\/h2>\n<\/div>\n<p>&nbsp;<\/p>\n<\/div>\n<\/div>\n<div data-track-category=\"multicontent\" data-track-action=\"multicontent\" data-track-noninteraction=\"false\" data-track-scroll=\"ultimo chunk conteudo\" data-track-value=\"view\">\n<div id=\"chunk-3pi7k\">\n<div class=\"mc-column content-text active-extra-styles \" data-block-type=\"unstyled\" data-block-weight=\"38\" data-block-id=\"35\">\n<p class=\" content-text__container \" data-track-category=\"Link no Texto\" data-track-links=\"\">Ap\u00f3s dias em sil\u00eancio, o deputado Alexandre Ramagem confirmou, em v\u00eddeo publicado nas redes sociais, que saiu do Brasil e viajou para os EUA. Ele disse que a movimenta\u00e7\u00e3o foi feita para garantir a &#8220;prote\u00e7\u00e3o&#8221; de sua fam\u00edlia.<\/p>\n<\/div>\n<\/div>\n<\/div>\n<\/div>\n<\/div>\n<\/div>\n<\/div>\n<\/div>\n<\/div>\n<\/div>\n<\/div>\n<\/div>\n<\/div>\n<\/div>\n<\/div>\n<\/div>\n<\/div>\n<\/div>\n<\/div>\n<\/div>\n","protected":false},"excerpt":{"rendered":"<p>Deputado fugiu do Brasil antes da senten\u00e7a na trama golpista. Parlamentar conseguiu atestado de &#8216;ansiedade generalizada&#8217; e usou brechas para continuar votando no exterior.<\/p>\n","protected":false},"author":1,"featured_media":0,"comment_status":"closed","ping_status":"open","sticky":false,"template":"","format":"standard","meta":{"_exactmetrics_skip_tracking":false,"_exactmetrics_sitenote_active":false,"_exactmetrics_sitenote_note":"","_exactmetrics_sitenote_category":0,"jetpack_post_was_ever_published":false,"_jetpack_newsletter_access":"","_jetpack_dont_email_post_to_subs":false,"_jetpack_newsletter_tier_id":0,"_jetpack_memberships_contains_paywalled_content":false,"_jetpack_memberships_contains_paid_content":false,"footnotes":"","jetpack_publicize_message":"","jetpack_publicize_feature_enabled":true,"jetpack_social_post_already_shared":true,"jetpack_social_options":{"image_generator_settings":{"template":"highway","enabled":false},"version":2}},"categories":[1],"tags":[1581,1582,1580],"class_list":["post-37927","post","type-post","status-publish","format-standard","hentry","category-notas","tag-mandato","tag-perda","tag-ramagem"],"jetpack_publicize_connections":[],"jetpack_sharing_enabled":true,"jetpack_featured_media_url":"","jetpack_shortlink":"https:\/\/wp.me\/p7wKYW-9RJ","jetpack-related-posts":[],"_links":{"self":[{"href":"http:\/\/blogdalucianaoliveira.com.br\/blog\/wp-json\/wp\/v2\/posts\/37927","targetHints":{"allow":["GET"]}}],"collection":[{"href":"http:\/\/blogdalucianaoliveira.com.br\/blog\/wp-json\/wp\/v2\/posts"}],"about":[{"href":"http:\/\/blogdalucianaoliveira.com.br\/blog\/wp-json\/wp\/v2\/types\/post"}],"author":[{"embeddable":true,"href":"http:\/\/blogdalucianaoliveira.com.br\/blog\/wp-json\/wp\/v2\/users\/1"}],"replies":[{"embeddable":true,"href":"http:\/\/blogdalucianaoliveira.com.br\/blog\/wp-json\/wp\/v2\/comments?post=37927"}],"version-history":[{"count":1,"href":"http:\/\/blogdalucianaoliveira.com.br\/blog\/wp-json\/wp\/v2\/posts\/37927\/revisions"}],"predecessor-version":[{"id":37929,"href":"http:\/\/blogdalucianaoliveira.com.br\/blog\/wp-json\/wp\/v2\/posts\/37927\/revisions\/37929"}],"wp:attachment":[{"href":"http:\/\/blogdalucianaoliveira.com.br\/blog\/wp-json\/wp\/v2\/media?parent=37927"}],"wp:term":[{"taxonomy":"category","embeddable":true,"href":"http:\/\/blogdalucianaoliveira.com.br\/blog\/wp-json\/wp\/v2\/categories?post=37927"},{"taxonomy":"post_tag","embeddable":true,"href":"http:\/\/blogdalucianaoliveira.com.br\/blog\/wp-json\/wp\/v2\/tags?post=37927"}],"curies":[{"name":"wp","href":"https:\/\/api.w.org\/{rel}","templated":true}]}}