{"id":37930,"date":"2025-11-25T17:54:05","date_gmt":"2025-11-25T21:54:05","guid":{"rendered":"https:\/\/blogdalucianaoliveira.com.br\/blog\/?p=37930"},"modified":"2025-11-25T17:54:05","modified_gmt":"2025-11-25T21:54:05","slug":"claudia-de-jesus-pede-aulas-noturnas-no-programa-cnh-social-para-ampliar-acesso-em-rondonia","status":"publish","type":"post","link":"http:\/\/blogdalucianaoliveira.com.br\/blog\/2025\/11\/25\/claudia-de-jesus-pede-aulas-noturnas-no-programa-cnh-social-para-ampliar-acesso-em-rondonia\/","title":{"rendered":"Cl\u00e1udia de Jesus pede aulas noturnas no Programa CNH Social para ampliar acesso em Rond\u00f4nia"},"content":{"rendered":"<p><img data-recalc-dims=\"1\" loading=\"lazy\" decoding=\"async\" data-attachment-id=\"37932\" data-permalink=\"http:\/\/blogdalucianaoliveira.com.br\/blog\/2025\/11\/25\/claudia-de-jesus-pede-aulas-noturnas-no-programa-cnh-social-para-ampliar-acesso-em-rondonia\/img_1312-2\/\" data-orig-file=\"https:\/\/i0.wp.com\/blogdalucianaoliveira.com.br\/blog\/wp-content\/uploads\/2025\/11\/IMG_1312.jpeg?fit=1620%2C1080\" data-orig-size=\"1620,1080\" data-comments-opened=\"0\" data-image-meta=\"{&quot;aperture&quot;:&quot;5.6&quot;,&quot;credit&quot;:&quot;&quot;,&quot;camera&quot;:&quot;Canon EOS Rebel SL3&quot;,&quot;caption&quot;:&quot;&quot;,&quot;created_timestamp&quot;:&quot;1763460864&quot;,&quot;copyright&quot;:&quot;&quot;,&quot;focal_length&quot;:&quot;49&quot;,&quot;iso&quot;:&quot;3200&quot;,&quot;shutter_speed&quot;:&quot;0.00625&quot;,&quot;title&quot;:&quot;&quot;,&quot;orientation&quot;:&quot;1&quot;}\" data-image-title=\"IMG_1312\" data-image-description=\"\" data-image-caption=\"\" data-medium-file=\"https:\/\/i0.wp.com\/blogdalucianaoliveira.com.br\/blog\/wp-content\/uploads\/2025\/11\/IMG_1312.jpeg?fit=300%2C200\" data-large-file=\"https:\/\/i0.wp.com\/blogdalucianaoliveira.com.br\/blog\/wp-content\/uploads\/2025\/11\/IMG_1312.jpeg?fit=600%2C400\" class=\"alignnone size-medium wp-image-37932\" src=\"https:\/\/i0.wp.com\/blogdalucianaoliveira.com.br\/blog\/wp-content\/uploads\/2025\/11\/IMG_1312.jpeg?resize=300%2C200\" alt=\"\" width=\"300\" height=\"200\" srcset=\"https:\/\/i0.wp.com\/blogdalucianaoliveira.com.br\/blog\/wp-content\/uploads\/2025\/11\/IMG_1312.jpeg?resize=300%2C200 300w, https:\/\/i0.wp.com\/blogdalucianaoliveira.com.br\/blog\/wp-content\/uploads\/2025\/11\/IMG_1312.jpeg?resize=1024%2C683 1024w, https:\/\/i0.wp.com\/blogdalucianaoliveira.com.br\/blog\/wp-content\/uploads\/2025\/11\/IMG_1312.jpeg?resize=768%2C512 768w, https:\/\/i0.wp.com\/blogdalucianaoliveira.com.br\/blog\/wp-content\/uploads\/2025\/11\/IMG_1312.jpeg?resize=1536%2C1024 1536w, https:\/\/i0.wp.com\/blogdalucianaoliveira.com.br\/blog\/wp-content\/uploads\/2025\/11\/IMG_1312.jpeg?resize=450%2C300 450w, https:\/\/i0.wp.com\/blogdalucianaoliveira.com.br\/blog\/wp-content\/uploads\/2025\/11\/IMG_1312.jpeg?w=1620 1620w, https:\/\/i0.wp.com\/blogdalucianaoliveira.com.br\/blog\/wp-content\/uploads\/2025\/11\/IMG_1312.jpeg?w=1200 1200w\" sizes=\"auto, (max-width: 300px) 100vw, 300px\" \/><\/p>\n<p>Parlamentar solicita ao Detran a cria\u00e7\u00e3o de turmas te\u00f3ricas e pr\u00e1ticas \u00e0 noite para atender trabalhadores.<!--more--><\/p>\n<p class=\"yiv2763322556MsoNormal\">A deputada estadual Cl\u00e1udia de Jesus (PT) indicou ao Detran a cria\u00e7\u00e3o de aulas te\u00f3ricas e pr\u00e1ticas no per\u00edodo noturno para os benefici\u00e1rios da Carteira Nacional de Habilita\u00e7\u00e3o (CNH) Social, buscando ampliar o acesso ao programa para trabalhadores e fam\u00edlias de baixa renda.<\/p>\n<p class=\"yiv2763322556MsoNormal\">A parlamentar defende que muitos benefici\u00e1rios do Programa de Incentivo \u00e0 Habilita\u00e7\u00e3o n\u00e3o conseguem participar das aulas no hor\u00e1rio comercial devido \u00e0 jornada de trabalho ou \u00e0s responsabilidades familiares. A proposta busca garantir equidade e inclus\u00e3o para os cidad\u00e3os que mais precisam da pol\u00edtica p\u00fablica.<\/p>\n<p class=\"yiv2763322556MsoNormal\">\u201cAs turmas noturnas v\u00e3o assegurar que trabalhadores, m\u00e3es e chefes de fam\u00edlia tenham condi\u00e7\u00f5es reais de concluir o processo de habilita\u00e7\u00e3o. A CNH Social \u00e9 um instrumento de cidadania, e precisamos garantir que ningu\u00e9m fique de fora por falta de hor\u00e1rio\u201d, afirmou Cl\u00e1udia de Jesus.<\/p>\n","protected":false},"excerpt":{"rendered":"<p>Parlamentar solicita ao Detran a cria\u00e7\u00e3o de turmas te\u00f3ricas e pr\u00e1ticas \u00e0 noite para atender trabalhadores.<\/p>\n","protected":false},"author":1,"featured_media":0,"comment_status":"closed","ping_status":"open","sticky":false,"template":"","format":"standard","meta":{"_exactmetrics_skip_tracking":false,"_exactmetrics_sitenote_active":false,"_exactmetrics_sitenote_note":"","_exactmetrics_sitenote_category":0,"jetpack_post_was_ever_published":false,"_jetpack_newsletter_access":"","_jetpack_dont_email_post_to_subs":false,"_jetpack_newsletter_tier_id":0,"_jetpack_memberships_contains_paywalled_content":false,"_jetpack_memberships_contains_paid_content":false,"footnotes":"","jetpack_publicize_message":"","jetpack_publicize_feature_enabled":true,"jetpack_social_post_already_shared":true,"jetpack_social_options":{"image_generator_settings":{"template":"highway","enabled":false},"version":2}},"categories":[1],"tags":[589,1583,1429,1584],"class_list":["post-37930","post","type-post","status-publish","format-standard","hentry","category-notas","tag-aulas","tag-cnh","tag-deputada-claudia-de-jesus","tag-noturnas"],"jetpack_publicize_connections":[],"jetpack_sharing_enabled":true,"jetpack_featured_media_url":"","jetpack_shortlink":"https:\/\/wp.me\/p7wKYW-9RM","jetpack-related-posts":[],"_links":{"self":[{"href":"http:\/\/blogdalucianaoliveira.com.br\/blog\/wp-json\/wp\/v2\/posts\/37930","targetHints":{"allow":["GET"]}}],"collection":[{"href":"http:\/\/blogdalucianaoliveira.com.br\/blog\/wp-json\/wp\/v2\/posts"}],"about":[{"href":"http:\/\/blogdalucianaoliveira.com.br\/blog\/wp-json\/wp\/v2\/types\/post"}],"author":[{"embeddable":true,"href":"http:\/\/blogdalucianaoliveira.com.br\/blog\/wp-json\/wp\/v2\/users\/1"}],"replies":[{"embeddable":true,"href":"http:\/\/blogdalucianaoliveira.com.br\/blog\/wp-json\/wp\/v2\/comments?post=37930"}],"version-history":[{"count":1,"href":"http:\/\/blogdalucianaoliveira.com.br\/blog\/wp-json\/wp\/v2\/posts\/37930\/revisions"}],"predecessor-version":[{"id":37933,"href":"http:\/\/blogdalucianaoliveira.com.br\/blog\/wp-json\/wp\/v2\/posts\/37930\/revisions\/37933"}],"wp:attachment":[{"href":"http:\/\/blogdalucianaoliveira.com.br\/blog\/wp-json\/wp\/v2\/media?parent=37930"}],"wp:term":[{"taxonomy":"category","embeddable":true,"href":"http:\/\/blogdalucianaoliveira.com.br\/blog\/wp-json\/wp\/v2\/categories?post=37930"},{"taxonomy":"post_tag","embeddable":true,"href":"http:\/\/blogdalucianaoliveira.com.br\/blog\/wp-json\/wp\/v2\/tags?post=37930"}],"curies":[{"name":"wp","href":"https:\/\/api.w.org\/{rel}","templated":true}]}}