{"id":37934,"date":"2025-11-26T11:11:20","date_gmt":"2025-11-26T15:11:20","guid":{"rendered":"https:\/\/blogdalucianaoliveira.com.br\/blog\/?p=37934"},"modified":"2025-11-26T11:11:20","modified_gmt":"2025-11-26T15:11:20","slug":"anvisa-assina-termo-de-compromisso-para-a-vacina-da-dengue-do-butantan","status":"publish","type":"post","link":"http:\/\/blogdalucianaoliveira.com.br\/blog\/2025\/11\/26\/anvisa-assina-termo-de-compromisso-para-a-vacina-da-dengue-do-butantan\/","title":{"rendered":"Anvisa assina termo de compromisso para a vacina da dengue do Butantan"},"content":{"rendered":"<p><img data-recalc-dims=\"1\" loading=\"lazy\" decoding=\"async\" data-attachment-id=\"37935\" data-permalink=\"http:\/\/blogdalucianaoliveira.com.br\/blog\/2025\/11\/26\/anvisa-assina-termo-de-compromisso-para-a-vacina-da-dengue-do-butantan\/img_1355\/\" data-orig-file=\"https:\/\/i0.wp.com\/blogdalucianaoliveira.com.br\/blog\/wp-content\/uploads\/2025\/11\/IMG_1355.webp?fit=1170%2C700\" data-orig-size=\"1170,700\" data-comments-opened=\"0\" data-image-meta=\"{&quot;aperture&quot;:&quot;0&quot;,&quot;credit&quot;:&quot;&quot;,&quot;camera&quot;:&quot;&quot;,&quot;caption&quot;:&quot;&quot;,&quot;created_timestamp&quot;:&quot;0&quot;,&quot;copyright&quot;:&quot;&quot;,&quot;focal_length&quot;:&quot;0&quot;,&quot;iso&quot;:&quot;0&quot;,&quot;shutter_speed&quot;:&quot;0&quot;,&quot;title&quot;:&quot;&quot;,&quot;orientation&quot;:&quot;0&quot;}\" data-image-title=\"IMG_1355\" data-image-description=\"\" data-image-caption=\"\" data-medium-file=\"https:\/\/i0.wp.com\/blogdalucianaoliveira.com.br\/blog\/wp-content\/uploads\/2025\/11\/IMG_1355.webp?fit=300%2C179\" data-large-file=\"https:\/\/i0.wp.com\/blogdalucianaoliveira.com.br\/blog\/wp-content\/uploads\/2025\/11\/IMG_1355.webp?fit=600%2C359\" class=\"alignnone size-medium wp-image-37935\" src=\"https:\/\/i0.wp.com\/blogdalucianaoliveira.com.br\/blog\/wp-content\/uploads\/2025\/11\/IMG_1355.webp?resize=300%2C179\" alt=\"\" width=\"300\" height=\"179\" srcset=\"https:\/\/i0.wp.com\/blogdalucianaoliveira.com.br\/blog\/wp-content\/uploads\/2025\/11\/IMG_1355.webp?resize=300%2C179 300w, https:\/\/i0.wp.com\/blogdalucianaoliveira.com.br\/blog\/wp-content\/uploads\/2025\/11\/IMG_1355.webp?resize=1024%2C613 1024w, https:\/\/i0.wp.com\/blogdalucianaoliveira.com.br\/blog\/wp-content\/uploads\/2025\/11\/IMG_1355.webp?resize=768%2C459 768w, https:\/\/i0.wp.com\/blogdalucianaoliveira.com.br\/blog\/wp-content\/uploads\/2025\/11\/IMG_1355.webp?resize=501%2C300 501w, https:\/\/i0.wp.com\/blogdalucianaoliveira.com.br\/blog\/wp-content\/uploads\/2025\/11\/IMG_1355.webp?w=1170 1170w\" sizes=\"auto, (max-width: 300px) 100vw, 300px\" \/><\/p>\n<p><strong>A Ag\u00eancia Nacional de Vigil\u00e2ncia Sanit\u00e1ria (Anvisa) assina nesta quarta-feira (26) com o Instituto Butantan um Termo de Compromisso para estudos e monitoramento da vacina da dengue.<\/strong><img data-recalc-dims=\"1\" decoding=\"async\" src=\"https:\/\/i0.wp.com\/agenciabrasil.ebc.com.br\/ebc.png?w=600&#038;ssl=1\" \/><img data-recalc-dims=\"1\" decoding=\"async\" src=\"https:\/\/i0.wp.com\/agenciabrasil.ebc.com.br\/ebc.gif?w=600&#038;ssl=1\" \/><!--more--><\/p>\n<p>Agencia Brasil &#8211; Segundo a Assessoria de Comunica\u00e7\u00e3o Social do governo federal, a assinatura deste termo \u00e9 a \u00faltima etapa que falta para o registro da vacina.<\/p>\n<p>No in\u00edcio de novembro j\u00e1 havia a previs\u00e3o de aprova\u00e7\u00e3o da vacina da dengue do Butant\u00e3 pela Anvisa. Daniel Pereira, diretor do \u00f3rg\u00e3o, explicou \u00e0 <strong>Ag\u00eancia Brasil<\/strong> que <strong>\u201ca vacina de dengue do Butantan \u00e9 um processo priorit\u00e1rio para a ag\u00eancia\u201d.<\/strong><\/p>\n<p><strong>Ele explicou que a an\u00e1lise do imunizante demandou \u201cmuitas horas\u201d de discuss\u00e3o t\u00e9cnica com especialistas externos que apoiaram.<\/strong><\/p>\n<p>O an\u00fancio oficial do acordo entre a Anvisa e o Instituto Butantan ser\u00e1 feito nesta quarta.<\/p>\n","protected":false},"excerpt":{"rendered":"<p>A Ag\u00eancia Nacional de Vigil\u00e2ncia Sanit\u00e1ria (Anvisa) assina nesta quarta-feira (26) com o Instituto Butantan um Termo de Compromisso para estudos e monitoramento da vacina da dengue.<\/p>\n","protected":false},"author":1,"featured_media":0,"comment_status":"closed","ping_status":"open","sticky":false,"template":"","format":"standard","meta":{"_exactmetrics_skip_tracking":false,"_exactmetrics_sitenote_active":false,"_exactmetrics_sitenote_note":"","_exactmetrics_sitenote_category":0,"jetpack_post_was_ever_published":false,"_jetpack_newsletter_access":"","_jetpack_dont_email_post_to_subs":false,"_jetpack_newsletter_tier_id":0,"_jetpack_memberships_contains_paywalled_content":false,"_jetpack_memberships_contains_paid_content":false,"footnotes":"","jetpack_publicize_message":"","jetpack_publicize_feature_enabled":true,"jetpack_social_post_already_shared":true,"jetpack_social_options":{"image_generator_settings":{"template":"highway","enabled":false},"version":2}},"categories":[1],"tags":[1585,1586,544],"class_list":["post-37934","post","type-post","status-publish","format-standard","hentry","category-notas","tag-anvisa","tag-dengue","tag-vacina"],"jetpack_publicize_connections":[],"jetpack_sharing_enabled":true,"jetpack_featured_media_url":"","jetpack_shortlink":"https:\/\/wp.me\/p7wKYW-9RQ","jetpack-related-posts":[],"_links":{"self":[{"href":"http:\/\/blogdalucianaoliveira.com.br\/blog\/wp-json\/wp\/v2\/posts\/37934","targetHints":{"allow":["GET"]}}],"collection":[{"href":"http:\/\/blogdalucianaoliveira.com.br\/blog\/wp-json\/wp\/v2\/posts"}],"about":[{"href":"http:\/\/blogdalucianaoliveira.com.br\/blog\/wp-json\/wp\/v2\/types\/post"}],"author":[{"embeddable":true,"href":"http:\/\/blogdalucianaoliveira.com.br\/blog\/wp-json\/wp\/v2\/users\/1"}],"replies":[{"embeddable":true,"href":"http:\/\/blogdalucianaoliveira.com.br\/blog\/wp-json\/wp\/v2\/comments?post=37934"}],"version-history":[{"count":1,"href":"http:\/\/blogdalucianaoliveira.com.br\/blog\/wp-json\/wp\/v2\/posts\/37934\/revisions"}],"predecessor-version":[{"id":37936,"href":"http:\/\/blogdalucianaoliveira.com.br\/blog\/wp-json\/wp\/v2\/posts\/37934\/revisions\/37936"}],"wp:attachment":[{"href":"http:\/\/blogdalucianaoliveira.com.br\/blog\/wp-json\/wp\/v2\/media?parent=37934"}],"wp:term":[{"taxonomy":"category","embeddable":true,"href":"http:\/\/blogdalucianaoliveira.com.br\/blog\/wp-json\/wp\/v2\/categories?post=37934"},{"taxonomy":"post_tag","embeddable":true,"href":"http:\/\/blogdalucianaoliveira.com.br\/blog\/wp-json\/wp\/v2\/tags?post=37934"}],"curies":[{"name":"wp","href":"https:\/\/api.w.org\/{rel}","templated":true}]}}