{"id":37937,"date":"2025-11-26T11:18:02","date_gmt":"2025-11-26T15:18:02","guid":{"rendered":"https:\/\/blogdalucianaoliveira.com.br\/blog\/?p=37937"},"modified":"2025-11-26T11:18:02","modified_gmt":"2025-11-26T15:18:02","slug":"lula-prometeu-e-cumpriu-pobre-no-orcamento-e-rico-no-imposto-de-renda","status":"publish","type":"post","link":"http:\/\/blogdalucianaoliveira.com.br\/blog\/2025\/11\/26\/lula-prometeu-e-cumpriu-pobre-no-orcamento-e-rico-no-imposto-de-renda\/","title":{"rendered":"Lula prometeu e cumpriu: pobre no or\u00e7amento e rico no Imposto de Renda"},"content":{"rendered":"<p><img data-recalc-dims=\"1\" loading=\"lazy\" decoding=\"async\" data-attachment-id=\"37938\" data-permalink=\"http:\/\/blogdalucianaoliveira.com.br\/blog\/2025\/11\/26\/lula-prometeu-e-cumpriu-pobre-no-orcamento-e-rico-no-imposto-de-renda\/img_1357\/\" data-orig-file=\"https:\/\/i0.wp.com\/blogdalucianaoliveira.com.br\/blog\/wp-content\/uploads\/2025\/11\/IMG_1357.webp?fit=500%2C240\" data-orig-size=\"500,240\" data-comments-opened=\"0\" data-image-meta=\"{&quot;aperture&quot;:&quot;0&quot;,&quot;credit&quot;:&quot;&quot;,&quot;camera&quot;:&quot;&quot;,&quot;caption&quot;:&quot;&quot;,&quot;created_timestamp&quot;:&quot;0&quot;,&quot;copyright&quot;:&quot;&quot;,&quot;focal_length&quot;:&quot;0&quot;,&quot;iso&quot;:&quot;0&quot;,&quot;shutter_speed&quot;:&quot;0&quot;,&quot;title&quot;:&quot;&quot;,&quot;orientation&quot;:&quot;0&quot;}\" data-image-title=\"IMG_1357\" data-image-description=\"\" data-image-caption=\"\" data-medium-file=\"https:\/\/i0.wp.com\/blogdalucianaoliveira.com.br\/blog\/wp-content\/uploads\/2025\/11\/IMG_1357.webp?fit=300%2C144\" data-large-file=\"https:\/\/i0.wp.com\/blogdalucianaoliveira.com.br\/blog\/wp-content\/uploads\/2025\/11\/IMG_1357.webp?fit=500%2C240\" class=\"alignnone size-medium wp-image-37938\" src=\"https:\/\/i0.wp.com\/blogdalucianaoliveira.com.br\/blog\/wp-content\/uploads\/2025\/11\/IMG_1357.webp?resize=300%2C144\" alt=\"\" width=\"300\" height=\"144\" srcset=\"https:\/\/i0.wp.com\/blogdalucianaoliveira.com.br\/blog\/wp-content\/uploads\/2025\/11\/IMG_1357.webp?resize=300%2C144 300w, https:\/\/i0.wp.com\/blogdalucianaoliveira.com.br\/blog\/wp-content\/uploads\/2025\/11\/IMG_1357.webp?w=500 500w\" sizes=\"auto, (max-width: 300px) 100vw, 300px\" \/><\/p>\n<h2 class=\"article__lead\">O que parecia imposs\u00edvel se torna realidade nesta quarta-feira 26<\/h2>\n<p><!--more--><\/p>\n<div class=\"article__info\">\n<div class=\"article__meta\">No Brasil 247, por Leonardo Attuch &#8211; Na primeira metade do terceiro mandato do presidente Lula, o Brasil voltou a colocar os mais pobres no centro das pol\u00edticas p\u00fablicas. E n\u00e3o foi apenas ret\u00f3rica \u2013 os n\u00fameros apresentados pelo Ipea nesta ter\u00e7a-feira (25) apontam que <a href=\"https:\/\/www.brasil247.com\/economia\/com-lula-pobreza-e-desigualdade-atingem-menor-patamar-da-historia\"><b><em>o Brasil alcan\u00e7ou, em 2024, os melhores indicadores de renda, desigualdade e pobreza<\/em><\/b><\/a> desde o in\u00edcio da s\u00e9rie hist\u00f3rica, em 1995. Segundo o estudo conduzido pelos pesquisadores Pedro Herculano Souza e Marcos Dantas Hecksher, a renda domiciliar per capita cresceu cerca de 70% em tr\u00eas d\u00e9cadas, a desigualdade caiu quase 18% e a extrema pobreza despencou de 25% para menos de 5% da popula\u00e7\u00e3o.<\/div>\n<\/div>\n<div>Os dados mostram que o avan\u00e7o recente tem origem clara: a combina\u00e7\u00e3o entre fortalecimento dos programas sociais \u2013 marca dos tr\u00eas governos Lula e dos dois governos Dilma \u2013 e um mercado de trabalho aquecido, com mais empregos e sal\u00e1rios mais altos. Entre 2021 e 2024, a renda m\u00e9dia real cresceu mais de 25%, com redu\u00e7\u00e3o simult\u00e2nea da pobreza e da desigualdade. N\u00e3o \u00e9 pouca coisa num pa\u00eds que enfrentou recess\u00e3o, crise pol\u00edtica, pandemia e um ciclo prolongado de austeridade \u2013 sobretudo ap\u00f3s o golpe de estado de 2016, contra a ex-presidenta Dilma Rousseff.<\/div>\n<div>\nSe Lula prometeu colocar o pobre no or\u00e7amento, a primeira parte dessa promessa est\u00e1 cumprida. Agora come\u00e7a a segunda: colocar o rico no Imposto de Renda.<\/p>\n<p>Nesta quarta-feira (26), \u00e0s 10h30, o presidente sanciona a lei que promove a mais significativa mudan\u00e7a no Imposto de Renda Pessoa F\u00edsica em d\u00e9cadas. A faixa de isen\u00e7\u00e3o sobe para R$ 5 mil mensais, atendendo a uma demanda reprimida da classe m\u00e9dia. Quem ganha at\u00e9 R$ 7.350 tamb\u00e9m ter\u00e1 direito a descontos simplificados. Cerca de 15 milh\u00f5es de brasileiros deixar\u00e3o de pagar Imposto de Renda imediatamente. \u00c9 um al\u00edvio concreto para quem foi esmagado pela defasagem acumulada da tabela<\/p>\n<p>Ao mesmo tempo, o compromisso de justi\u00e7a fiscal se materializa com a taxa\u00e7\u00e3o adicional sobre rendimentos acima de R$ 600 mil anuais em dividendos. \u00c9 o in\u00edcio da aplica\u00e7\u00e3o do conceito de progressividade tribut\u00e1ria: quem ganha mais, tamb\u00e9m paga.<\/p>\n<p>O movimento do governo brasileiro acompanha uma tend\u00eancia internacional. Pa\u00edses desenvolvidos voltaram a discutir e implementar taxa\u00e7\u00f5es mais robustas sobre altos patrim\u00f4nios e grandes rendas. N\u00e3o h\u00e1 Estado forte sem financiamento adequado, e n\u00e3o h\u00e1 financiamento justo quando o peso recai sobre os trabalhadores, enquanto os rendimentos financeiros ficam praticamente intocados.<\/p>\n<p>Ao tentar restabelecer um equil\u00edbrio m\u00ednimo da tributa\u00e7\u00e3o, Lula resgata o esp\u00edrito que marcou seus governos anteriores: elevar o padr\u00e3o de vida das maiorias, reduzir desigualdades e fazer com que os mais favorecidos contribuam proporcionalmente para o financiamento das pol\u00edticas p\u00fablicas.<\/p>\n<p>A nova lei \u00e9, portanto, mais do que uma mudan\u00e7a t\u00e9cnica. Trata-se de um gesto pol\u00edtico que sintetiza um projeto de pa\u00eds \u2013 um pa\u00eds em que crescimento econ\u00f4mico e combate \u00e0 desigualdade caminham juntos.<\/p>\n<p>O estudo do Ipea refor\u00e7a que a redu\u00e7\u00e3o atual da pobreza e da desigualdade n\u00e3o \u00e9 acidental. Ela decorre de duas for\u00e7as equivalentes: um mercado de trabalho aquecido, gerando mais empregos e melhores sal\u00e1rios, e o fortalecimento dos programas sociais, como o Bolsa Fam\u00edlia.<\/p>\n<p>De acordo com o estudo do Ipea, ainda h\u00e1 4,8% da popula\u00e7\u00e3o em extrema pobreza e 26,8% abaixo da linha de pobreza. O m\u00e9rito do governo est\u00e1 justamente em apontar o caminho para reduzir ainda mais esses n\u00fameros com medidas estruturais \u2013 e n\u00e3o com atalhos improvisados.<\/p>\n<p>No dia de hoje, come\u00e7a a ser cumprida a promessa fiscal do governo Lula 3: tornar o sistema tribut\u00e1rio mais justo, aliviar a classe m\u00e9dia e fazer com que os muito ricos tamb\u00e9m contribuam. O que antes parecia imposs\u00edvel tornou-se realidade neste 26 de novembro. Quanto \u00e0 grande not\u00edcia de ontem, sobre o in\u00edcio do cumprimento da pena do inomin\u00e1vel e dos militares golpistas, que seja p\u00e1gina virada na hist\u00f3ria do Brasil, que finalmente come\u00e7a a construir um novo tempo.<\/p>\n<\/div>\n","protected":false},"excerpt":{"rendered":"<p>O que parecia imposs\u00edvel se torna realidade nesta quarta-feira 26<\/p>\n","protected":false},"author":1,"featured_media":0,"comment_status":"closed","ping_status":"open","sticky":false,"template":"","format":"standard","meta":{"_exactmetrics_skip_tracking":false,"_exactmetrics_sitenote_active":false,"_exactmetrics_sitenote_note":"","_exactmetrics_sitenote_category":0,"jetpack_post_was_ever_published":false,"_jetpack_newsletter_access":"","_jetpack_dont_email_post_to_subs":false,"_jetpack_newsletter_tier_id":0,"_jetpack_memberships_contains_paywalled_content":false,"_jetpack_memberships_contains_paid_content":false,"footnotes":"","jetpack_publicize_message":"","jetpack_publicize_feature_enabled":true,"jetpack_social_post_already_shared":true,"jetpack_social_options":{"image_generator_settings":{"template":"highway","enabled":false},"version":2}},"categories":[1],"tags":[1587,78,1588,1589],"class_list":["post-37937","post","type-post","status-publish","format-standard","hentry","category-notas","tag-ir","tag-lula","tag-pobre","tag-rico"],"jetpack_publicize_connections":[],"jetpack_sharing_enabled":true,"jetpack_featured_media_url":"","jetpack_shortlink":"https:\/\/wp.me\/p7wKYW-9RT","jetpack-related-posts":[],"_links":{"self":[{"href":"http:\/\/blogdalucianaoliveira.com.br\/blog\/wp-json\/wp\/v2\/posts\/37937","targetHints":{"allow":["GET"]}}],"collection":[{"href":"http:\/\/blogdalucianaoliveira.com.br\/blog\/wp-json\/wp\/v2\/posts"}],"about":[{"href":"http:\/\/blogdalucianaoliveira.com.br\/blog\/wp-json\/wp\/v2\/types\/post"}],"author":[{"embeddable":true,"href":"http:\/\/blogdalucianaoliveira.com.br\/blog\/wp-json\/wp\/v2\/users\/1"}],"replies":[{"embeddable":true,"href":"http:\/\/blogdalucianaoliveira.com.br\/blog\/wp-json\/wp\/v2\/comments?post=37937"}],"version-history":[{"count":1,"href":"http:\/\/blogdalucianaoliveira.com.br\/blog\/wp-json\/wp\/v2\/posts\/37937\/revisions"}],"predecessor-version":[{"id":37939,"href":"http:\/\/blogdalucianaoliveira.com.br\/blog\/wp-json\/wp\/v2\/posts\/37937\/revisions\/37939"}],"wp:attachment":[{"href":"http:\/\/blogdalucianaoliveira.com.br\/blog\/wp-json\/wp\/v2\/media?parent=37937"}],"wp:term":[{"taxonomy":"category","embeddable":true,"href":"http:\/\/blogdalucianaoliveira.com.br\/blog\/wp-json\/wp\/v2\/categories?post=37937"},{"taxonomy":"post_tag","embeddable":true,"href":"http:\/\/blogdalucianaoliveira.com.br\/blog\/wp-json\/wp\/v2\/tags?post=37937"}],"curies":[{"name":"wp","href":"https:\/\/api.w.org\/{rel}","templated":true}]}}