{"id":37940,"date":"2025-11-26T12:17:53","date_gmt":"2025-11-26T16:17:53","guid":{"rendered":"https:\/\/blogdalucianaoliveira.com.br\/blog\/?p=37940"},"modified":"2025-11-26T12:17:53","modified_gmt":"2025-11-26T16:17:53","slug":"lula-sanciona-isencao-do-imposto-de-renda-para-quem-ganha-ate-r-5-mil-nesta-quarta-feira-26","status":"publish","type":"post","link":"http:\/\/blogdalucianaoliveira.com.br\/blog\/2025\/11\/26\/lula-sanciona-isencao-do-imposto-de-renda-para-quem-ganha-ate-r-5-mil-nesta-quarta-feira-26\/","title":{"rendered":"Lula sanciona isen\u00e7\u00e3o do Imposto de Renda para quem ganha at\u00e9 R$ 5 mil nesta quarta-feira (26)"},"content":{"rendered":"<p><img data-recalc-dims=\"1\" loading=\"lazy\" decoding=\"async\" data-attachment-id=\"37941\" data-permalink=\"http:\/\/blogdalucianaoliveira.com.br\/blog\/2025\/11\/26\/lula-sanciona-isencao-do-imposto-de-renda-para-quem-ganha-ate-r-5-mil-nesta-quarta-feira-26\/img_1360\/\" data-orig-file=\"https:\/\/i0.wp.com\/blogdalucianaoliveira.com.br\/blog\/wp-content\/uploads\/2025\/11\/IMG_1360.webp?fit=1536%2C1024\" data-orig-size=\"1536,1024\" data-comments-opened=\"0\" data-image-meta=\"{&quot;aperture&quot;:&quot;0&quot;,&quot;credit&quot;:&quot;&quot;,&quot;camera&quot;:&quot;&quot;,&quot;caption&quot;:&quot;&quot;,&quot;created_timestamp&quot;:&quot;0&quot;,&quot;copyright&quot;:&quot;&quot;,&quot;focal_length&quot;:&quot;0&quot;,&quot;iso&quot;:&quot;0&quot;,&quot;shutter_speed&quot;:&quot;0&quot;,&quot;title&quot;:&quot;&quot;,&quot;orientation&quot;:&quot;0&quot;}\" data-image-title=\"IMG_1360\" data-image-description=\"\" data-image-caption=\"\" data-medium-file=\"https:\/\/i0.wp.com\/blogdalucianaoliveira.com.br\/blog\/wp-content\/uploads\/2025\/11\/IMG_1360.webp?fit=300%2C200\" data-large-file=\"https:\/\/i0.wp.com\/blogdalucianaoliveira.com.br\/blog\/wp-content\/uploads\/2025\/11\/IMG_1360.webp?fit=600%2C400\" class=\"alignnone size-medium wp-image-37941\" src=\"https:\/\/i0.wp.com\/blogdalucianaoliveira.com.br\/blog\/wp-content\/uploads\/2025\/11\/IMG_1360.webp?resize=300%2C200\" alt=\"\" width=\"300\" height=\"200\" srcset=\"https:\/\/i0.wp.com\/blogdalucianaoliveira.com.br\/blog\/wp-content\/uploads\/2025\/11\/IMG_1360.webp?resize=300%2C200 300w, https:\/\/i0.wp.com\/blogdalucianaoliveira.com.br\/blog\/wp-content\/uploads\/2025\/11\/IMG_1360.webp?resize=1024%2C683 1024w, https:\/\/i0.wp.com\/blogdalucianaoliveira.com.br\/blog\/wp-content\/uploads\/2025\/11\/IMG_1360.webp?resize=768%2C512 768w, https:\/\/i0.wp.com\/blogdalucianaoliveira.com.br\/blog\/wp-content\/uploads\/2025\/11\/IMG_1360.webp?resize=450%2C300 450w, https:\/\/i0.wp.com\/blogdalucianaoliveira.com.br\/blog\/wp-content\/uploads\/2025\/11\/IMG_1360.webp?w=1536 1536w, https:\/\/i0.wp.com\/blogdalucianaoliveira.com.br\/blog\/wp-content\/uploads\/2025\/11\/IMG_1360.webp?w=1200 1200w\" sizes=\"auto, (max-width: 300px) 100vw, 300px\" \/><\/p>\n<h2 class=\"elementor-heading-title elementor-size-default\">Novas regras come\u00e7am a valer a partir de 2026, mas v\u00e3o impactar a declara\u00e7\u00e3o do ano seguinte; entenda como vai funcionar<\/h2>\n<p><!--more--><\/p>\n<div class=\"elementor-element elementor-element-8136daa elementor-widget elementor-widget-theme-post-content\" data-id=\"8136daa\" data-element_type=\"widget\" data-widget_type=\"theme-post-content.default\">\n<div class=\"elementor-widget-container\">\n<p>Brasil de Fato &#8211; O presidente da Rep\u00fablica, <a href=\"https:\/\/www.brasildefato.com.br\/2025\/11\/24\/novamente-doutor-honoris-causa-lula-assina-acordos-pela-seguranca-alimentar-e-desenvolvimento-de-mocambique\/\">Luiz In\u00e1cio Lula da Silva (PT)<\/a>, vai reunir lideran\u00e7as de movimentos populares, parlamentares da base e dirigentes pol\u00edticos, nesta quarta-feira (26), em uma cerim\u00f4nia para sancionar a lei que amplia a faixa de <a href=\"https:\/\/www.brasildefato.com.br\/2025\/11\/06\/isencao-do-ir-deve-colocar-ate-r-300-a-mais-por-mes-no-bolso-de-trabalhadores-a-partir-de-2026\/\">isen\u00e7\u00e3o do Imposto de Renda para quem ganha at\u00e9 R$ 5 mil por m\u00eas<\/a>e estabelece um desconto progressivo para rendas de at\u00e9 R$ 7.350 mensais. O projeto \u00e9 visto como o \u201ccarro-chefe\u201d da campanha pela reelei\u00e7\u00e3o de Lula no pr\u00f3ximo ano.<\/p>\n<p>No programa <em>Bom Dia, Ministro!, <\/em>da TV Brasil, da \u00faltima ter\u00e7a-feira (25), o ministro da Secretaria-Geral da Presid\u00eancia da Rep\u00fablica, <a title=\"\" href=\"https:\/\/www.brasildefato.com.br\/2025\/10\/30\/guilherme-boulos-quer-orcamento-participativo-no-governo-federal\/\">Guilherme Boulos<\/a>, disse que o impacto para as fam\u00edlias ser\u00e1 o equivalente a um 14\u00ba sal\u00e1rio.<\/p>\n<p>\u201cBeneficia um professor, uma professora, um profissional liberal, qualquer trabalhador que ganhava R$ 4,5 mil vai economizar, no fim do ano, quase um sal\u00e1rio inteiro. \u00c9 como um 14\u00ba sal\u00e1rio que esse trabalhador vai ter, porque ele vai economizar o valor de um sal\u00e1rio mensal que n\u00e3o vai pagar mais imposto de renda\u201d, disse o ministro.<\/p>\n<div id=\"brasi-701163478\" class=\"brasi-apos-paragrafo-3\">\n<div id=\"div-gpt-ad-artigos-medium_incontent_1\" class=\"ad-slot\"><\/div>\n<\/div>\n<p>Segundo o Departamento Intersindical de Estat\u00edstica e Estudos Socioecon\u00f4micos (Dieese), as novas regras devem beneficiar cerca de 10 milh\u00f5es de trabalhadores com a isen\u00e7\u00e3o total e outro 16 milh\u00f5es com a redu\u00e7\u00e3o progressiva.<\/p>\n<p>O Minist\u00e9rio da Fazenda calcula que as novas regras ter\u00e3o um impacto de R$ 27 bilh\u00f5es nas contas do governo. Como forma de compensar essa perda de arrecada\u00e7\u00e3o, a lei aumenta a taxa\u00e7\u00e3o de altas rendas, a partir de R$ 600 mil anuais, ou R$ 50 mil mensais, o que, segundo o governo, deve atingir cerca de 0,13% dos contribuintes.<\/p>\n<p>Ficam de fora da tributa\u00e7\u00e3o os pagamentos de lucros e dividendos cuja distribui\u00e7\u00e3o tenha sido aprovada at\u00e9 31 de dezembro de 2025, ainda que o pagamento ocorra nos anos seguintes. Tamb\u00e9m ficaram isentas as Letras de Cr\u00e9dito Imobili\u00e1rio (LCI) e as Letras de Cr\u00e9dito do Agroneg\u00f3cio (LCA), inicialmente parte da proposta.<\/p>\n<p>Al\u00e9m desses t\u00edtulos, o novo texto tamb\u00e9m exclui da tributa\u00e7\u00e3o m\u00ednima as deb\u00eantures, que s\u00e3o t\u00edtulos de d\u00edvida emitidos por empresas para captar recursos dirigidos a projetos de infraestrutura e alguns fundos de investimento.<\/p>\n<p>Finalmente, a proposta aprovada inclui a tributa\u00e7\u00e3o de lucros e dividendos enviados ao exterior, a partir de uma al\u00edquota de 10% sobre esses valores, com exce\u00e7\u00e3o dos lucros e dividendos remetidos a governos estrangeiros, fundos soberanos e entidades no exterior que tenham como principal atividade a administra\u00e7\u00e3o de benef\u00edcios previdenci\u00e1rios, como aposentadorias e pens\u00f5es.<\/p>\n<h4 class=\"wp-block-heading\">Relembre como foi a tramita\u00e7\u00e3o no Congresso<\/h4>\n<p>O projeto foi enviado pelo Executivo ao Congresso Nacional em mar\u00e7o de 2025, e recebeu na C\u00e2mara dos Deputados a relatoria do ex-presidente da Casa, <a href=\"https:\/\/www.brasildefato.com.br\/2024\/12\/27\/em-quatro-anos-no-comando-da-camara-lira-acumulou-poder-e-faiscas-com-stf-governo-e-imprensa-veja-destaques\/\">Arthur Lira (PP-AL)<\/a>.<\/p>\n<p>Inicialmente, o texto propunha a redu\u00e7\u00e3o progressiva para rendas de at\u00e9 R$ 7 mil, no entanto, o relator alterou o valor para R$ 7.350, para garantir, segundo ele, uma \u201cneutralidade tribut\u00e1ria\u201d, sem que isso representasse um aumento de receita para o governo.<\/p>\n<p>Lira manteve a cobran\u00e7a de um imposto de at\u00e9 10% sobre rendas superiores a R$ 600 mil anuais. Por outro lado, retirou a tributa\u00e7\u00e3o sobre as LCIs e LCAs, al\u00e9m de isentar as deb\u00eantures.<\/p>\n<p>O projeto foi aprovado pela Comiss\u00e3o Especial da C\u00e2mara em julho deste ano, e s\u00f3 foi votada em plen\u00e1rio outubro, ap\u00f3s forte press\u00e3o popular por sua aprova\u00e7\u00e3o, o que resultou, inclusive, <a href=\"https:\/\/www.brasildefato.com.br\/2025\/11\/05\/governo-comemora-aprovacao-da-isencao-do-ir-vitoria-do-trabalhador-e-da-mobilizacao-popular\/\">em vota\u00e7\u00e3o un\u00e2nime na C\u00e2mara dos Deputados<\/a>.<\/p>\n<p>No Senado Federal, o projeto recebeu a relatoria de <a href=\"https:\/\/www.brasildefato.com.br\/2025\/11\/04\/renan-calheiros-sobre-a-isencao-de-ir-precisamos-votar-rapidamente-para-que-possa-valer-a-partir-2026\/\">Renan Calheiros (MDB-AL)<\/a>, que inicialmente queria fazer modifica\u00e7\u00f5es ao projeto, sobretudo retomando a tributa\u00e7\u00e3o de LCIs, LCAs e deb\u00eantures, mas decidiu manter o texto tal qual foi aprovado pelos deputados, para evitar que ele retornasse \u00e0 C\u00e2mara. Dessa forma, ele foi <a href=\"https:\/\/www.brasildefato.com.br\/2025\/11\/05\/senado-aprova-isencao-do-imposto-de-renda-e-medida-comeca-a-valer-em-2026\/\">aprovado no dia 5 de novembro pelo pleno dos senadores, tamb\u00e9m por unanimidade<\/a>.<\/p>\n<h4 class=\"wp-block-heading\">Press\u00e3o das ruas<\/h4>\n<p>Durante a tramita\u00e7\u00e3o do projeto no Congresso Nacional, movimentos populares fizeram o <a href=\"https:\/\/www.brasildefato.com.br\/2025\/11\/04\/movimentos-entregam-a-alcolumbre-mais-de-2-milhoes-de-assinaturas-pela-isencao-de-imposto-de-renda-e-o-fim-da-escala-6x1\/\">Plebiscito Popular 2025 \u2013 Por um Brasil Mais Justo e Soberano<\/a>, reunindo mais de 2 milh\u00f5es de assinaturas em apoio \u00e0 aprova\u00e7\u00e3o da mat\u00e9ria.<\/p>\n<p>\u00c0s v\u00e9speras das principais vota\u00e7\u00f5es do PL no parlamento, os integrantes desses movimentos se reuniram com parlamentares e lideran\u00e7as do Congresso, a quem entregaram as assinaturas recolhidas, solicitando a aprova\u00e7\u00e3o do projeto antes do final do ano, para que as novas regras pudessem valer a partir de janeiro de 2026.<\/p>\n<h4 class=\"wp-block-heading\">Como funciona agora?<\/h4>\n<p>Atualmente, o Imposto de Renda \u00e9 cobrado a todos os trabalhadores assalariados que ganham acima de dois sal\u00e1rios m\u00ednimos, ou seja, R$ 3.036 mensais. Acima desse valor, \u00e9 cobrado um imposto progressivo que, para a grande maioria dos trabalhadores, gira em torno de 27,5%.<\/p>\n<p>As regras atuais n\u00e3o preveem a cobran\u00e7a de imposto sobre lucros e dividendos nem a tributa\u00e7\u00e3o das altas rendas, que pagam, em m\u00e9dia, 2,54% de IR, segundo informa\u00e7\u00f5es do Minist\u00e9rio da Fazenda.<\/p>\n<h4 class=\"wp-block-heading\">Aten\u00e7\u00e3o \u00e0 pegadinha: quem precisa declarar?<\/h4>\n<p>A Receita Federal recomenda que todos os trabalhadores formais devem fazer a declara\u00e7\u00e3o de Imposto de Renda anual, independentemente do volume de recursos recebidos, inclusive para verificar um eventual desconto irregular de IR na folha pagamento do trabalhador.<\/p>\n<p>No entanto, os trabalhadores isentos do pagamento n\u00e3o s\u00e3o obrigados a declarar. J\u00e1 aqueles que ganham acima da faixa de isen\u00e7\u00e3o, inclusive os que recebem descontos, s\u00e3o obrigados a declarar.<\/p>\n<p>No entanto, \u00e9 preciso ficar atentos a um detalhe: quando os trabalhadores s\u00e3o convocados pela Receita Federal a entregar sua declara\u00e7\u00e3o, o que ocorre por volta dos meses de mar\u00e7o e abril, ela se refere aos recursos recebidos no ano anterior. Ou seja, em 2026, os trabalhadores far\u00e3o a declara\u00e7\u00e3o referente ao ano de 2025, e sob as regras vigentes at\u00e9 ent\u00e3o.<\/p>\n<p>Resumindo, quem ganha acima de dois sal\u00e1rios m\u00ednimos, ou R$ 3.036 mensais, ter\u00e1 que fazer a declara\u00e7\u00e3o de IR em 2026. Apenas a partir de 2027 que a declara\u00e7\u00e3o anual de IR deixar\u00e1 de ser obrigat\u00f3ria para quem ganha at\u00e9 R$ 5 mil.<\/p>\n<p>&nbsp;<\/p>\n<\/div>\n<\/div>\n<div class=\"elementor-element elementor-element-6950de8 elementor-widget elementor-widget-text-editor\" data-id=\"6950de8\" data-element_type=\"widget\" data-widget_type=\"text-editor.default\">\n<div class=\"elementor-widget-container\">Editado por: Maria Teresa Cruz<\/div>\n<\/div>\n","protected":false},"excerpt":{"rendered":"<p>Novas regras come\u00e7am a valer a partir de 2026, mas v\u00e3o impactar a declara\u00e7\u00e3o do ano seguinte; entenda como vai funcionar<\/p>\n","protected":false},"author":1,"featured_media":0,"comment_status":"closed","ping_status":"open","sticky":false,"template":"","format":"standard","meta":{"_exactmetrics_skip_tracking":false,"_exactmetrics_sitenote_active":false,"_exactmetrics_sitenote_note":"","_exactmetrics_sitenote_category":0,"jetpack_post_was_ever_published":false,"_jetpack_newsletter_access":"","_jetpack_dont_email_post_to_subs":false,"_jetpack_newsletter_tier_id":0,"_jetpack_memberships_contains_paywalled_content":false,"_jetpack_memberships_contains_paid_content":false,"footnotes":"","jetpack_publicize_message":"","jetpack_publicize_feature_enabled":true,"jetpack_social_post_already_shared":true,"jetpack_social_options":{"image_generator_settings":{"template":"highway","enabled":false},"version":2}},"categories":[1],"tags":[1587,1337,78],"class_list":["post-37940","post","type-post","status-publish","format-standard","hentry","category-notas","tag-ir","tag-isencao","tag-lula"],"jetpack_publicize_connections":[],"jetpack_sharing_enabled":true,"jetpack_featured_media_url":"","jetpack_shortlink":"https:\/\/wp.me\/p7wKYW-9RW","jetpack-related-posts":[],"_links":{"self":[{"href":"http:\/\/blogdalucianaoliveira.com.br\/blog\/wp-json\/wp\/v2\/posts\/37940","targetHints":{"allow":["GET"]}}],"collection":[{"href":"http:\/\/blogdalucianaoliveira.com.br\/blog\/wp-json\/wp\/v2\/posts"}],"about":[{"href":"http:\/\/blogdalucianaoliveira.com.br\/blog\/wp-json\/wp\/v2\/types\/post"}],"author":[{"embeddable":true,"href":"http:\/\/blogdalucianaoliveira.com.br\/blog\/wp-json\/wp\/v2\/users\/1"}],"replies":[{"embeddable":true,"href":"http:\/\/blogdalucianaoliveira.com.br\/blog\/wp-json\/wp\/v2\/comments?post=37940"}],"version-history":[{"count":1,"href":"http:\/\/blogdalucianaoliveira.com.br\/blog\/wp-json\/wp\/v2\/posts\/37940\/revisions"}],"predecessor-version":[{"id":37942,"href":"http:\/\/blogdalucianaoliveira.com.br\/blog\/wp-json\/wp\/v2\/posts\/37940\/revisions\/37942"}],"wp:attachment":[{"href":"http:\/\/blogdalucianaoliveira.com.br\/blog\/wp-json\/wp\/v2\/media?parent=37940"}],"wp:term":[{"taxonomy":"category","embeddable":true,"href":"http:\/\/blogdalucianaoliveira.com.br\/blog\/wp-json\/wp\/v2\/categories?post=37940"},{"taxonomy":"post_tag","embeddable":true,"href":"http:\/\/blogdalucianaoliveira.com.br\/blog\/wp-json\/wp\/v2\/tags?post=37940"}],"curies":[{"name":"wp","href":"https:\/\/api.w.org\/{rel}","templated":true}]}}