{"id":37948,"date":"2025-11-27T08:29:07","date_gmt":"2025-11-27T12:29:07","guid":{"rendered":"https:\/\/blogdalucianaoliveira.com.br\/blog\/?p=37948"},"modified":"2025-11-27T08:29:07","modified_gmt":"2025-11-27T12:29:07","slug":"prisao-de-militares-revela-amadurecimento-democratico-diz-historiador","status":"publish","type":"post","link":"http:\/\/blogdalucianaoliveira.com.br\/blog\/2025\/11\/27\/prisao-de-militares-revela-amadurecimento-democratico-diz-historiador\/","title":{"rendered":"Pris\u00e3o de militares revela amadurecimento democr\u00e1tico, diz historiador"},"content":{"rendered":"<p><img data-recalc-dims=\"1\" loading=\"lazy\" decoding=\"async\" data-attachment-id=\"37949\" data-permalink=\"http:\/\/blogdalucianaoliveira.com.br\/blog\/2025\/11\/27\/prisao-de-militares-revela-amadurecimento-democratico-diz-historiador\/img_1390\/\" data-orig-file=\"https:\/\/i0.wp.com\/blogdalucianaoliveira.com.br\/blog\/wp-content\/uploads\/2025\/11\/IMG_1390.webp?fit=1170%2C700\" data-orig-size=\"1170,700\" data-comments-opened=\"0\" data-image-meta=\"{&quot;aperture&quot;:&quot;0&quot;,&quot;credit&quot;:&quot;&quot;,&quot;camera&quot;:&quot;&quot;,&quot;caption&quot;:&quot;&quot;,&quot;created_timestamp&quot;:&quot;0&quot;,&quot;copyright&quot;:&quot;&quot;,&quot;focal_length&quot;:&quot;0&quot;,&quot;iso&quot;:&quot;0&quot;,&quot;shutter_speed&quot;:&quot;0&quot;,&quot;title&quot;:&quot;&quot;,&quot;orientation&quot;:&quot;0&quot;}\" data-image-title=\"IMG_1390\" data-image-description=\"\" data-image-caption=\"\" data-medium-file=\"https:\/\/i0.wp.com\/blogdalucianaoliveira.com.br\/blog\/wp-content\/uploads\/2025\/11\/IMG_1390.webp?fit=300%2C179\" data-large-file=\"https:\/\/i0.wp.com\/blogdalucianaoliveira.com.br\/blog\/wp-content\/uploads\/2025\/11\/IMG_1390.webp?fit=600%2C359\" class=\"alignnone size-medium wp-image-37949\" src=\"https:\/\/i0.wp.com\/blogdalucianaoliveira.com.br\/blog\/wp-content\/uploads\/2025\/11\/IMG_1390.webp?resize=300%2C179\" alt=\"\" width=\"300\" height=\"179\" srcset=\"https:\/\/i0.wp.com\/blogdalucianaoliveira.com.br\/blog\/wp-content\/uploads\/2025\/11\/IMG_1390.webp?resize=300%2C179 300w, https:\/\/i0.wp.com\/blogdalucianaoliveira.com.br\/blog\/wp-content\/uploads\/2025\/11\/IMG_1390.webp?resize=1024%2C613 1024w, https:\/\/i0.wp.com\/blogdalucianaoliveira.com.br\/blog\/wp-content\/uploads\/2025\/11\/IMG_1390.webp?resize=768%2C459 768w, https:\/\/i0.wp.com\/blogdalucianaoliveira.com.br\/blog\/wp-content\/uploads\/2025\/11\/IMG_1390.webp?resize=501%2C300 501w, https:\/\/i0.wp.com\/blogdalucianaoliveira.com.br\/blog\/wp-content\/uploads\/2025\/11\/IMG_1390.webp?w=1170 1170w\" sizes=\"auto, (max-width: 300px) 100vw, 300px\" \/><\/p>\n<p>Mateus Torres, da Universidade de Bras\u00edlia, falou \u00e0 TV Brasil<!--more--><\/p>\n<p>Ag\u00eancia Brasil &#8211; O hist\u00f3rico in\u00edcio de cumprimento de pris\u00e3o de oficiais-generais, condenados pela participa\u00e7\u00e3o na trama golpista, significa que h\u00e1 um \u201camadurecimento da democracia\u201d no pa\u00eds. Essa foi a avalia\u00e7\u00e3o do professor de hist\u00f3ria Mateus Gamba Torres, da Universidade de Bras\u00edlia (UnB), em entrevista ao telejornal <em>Rep\u00f3rter Brasil<\/em>, da\u00a0<strong>TV Brasil<\/strong>, nesta quarta (26).<img data-recalc-dims=\"1\" decoding=\"async\" src=\"https:\/\/i0.wp.com\/agenciabrasil.ebc.com.br\/ebc.png?w=600&#038;ssl=1\" \/><img data-recalc-dims=\"1\" decoding=\"async\" src=\"https:\/\/i0.wp.com\/agenciabrasil.ebc.com.br\/ebc.gif?w=600&#038;ssl=1\" \/><\/p>\n<p><a href=\"https:\/\/www.youtube.com\/live\/2e63cW4zkLE?si=FvYaMXV9qQRIohI8\" target=\"_blank\" rel=\"noopener\">Confira a entrevista\u00a0do Rep\u00f3rter Brasi<\/a>l.<\/p>\n<p><strong>Nesta semana, al\u00e9m do encarceramento do ex-presidente Jair Bolsonaro (que \u00e9 capit\u00e3o da reserva do Ex\u00e9rcito), foram presos os generais Augusto Heleno Pereira, Paulo Sergio Nogueira, Walter Braga Netto e o almirante Almir Garnier.\u00a0<\/strong><\/p>\n<p>Em raz\u00e3o da condena\u00e7\u00e3o, eles dever\u00e3o ser alvo de uma a\u00e7\u00e3o de perda do oficialato e ser\u00e3o julgados pelo <a href=\"https:\/\/agenciabrasil.ebc.com.br\/justica\/noticia\/2025-11\/stm-e-comunicado-sobre-condenacoes-de-militares-pela-trama-golpista\" target=\"_blank\" rel=\"noopener\">Superior Tribunal Militar<\/a>\u00a0(STM). \u00c9\u00a0a primeira vez na hist\u00f3ria do pa\u00eds que militares s\u00e3o presos por envolvimento direto em uma articula\u00e7\u00e3o golpista.<\/p>\n<p><strong>O professor Mateus Torres disse\u00a0\u00e0\u00a0TV Brasil\u00a0que, passados 40 anos do processo de redemocratiza\u00e7\u00e3o, h\u00e1 um caminho de consolida\u00e7\u00e3o do sistema de governo.<\/strong><\/p>\n<blockquote><p>\u201cMesmo que os militares resolvessem fazer uma tentativa de golpe, como houve v\u00e1rias vezes na Rep\u00fablica, isso agora n\u00e3o \u00e9 mais aceito pela nossa democracia\u201d, afirmou\u00a0o pesquisador.<\/p><\/blockquote>\n<h2>\u201cSujeira debaixo do tapete\u201d<\/h2>\n<p><strong>Em rela\u00e7\u00e3o \u00e0s propostas de anistias para golpistas, Torres recorda que demandas como essa foram bem-sucedidas em outros momentos da hist\u00f3ria do Brasil. No entanto, ele discorda dos argumentos de que um poss\u00edvel perd\u00e3o poderia pacificar o pa\u00eds ou reduzir a polariza\u00e7\u00e3o.<\/strong><\/p>\n<blockquote><p>\u201cA anistia n\u00e3o apazigua nada. Ela varre a sujeira para debaixo do tapete. A anistia, nesses casos, faz com que ocorra impunidade justamente de golpistas\u201d. Ele recorda que, em 1979, torturadores foram anistiados.<\/p><\/blockquote>\n<p>Por essa lei na ocasi\u00e3o, segundo o professor da UnB, at\u00e9 hoje h\u00e1 luta por uma justi\u00e7a de transi\u00e7\u00e3o efetiva, com mem\u00f3ria, justi\u00e7a e verdade. Por outro lado, o pesquisador entende que a decis\u00e3o judicial fortalece a vis\u00e3o, inclusive, que os outros pa\u00edses t\u00eam do Brasil.<\/p>\n<p><strong>O professor tamb\u00e9m considera hist\u00f3rica a possibilidade de os militares perderem suas patentes em processo no Superior Tribunal Militar ap\u00f3s a condena\u00e7\u00e3o na Justi\u00e7a civil.<\/strong><\/p>\n<blockquote><p>\u201cN\u00e3o existe nada mais indigno do que se colocar contra a nossa democracia. A gente sabe que h\u00e1 um corporativismo. Mas, neste momento, h\u00e1 um clima para que isso (a perda de patentes) aconte\u00e7a\u201d, disse o professor ao\u00a0<em>Rep\u00f3rter Brasil<\/em>.<\/p><\/blockquote>\n","protected":false},"excerpt":{"rendered":"<p>Mateus Torres, da Universidade de Bras\u00edlia, falou \u00e0 TV Brasil<\/p>\n","protected":false},"author":1,"featured_media":0,"comment_status":"closed","ping_status":"open","sticky":false,"template":"","format":"standard","meta":{"_exactmetrics_skip_tracking":false,"_exactmetrics_sitenote_active":false,"_exactmetrics_sitenote_note":"","_exactmetrics_sitenote_category":0,"jetpack_post_was_ever_published":false,"_jetpack_newsletter_access":"","_jetpack_dont_email_post_to_subs":false,"_jetpack_newsletter_tier_id":0,"_jetpack_memberships_contains_paywalled_content":false,"_jetpack_memberships_contains_paid_content":false,"footnotes":"","jetpack_publicize_message":"","jetpack_publicize_feature_enabled":true,"jetpack_social_post_already_shared":true,"jetpack_social_options":{"image_generator_settings":{"template":"highway","enabled":false},"version":2}},"categories":[1],"tags":[1579,449,42],"class_list":["post-37948","post","type-post","status-publish","format-standard","hentry","category-notas","tag-generais","tag-militares","tag-prisao"],"jetpack_publicize_connections":[],"jetpack_sharing_enabled":true,"jetpack_featured_media_url":"","jetpack_shortlink":"https:\/\/wp.me\/p7wKYW-9S4","jetpack-related-posts":[],"_links":{"self":[{"href":"http:\/\/blogdalucianaoliveira.com.br\/blog\/wp-json\/wp\/v2\/posts\/37948","targetHints":{"allow":["GET"]}}],"collection":[{"href":"http:\/\/blogdalucianaoliveira.com.br\/blog\/wp-json\/wp\/v2\/posts"}],"about":[{"href":"http:\/\/blogdalucianaoliveira.com.br\/blog\/wp-json\/wp\/v2\/types\/post"}],"author":[{"embeddable":true,"href":"http:\/\/blogdalucianaoliveira.com.br\/blog\/wp-json\/wp\/v2\/users\/1"}],"replies":[{"embeddable":true,"href":"http:\/\/blogdalucianaoliveira.com.br\/blog\/wp-json\/wp\/v2\/comments?post=37948"}],"version-history":[{"count":1,"href":"http:\/\/blogdalucianaoliveira.com.br\/blog\/wp-json\/wp\/v2\/posts\/37948\/revisions"}],"predecessor-version":[{"id":37950,"href":"http:\/\/blogdalucianaoliveira.com.br\/blog\/wp-json\/wp\/v2\/posts\/37948\/revisions\/37950"}],"wp:attachment":[{"href":"http:\/\/blogdalucianaoliveira.com.br\/blog\/wp-json\/wp\/v2\/media?parent=37948"}],"wp:term":[{"taxonomy":"category","embeddable":true,"href":"http:\/\/blogdalucianaoliveira.com.br\/blog\/wp-json\/wp\/v2\/categories?post=37948"},{"taxonomy":"post_tag","embeddable":true,"href":"http:\/\/blogdalucianaoliveira.com.br\/blog\/wp-json\/wp\/v2\/tags?post=37948"}],"curies":[{"name":"wp","href":"https:\/\/api.w.org\/{rel}","templated":true}]}}