{"id":37951,"date":"2025-11-28T10:23:21","date_gmt":"2025-11-28T14:23:21","guid":{"rendered":"https:\/\/blogdalucianaoliveira.com.br\/blog\/?p=37951"},"modified":"2025-11-28T10:23:21","modified_gmt":"2025-11-28T14:23:21","slug":"taxa-de-desemprego-cai-para-54-a-menor-desde-2012","status":"publish","type":"post","link":"http:\/\/blogdalucianaoliveira.com.br\/blog\/2025\/11\/28\/taxa-de-desemprego-cai-para-54-a-menor-desde-2012\/","title":{"rendered":"Taxa de desemprego cai para 5,4%, a menor desde 2012"},"content":{"rendered":"<p><img data-recalc-dims=\"1\" loading=\"lazy\" decoding=\"async\" data-attachment-id=\"37952\" data-permalink=\"http:\/\/blogdalucianaoliveira.com.br\/blog\/2025\/11\/28\/taxa-de-desemprego-cai-para-54-a-menor-desde-2012\/img_1454\/\" data-orig-file=\"https:\/\/i0.wp.com\/blogdalucianaoliveira.com.br\/blog\/wp-content\/uploads\/2025\/11\/IMG_1454.webp?fit=1170%2C700\" data-orig-size=\"1170,700\" data-comments-opened=\"0\" data-image-meta=\"{&quot;aperture&quot;:&quot;0&quot;,&quot;credit&quot;:&quot;&quot;,&quot;camera&quot;:&quot;&quot;,&quot;caption&quot;:&quot;&quot;,&quot;created_timestamp&quot;:&quot;0&quot;,&quot;copyright&quot;:&quot;&quot;,&quot;focal_length&quot;:&quot;0&quot;,&quot;iso&quot;:&quot;0&quot;,&quot;shutter_speed&quot;:&quot;0&quot;,&quot;title&quot;:&quot;&quot;,&quot;orientation&quot;:&quot;0&quot;}\" data-image-title=\"IMG_1454\" data-image-description=\"\" data-image-caption=\"\" data-medium-file=\"https:\/\/i0.wp.com\/blogdalucianaoliveira.com.br\/blog\/wp-content\/uploads\/2025\/11\/IMG_1454.webp?fit=300%2C179\" data-large-file=\"https:\/\/i0.wp.com\/blogdalucianaoliveira.com.br\/blog\/wp-content\/uploads\/2025\/11\/IMG_1454.webp?fit=600%2C359\" class=\"alignnone size-medium wp-image-37952\" src=\"https:\/\/i0.wp.com\/blogdalucianaoliveira.com.br\/blog\/wp-content\/uploads\/2025\/11\/IMG_1454.webp?resize=300%2C179\" alt=\"\" width=\"300\" height=\"179\" srcset=\"https:\/\/i0.wp.com\/blogdalucianaoliveira.com.br\/blog\/wp-content\/uploads\/2025\/11\/IMG_1454.webp?resize=300%2C179 300w, https:\/\/i0.wp.com\/blogdalucianaoliveira.com.br\/blog\/wp-content\/uploads\/2025\/11\/IMG_1454.webp?resize=1024%2C613 1024w, https:\/\/i0.wp.com\/blogdalucianaoliveira.com.br\/blog\/wp-content\/uploads\/2025\/11\/IMG_1454.webp?resize=768%2C459 768w, https:\/\/i0.wp.com\/blogdalucianaoliveira.com.br\/blog\/wp-content\/uploads\/2025\/11\/IMG_1454.webp?resize=501%2C300 501w, https:\/\/i0.wp.com\/blogdalucianaoliveira.com.br\/blog\/wp-content\/uploads\/2025\/11\/IMG_1454.webp?w=1170 1170w\" sizes=\"auto, (max-width: 300px) 100vw, 300px\" \/><\/p>\n<p><strong>O Brasil atingiu no trimestre encerrado em outubro a taxa de desemprego de 5,4%. \u00c9 o menor \u00edndice registrado pela s\u00e9rie hist\u00f3rica do Instituto Brasileiro de Geografia e Estat\u00edstica (IBGE), iniciada em 2012.<\/strong><img data-recalc-dims=\"1\" decoding=\"async\" src=\"https:\/\/i0.wp.com\/agenciabrasil.ebc.com.br\/ebc.png?w=600&#038;ssl=1\" \/><img data-recalc-dims=\"1\" decoding=\"async\" src=\"https:\/\/i0.wp.com\/agenciabrasil.ebc.com.br\/ebc.gif?w=600&#038;ssl=1\" \/><!--more--><\/p>\n<p>Ag\u00eancia Brasil &#8211; O per\u00edodo de tr\u00eas meses terminou tamb\u00e9m com recorde no n\u00famero de pessoas com carteira assinada e no rendimento m\u00e9dio do trabalhador.<\/p>\n<p><strong>Os dados fazem parte da Pesquisa Nacional por Amostra de Domic\u00edlios (Pnad) Cont\u00ednua divulgada nesta sexta-feira (28).<\/strong><\/p>\n<h2>Destaques da pesquisa:<\/h2>\n<p><strong>&#8211; Desemprego no trimestre terminado em outubro caiu para 5,4%. No trimestre m\u00f3vel anterior, terminado em setembro, era de 5,6%. No trimestre terminado em outubro de 2024, a taxa era 6,2%.<\/strong><\/p>\n<p>A maior taxa j\u00e1 anotada foi de 14,9%, atingida em dois per\u00edodos: nos trimestres m\u00f3veis encerrados em setembro de 2020 e em mar\u00e7o de 2021, ambos durante a pandemia de covid-19.<\/p>\n<p><strong>&#8211; O n\u00famero de desocupados atingiu 5,910 milh\u00f5es, menor contingente da s\u00e9rie hist\u00f3rica. Esse total de pessoas representa queda de 11,8% (menos 788 mil pessoas procurando emprego) em rela\u00e7\u00e3o ao mesmo trimestre de 2024.<\/strong><\/p>\n<p>&#8211; O total de ocupados com carteira assinada chegou a 39,182 milh\u00f5es, outro recorde da pesquisa.<\/p>\n<p><strong>&#8211; Rendimento do trabalhador: atingiu R$ 3.528, o maior valor registrado na s\u00e9rie hist\u00f3rica do IBGE.<\/strong><\/p>\n<h2>Mercado de trabalho<\/h2>\n<p>A pesquisa do IBGE apura o comportamento no mercado de trabalho para pessoas com 14 anos ou mais e leva em conta todas as formas de ocupa\u00e7\u00e3o, seja com ou sem carteira assinada, tempor\u00e1rio e por conta pr\u00f3pria, por exemplo.<\/p>\n<p>Pelos crit\u00e9rios do instituto, s\u00f3 \u00e9 considerada desocupada a pessoa que efetivamente procurou uma vaga 30 dias antes da pesquisa. S\u00e3o visitados 211 mil domic\u00edlios em todos os estados e no Distrito Federal.<\/p>\n<h2>Caged<\/h2>\n<p><strong>A Pnad foi divulgada no dia seguinte a outro indicador de comportamento do mercado de trabalho, o Cadastro Geral de Empregados e Desempregados (Caged), elaborado pelo Minist\u00e9rio do Trabalho e Emprego (MTE) e que acompanha apenas o cen\u00e1rio de empregados com carteira assinada.<\/strong><\/p>\n<p>De acordo com o Caged, outubro apresentou saldo positivo de 85,1 mil vagas formais.<a href=\"https:\/\/agenciabrasil.ebc.com.br\/economia\/noticia\/2025-11\/brasil-cria-85-mil-empregos-com-carteira-assinada-em-outubro\" target=\"_blank\" rel=\"noopener\"> Em 12 meses, o balan\u00e7o \u00e9 positivo em 1,35 milh\u00e3o de postos com carteira assinada<\/a>.<\/p>\n","protected":false},"excerpt":{"rendered":"<p>O Brasil atingiu no trimestre encerrado em outubro a taxa de desemprego de 5,4%. \u00c9 o menor \u00edndice registrado pela s\u00e9rie hist\u00f3rica do Instituto Brasileiro de Geografia e Estat\u00edstica (IBGE), iniciada em 2012.<\/p>\n","protected":false},"author":1,"featured_media":0,"comment_status":"closed","ping_status":"open","sticky":false,"template":"","format":"standard","meta":{"_exactmetrics_skip_tracking":false,"_exactmetrics_sitenote_active":false,"_exactmetrics_sitenote_note":"","_exactmetrics_sitenote_category":0,"jetpack_post_was_ever_published":false,"_jetpack_newsletter_access":"","_jetpack_dont_email_post_to_subs":false,"_jetpack_newsletter_tier_id":0,"_jetpack_memberships_contains_paywalled_content":false,"_jetpack_memberships_contains_paid_content":false,"footnotes":"","jetpack_publicize_message":"","jetpack_publicize_feature_enabled":true,"jetpack_social_post_already_shared":true,"jetpack_social_options":{"image_generator_settings":{"template":"highway","enabled":false},"version":2}},"categories":[1],"tags":[],"class_list":["post-37951","post","type-post","status-publish","format-standard","hentry","category-notas"],"jetpack_publicize_connections":[],"jetpack_sharing_enabled":true,"jetpack_featured_media_url":"","jetpack_shortlink":"https:\/\/wp.me\/p7wKYW-9S7","jetpack-related-posts":[],"_links":{"self":[{"href":"http:\/\/blogdalucianaoliveira.com.br\/blog\/wp-json\/wp\/v2\/posts\/37951","targetHints":{"allow":["GET"]}}],"collection":[{"href":"http:\/\/blogdalucianaoliveira.com.br\/blog\/wp-json\/wp\/v2\/posts"}],"about":[{"href":"http:\/\/blogdalucianaoliveira.com.br\/blog\/wp-json\/wp\/v2\/types\/post"}],"author":[{"embeddable":true,"href":"http:\/\/blogdalucianaoliveira.com.br\/blog\/wp-json\/wp\/v2\/users\/1"}],"replies":[{"embeddable":true,"href":"http:\/\/blogdalucianaoliveira.com.br\/blog\/wp-json\/wp\/v2\/comments?post=37951"}],"version-history":[{"count":1,"href":"http:\/\/blogdalucianaoliveira.com.br\/blog\/wp-json\/wp\/v2\/posts\/37951\/revisions"}],"predecessor-version":[{"id":37953,"href":"http:\/\/blogdalucianaoliveira.com.br\/blog\/wp-json\/wp\/v2\/posts\/37951\/revisions\/37953"}],"wp:attachment":[{"href":"http:\/\/blogdalucianaoliveira.com.br\/blog\/wp-json\/wp\/v2\/media?parent=37951"}],"wp:term":[{"taxonomy":"category","embeddable":true,"href":"http:\/\/blogdalucianaoliveira.com.br\/blog\/wp-json\/wp\/v2\/categories?post=37951"},{"taxonomy":"post_tag","embeddable":true,"href":"http:\/\/blogdalucianaoliveira.com.br\/blog\/wp-json\/wp\/v2\/tags?post=37951"}],"curies":[{"name":"wp","href":"https:\/\/api.w.org\/{rel}","templated":true}]}}