{"id":37954,"date":"2025-11-28T11:39:09","date_gmt":"2025-11-28T15:39:09","guid":{"rendered":"https:\/\/blogdalucianaoliveira.com.br\/blog\/?p=37954"},"modified":"2025-11-28T11:39:09","modified_gmt":"2025-11-28T15:39:09","slug":"congresso-destroi-licenciamento-e-derruba-quase-todos-os-vetos-do-pl-da-devastacao","status":"publish","type":"post","link":"http:\/\/blogdalucianaoliveira.com.br\/blog\/2025\/11\/28\/congresso-destroi-licenciamento-e-derruba-quase-todos-os-vetos-do-pl-da-devastacao\/","title":{"rendered":"Congresso destr\u00f3i licenciamento e derruba quase todos os vetos do PL da Devasta\u00e7\u00e3o"},"content":{"rendered":"<p><img data-recalc-dims=\"1\" loading=\"lazy\" decoding=\"async\" data-attachment-id=\"37955\" data-permalink=\"http:\/\/blogdalucianaoliveira.com.br\/blog\/2025\/11\/28\/congresso-destroi-licenciamento-e-derruba-quase-todos-os-vetos-do-pl-da-devastacao\/img_1455\/\" data-orig-file=\"https:\/\/i0.wp.com\/blogdalucianaoliveira.com.br\/blog\/wp-content\/uploads\/2025\/11\/IMG_1455.webp?fit=1200%2C800\" data-orig-size=\"1200,800\" data-comments-opened=\"0\" data-image-meta=\"{&quot;aperture&quot;:&quot;0&quot;,&quot;credit&quot;:&quot;&quot;,&quot;camera&quot;:&quot;&quot;,&quot;caption&quot;:&quot;&quot;,&quot;created_timestamp&quot;:&quot;0&quot;,&quot;copyright&quot;:&quot;&quot;,&quot;focal_length&quot;:&quot;0&quot;,&quot;iso&quot;:&quot;0&quot;,&quot;shutter_speed&quot;:&quot;0&quot;,&quot;title&quot;:&quot;&quot;,&quot;orientation&quot;:&quot;0&quot;}\" data-image-title=\"IMG_1455\" data-image-description=\"\" data-image-caption=\"\" data-medium-file=\"https:\/\/i0.wp.com\/blogdalucianaoliveira.com.br\/blog\/wp-content\/uploads\/2025\/11\/IMG_1455.webp?fit=300%2C200\" data-large-file=\"https:\/\/i0.wp.com\/blogdalucianaoliveira.com.br\/blog\/wp-content\/uploads\/2025\/11\/IMG_1455.webp?fit=600%2C400\" class=\"alignnone size-medium wp-image-37955\" src=\"https:\/\/i0.wp.com\/blogdalucianaoliveira.com.br\/blog\/wp-content\/uploads\/2025\/11\/IMG_1455.webp?resize=300%2C200\" alt=\"\" width=\"300\" height=\"200\" srcset=\"https:\/\/i0.wp.com\/blogdalucianaoliveira.com.br\/blog\/wp-content\/uploads\/2025\/11\/IMG_1455.webp?resize=300%2C200 300w, https:\/\/i0.wp.com\/blogdalucianaoliveira.com.br\/blog\/wp-content\/uploads\/2025\/11\/IMG_1455.webp?resize=1024%2C683 1024w, https:\/\/i0.wp.com\/blogdalucianaoliveira.com.br\/blog\/wp-content\/uploads\/2025\/11\/IMG_1455.webp?resize=768%2C512 768w, https:\/\/i0.wp.com\/blogdalucianaoliveira.com.br\/blog\/wp-content\/uploads\/2025\/11\/IMG_1455.webp?resize=450%2C300 450w, https:\/\/i0.wp.com\/blogdalucianaoliveira.com.br\/blog\/wp-content\/uploads\/2025\/11\/IMG_1455.webp?w=1200 1200w\" sizes=\"auto, (max-width: 300px) 100vw, 300px\" \/><\/p>\n<p>Especialistas classificam decis\u00e3o como &#8220;derrota hist\u00f3rica para o brasileiro&#8221;; governo e ambientalistas ir\u00e3o recorrer na Justi\u00e7a.<!--more--><\/p>\n<p>Clima Info &#8211; O Congresso Nacional enterrou de vez o licenciamento ambiental brasileiro na 5\u00aa feira (27\/11). Deputados e senadores derrubaram 56 dos 63 vetos feitos pelo presidente Lula em agosto \u00e0 Lei Geral do Licenciamento Ambiental \u2013 que os parlamentares transformaram no PL da Devasta\u00e7\u00e3o. A derrota, ao contr\u00e1rio do que pensam os \u201cnobres\u201d congressistas, n\u00e3o \u00e9 do governo. \u00c9 de todos os brasileiros \u2013 inclusive dos <em>lobbies<\/em> econ\u00f4micos que boa parte deles defendem.<\/p>\n<p>A an\u00e1lise dos vetos foi convocada pelo presidente do Congresso, o senador Davi Alcolumbre (Uni\u00e3o Brasil-AP), e a vota\u00e7\u00e3o semipresencial aconteceu menos de uma semana depois da COP30. Na C\u00e2mara, foram 268 votos para derrubar os vetos de Lula, contra 190 para mant\u00ea-los. No Senado, o placar foi de 50 a 18 pela derrubada.<\/p>\n<p>Entre os pontos mais problem\u00e1ticos vetados pelo presidente e liberados pelos parlamentares est\u00e1 a Licen\u00e7a por Ades\u00e3o e Compromisso (LAC), que permite a possibilidade de licenciamento simplificado para projetos de m\u00e9dio potencial poluidor. Barragens como as de Brumadinho e Mariana entram nessa categoria. Com isso, cerca de 90% dos licenciamentos ambientais estaduais poder\u00e3o ser feitos automaticamente, num clique. O autolicenciamento, assim, vira regra.<\/p>\n<p>A <a href=\"https:\/\/www1.folha.uol.com.br\/ambiente\/2025\/11\/entenda-como-fica-a-lei-do-licenciamento-ambiental-apos-congresso-derrubar-parte-dos-vetos-de-lula.shtml\" target=\"_blank\" rel=\"noopener noreferrer nofollow\">Folha<\/a> lista outros pontos problem\u00e1ticos: toda atividade agropecu\u00e1ria extensiva passa a ser dispensada de licen\u00e7a ambiental, mesmo que tenha seu Cadastro Ambiental Rural (CAR) pendente de homologa\u00e7\u00e3o; tamb\u00e9m ficam dispensadas de licenciamento grandes obras como a pavimenta\u00e7\u00e3o da BR-319, que pode gerar emiss\u00e3o de 8 bilh\u00f5es de toneladas de CO<sub>2<\/sub>equivalentes (quatro vezes a emiss\u00e3o anual do Brasil), segundo o Observat\u00f3rio do Clima; estados e munic\u00edpios podem agora estabelecer regras pr\u00f3prias de licenciamento; a Lei da Mata Atl\u00e2ntica foi enfraquecida com a flexibiliza\u00e7\u00e3o do corte das matas prim\u00e1rias e secund\u00e1rias \u2013 agora, qualquer \u00f3rg\u00e3o estadual ou ambiental poder\u00e1 autorizar a derrubada da vegeta\u00e7\u00e3o.<\/p>\n<p>\u201cO Congresso Nacional acabou de enterrar o licenciamento ambiental, ao derrubar os vetos do Poder Executivo. Al\u00e9m de retrocesso criminoso na legisla\u00e7\u00e3o ambiental, com simplifica\u00e7\u00e4o excessiva e prioridade para o autolicenciamento, os dispositivos que retornaram com a derrubada dos vetos colidem com os direitos dos ind\u00edgenas e quilombolas, d\u00e3o um cheque em branco para os entes subnacionais fazerem o que quiserem com o licenciamento, restringem o campo da aplica\u00e7\u00e3o do licenciamento ambiental e reduzem a responsabilidade das institui\u00e7\u00f5es financeiras, entre outros absurdos\u201d, refor\u00e7ou a coordenadora de Pol\u00edticas P\u00fablicas do Observat\u00f3rio do Clima, Suely Ara\u00fajo.<\/p>\n<p>Em comunicado, a <a href=\"https:\/\/www.gov.br\/funai\/pt-br\/assuntos\/noticias\/2025\/licenciamento-ambiental-derrubada-dos-vetos-ameaca-297-territorios-e-aumenta-vulnerabilidade-das-comunidades-indigenas\" target=\"_blank\" rel=\"noopener noreferrer nofollow\">FUNAI<\/a> alertou que o PL da Devasta\u00e7\u00e3o amea\u00e7a cerca de 297 Terras Ind\u00edgenas e aumenta a vulnerabilidade das comunidades. N\u2019<a href=\"https:\/\/oglobo.globo.com\/brasil\/noticia\/2025\/11\/27\/ambientalistas-dizem-que-derrubada-de-vetos-ao-licenciamento-ambiental-poe-em-risco-metas-assumidas-na-cop-30.ghtml\" target=\"_blank\" rel=\"noopener noreferrer nofollow\">O Globo<\/a>, Andr\u00e9 Guimar\u00e3es, diretor executivo do IPAM e enviado especial da sociedade civil para a COP30, considerou a derrubada dos vetos como uma \u201cderrota hist\u00f3rica para o brasileiro\u201d.<\/p>\n<p>\u201cPrecisamos ser mais eficientes com o licenciamento ambiental, mas jamais ao custo de inseguran\u00e7a e riscos atuais e futuros para a popula\u00e7\u00e3o. Ser\u00e1 que os ilustres senadores n\u00e3o entenderam o recado que a Natureza est\u00e1 nos dando? A COP30 deixa claro que ultrapassamos limites. Temos que repensar nossa rela\u00e7\u00e3o com nossos rios e florestas\u201d, afirma.<\/p>\n<p>Sete vetos de Lula que n\u00e3o foram derrubados nesta sess\u00e3o ser\u00e3o apreciados na pr\u00f3xima semana. \u00c9 o caso da Licen\u00e7a Ambiental Especial (LAE), que foi inclu\u00edda pelo presidente em uma medida provis\u00f3ria \u00e0 parte. A MP tem mais de 800 emendas que tamb\u00e9m ressuscitam o PL da Devasta\u00e7\u00e3o.<\/p>\n<p>Entidades ambientais e o governo federal estudam ir \u00e0 Justi\u00e7a contra a lei. \u201cAl\u00e9m de inconstitucional, exp\u00f5e a risco a sa\u00fade e a seguran\u00e7a dos brasileiros, libera a destrui\u00e7\u00e3o ampla dos nossos ecossistemas e viola as metas clim\u00e1ticas do pa\u00eds, que acabou de sediar a COP30\u201d, declara o Observat\u00f3rio do Clima.<\/p>\n<p>\u201cJ\u00e1 falei com a ministra [do Meio Ambiente] Marina Silva e vamos conversar com a Casa Civil e com o nosso jur\u00eddico para ver o que podemos fazer para corrigir o curso dessa situa\u00e7\u00e3o\u201d, disse a ministra das Rela\u00e7\u00f5es Institucionais, Gleisi Hoffmann, informa o <a href=\"https:\/\/valor.globo.com\/politica\/noticia\/2025\/11\/27\/governo-cogita-judicializar-derrubada-dos-vetos-do-licenciamento-ambiental.ghtml\" target=\"_blank\" rel=\"noopener noreferrer nofollow\">Valor<\/a>.<\/p>\n","protected":false},"excerpt":{"rendered":"<p>Especialistas classificam decis\u00e3o como &#8220;derrota hist\u00f3rica para o brasileiro&#8221;; governo e ambientalistas ir\u00e3o recorrer na Justi\u00e7a.<\/p>\n","protected":false},"author":1,"featured_media":0,"comment_status":"closed","ping_status":"open","sticky":false,"template":"","format":"standard","meta":{"_exactmetrics_skip_tracking":false,"_exactmetrics_sitenote_active":false,"_exactmetrics_sitenote_note":"","_exactmetrics_sitenote_category":0,"jetpack_post_was_ever_published":false,"_jetpack_newsletter_access":"","_jetpack_dont_email_post_to_subs":false,"_jetpack_newsletter_tier_id":0,"_jetpack_memberships_contains_paywalled_content":false,"_jetpack_memberships_contains_paid_content":false,"footnotes":"","jetpack_publicize_message":"","jetpack_publicize_feature_enabled":true,"jetpack_social_post_already_shared":true,"jetpack_social_options":{"image_generator_settings":{"template":"highway","enabled":false},"version":2}},"categories":[1],"tags":[288,386,1403],"class_list":["post-37954","post","type-post","status-publish","format-standard","hentry","category-notas","tag-congresso","tag-meio-ambiente","tag-pl-da-devastacao"],"jetpack_publicize_connections":[],"jetpack_sharing_enabled":true,"jetpack_featured_media_url":"","jetpack_shortlink":"https:\/\/wp.me\/p7wKYW-9Sa","jetpack-related-posts":[],"_links":{"self":[{"href":"http:\/\/blogdalucianaoliveira.com.br\/blog\/wp-json\/wp\/v2\/posts\/37954","targetHints":{"allow":["GET"]}}],"collection":[{"href":"http:\/\/blogdalucianaoliveira.com.br\/blog\/wp-json\/wp\/v2\/posts"}],"about":[{"href":"http:\/\/blogdalucianaoliveira.com.br\/blog\/wp-json\/wp\/v2\/types\/post"}],"author":[{"embeddable":true,"href":"http:\/\/blogdalucianaoliveira.com.br\/blog\/wp-json\/wp\/v2\/users\/1"}],"replies":[{"embeddable":true,"href":"http:\/\/blogdalucianaoliveira.com.br\/blog\/wp-json\/wp\/v2\/comments?post=37954"}],"version-history":[{"count":1,"href":"http:\/\/blogdalucianaoliveira.com.br\/blog\/wp-json\/wp\/v2\/posts\/37954\/revisions"}],"predecessor-version":[{"id":37956,"href":"http:\/\/blogdalucianaoliveira.com.br\/blog\/wp-json\/wp\/v2\/posts\/37954\/revisions\/37956"}],"wp:attachment":[{"href":"http:\/\/blogdalucianaoliveira.com.br\/blog\/wp-json\/wp\/v2\/media?parent=37954"}],"wp:term":[{"taxonomy":"category","embeddable":true,"href":"http:\/\/blogdalucianaoliveira.com.br\/blog\/wp-json\/wp\/v2\/categories?post=37954"},{"taxonomy":"post_tag","embeddable":true,"href":"http:\/\/blogdalucianaoliveira.com.br\/blog\/wp-json\/wp\/v2\/tags?post=37954"}],"curies":[{"name":"wp","href":"https:\/\/api.w.org\/{rel}","templated":true}]}}