{"id":37960,"date":"2025-11-28T11:46:12","date_gmt":"2025-11-28T15:46:12","guid":{"rendered":"https:\/\/blogdalucianaoliveira.com.br\/blog\/?p=37960"},"modified":"2025-11-28T11:46:12","modified_gmt":"2025-11-28T15:46:12","slug":"marina-critica-congresso-por-desmonte-ambiental-e-deve-acionar-a-justica","status":"publish","type":"post","link":"http:\/\/blogdalucianaoliveira.com.br\/blog\/2025\/11\/28\/marina-critica-congresso-por-desmonte-ambiental-e-deve-acionar-a-justica\/","title":{"rendered":"Marina critica Congresso por desmonte ambiental e deve acionar a Justi\u00e7a"},"content":{"rendered":"<p><img data-recalc-dims=\"1\" loading=\"lazy\" decoding=\"async\" data-attachment-id=\"37961\" data-permalink=\"http:\/\/blogdalucianaoliveira.com.br\/blog\/2025\/11\/28\/marina-critica-congresso-por-desmonte-ambiental-e-deve-acionar-a-justica\/img_1457\/\" data-orig-file=\"https:\/\/i0.wp.com\/blogdalucianaoliveira.com.br\/blog\/wp-content\/uploads\/2025\/11\/IMG_1457.webp?fit=500%2C240\" data-orig-size=\"500,240\" data-comments-opened=\"0\" data-image-meta=\"{&quot;aperture&quot;:&quot;0&quot;,&quot;credit&quot;:&quot;&quot;,&quot;camera&quot;:&quot;&quot;,&quot;caption&quot;:&quot;&quot;,&quot;created_timestamp&quot;:&quot;0&quot;,&quot;copyright&quot;:&quot;&quot;,&quot;focal_length&quot;:&quot;0&quot;,&quot;iso&quot;:&quot;0&quot;,&quot;shutter_speed&quot;:&quot;0&quot;,&quot;title&quot;:&quot;&quot;,&quot;orientation&quot;:&quot;0&quot;}\" data-image-title=\"IMG_1457\" data-image-description=\"\" data-image-caption=\"\" data-medium-file=\"https:\/\/i0.wp.com\/blogdalucianaoliveira.com.br\/blog\/wp-content\/uploads\/2025\/11\/IMG_1457.webp?fit=300%2C144\" data-large-file=\"https:\/\/i0.wp.com\/blogdalucianaoliveira.com.br\/blog\/wp-content\/uploads\/2025\/11\/IMG_1457.webp?fit=500%2C240\" class=\"alignnone size-medium wp-image-37961\" src=\"https:\/\/i0.wp.com\/blogdalucianaoliveira.com.br\/blog\/wp-content\/uploads\/2025\/11\/IMG_1457.webp?resize=300%2C144\" alt=\"\" width=\"300\" height=\"144\" srcset=\"https:\/\/i0.wp.com\/blogdalucianaoliveira.com.br\/blog\/wp-content\/uploads\/2025\/11\/IMG_1457.webp?resize=300%2C144 300w, https:\/\/i0.wp.com\/blogdalucianaoliveira.com.br\/blog\/wp-content\/uploads\/2025\/11\/IMG_1457.webp?w=500 500w\" sizes=\"auto, (max-width: 300px) 100vw, 300px\" \/><\/p>\n<h2 class=\"article__lead\">\u201cNo momento em que a popula\u00e7\u00e3o mais precisa que os seus representantes a protejam, \u00e9 o momento em que ela est\u00e1 mais desamparada\u201d, lamentou<\/h2>\n<p><!--more--><b>247 &#8211; <\/b>A ministra do Meio Ambiente, Marina Silva, afirmou que o pa\u00eds vive um sentimento de &#8220;luto\u201d ap\u00f3s a derrubada, pelo Congresso Nacional, de 56 vetos relacionados \u00e0 legisla\u00e7\u00e3o ambiental. As declara\u00e7\u00f5es foram feitas durante participa\u00e7\u00e3o no programa <i>Bom Dia, Ministro<\/i>, na manh\u00e3 desta sexta-feira (28), em meio \u00e0 repercuss\u00e3o da decis\u00e3o parlamentar.<\/p>\n<p>Marina classificou o movimento do Congresso como uma ruptura profunda de um arcabou\u00e7o que levou d\u00e9cadas para ser consolidado. Segundo ela, n\u00e3o se trata de mera flexibiliza\u00e7\u00e3o, mas de um ataque direto ao marco legal que orienta o licenciamento ambiental no pa\u00eds. Para a ministra, o impacto ocorre justamente quando o Brasil enfrenta efeitos cada vez mais severos da crise clim\u00e1tica. \u201cFoi uma demoli\u00e7\u00e3o do licenciamento ambiental brasileiro, uma regra que nos estados tem 50 anos de consolida\u00e7\u00e3o. No plano federal s\u00e3o 39 anos, quase 40 anos de consolida\u00e7\u00e3o e que ao longo dessas d\u00e9cadas evitou centenas de milhares de trag\u00e9dias\u201d, afirmou, segundo relato de M\u00edriam Leit\u00e3o, do jornal <a href=\"https:\/\/oglobo.globo.com\/blogs\/miriam-leitao\/post\/2025\/11\/no-momento-em-que-a-sociedade-mais-precisa-de-protecao-temos-essa-demolicao-da-legislacao-diz-marina-silva.ghtml\" target=\"_blank\" rel=\"noopener noreferrer nofollow\">O Globo<\/a>.<\/p>\n<p>Marina enfatizou que, com a mudan\u00e7a, situa\u00e7\u00f5es cr\u00edticas tendem a se intensificar: \u201cAgora, com as chuvas torrenciais, com as secas, com os inc\u00eandios, com as ondas de calor, at\u00e9 tornados n\u00f3s temos no Brasil&#8230; isso \u00e9 o desequil\u00edbrio do clima\u201d.<\/p>\n<p>Para ela, a decis\u00e3o do Congresso ocorre no pior momento poss\u00edvel: \u201cNo momento em que a sociedade mais precisa de prote\u00e7\u00e3o, n\u00f3s temos essa demoli\u00e7\u00e3o de uma legisla\u00e7\u00e3o que mudou a realidade de situa\u00e7\u00f5es como a de Cubat\u00e3o no passado\u201d.<\/p>\n<p>A ministra alertou que a nova configura\u00e7\u00e3o deixa Ibama, ICMBio e demais \u00f3rg\u00e3os ambientais sem instrumentos para garantir a seguran\u00e7a da popula\u00e7\u00e3o. Diante disso, refor\u00e7ou que o governo estuda recorrer ao Judici\u00e1rio para barrar os efeitos da decis\u00e3o legislativa.<\/p>\n<p>\u201cComo n\u00e3o se pode admitir que a popula\u00e7\u00e3o fique completamente desamparada, \u00e9 fundamental considerar a judicializa\u00e7\u00e3o, estamos considerando fortemente, porque \u00e9 inconstitucional voc\u00ea passar por cima do artigo 225 da Constitui\u00e7\u00e3o Federal\u201d, disse ela. O artigo citado determina que todos os cidad\u00e3os t\u00eam direito a um ambiente ecologicamente equilibrado.<\/p>\n<p>Marina criticou duramente a cria\u00e7\u00e3o da chamada licen\u00e7a por autodeclara\u00e7\u00e3o, que permite ao pr\u00f3prio empreendedor atestar o cumprimento das normas ambientais. \u201cA licen\u00e7a por autodeclara\u00e7\u00e3o \u00e9 o empreendedor dizer que ele est\u00e1 em conformidade com a lei&#8230; casos como o de Mariana, Brumadinho, \u00e9 o pr\u00f3prio empreendedor que vai dizer que est\u00e1 em conformidade\u201d, declarou, alertando para o \u201cdescontrole\u201d decorrente da aus\u00eancia de fiscaliza\u00e7\u00e3o estatal.<\/p>\n<p>A ministra tamb\u00e9m rejeitou a interpreta\u00e7\u00e3o de parlamentares de que a remo\u00e7\u00e3o de vetos fortalece a autonomia de estados e munic\u00edpios, chamando essa possibilidade de \u201cabsurdo dos absurdos\u201d. Para ela, a fragmenta\u00e7\u00e3o das regras ambientais coloca o pa\u00eds em risco e pode prejudicar inclusive rela\u00e7\u00f5es comerciais internacionais.<\/p>\n<article class=\"article__full\">\n<div class=\"article__text article_speakable\">\n<div data-cy=\"articleBody\">\n<p>Questionada sobre seu sentimento ap\u00f3s a vota\u00e7\u00e3o, Marina respondeu sem hesitar: \u201cEu digo, n\u00e3o \u00e9 ressaca, \u00e9 mais que ressaca. \u00c9 luto, \u00e9 um luto\u201d. Segundo ela, d\u00e9cadas de constru\u00e7\u00e3o legal foram desfeitas \u201cem uma sess\u00e3o do Congresso Nacional\u201d, deixando a popula\u00e7\u00e3o vulner\u00e1vel em um momento de extremo desequil\u00edbrio clim\u00e1tico.<\/p>\n<p>A ministra encerrou ressaltando que a retirada da base legal compromete a capacidade do Estado de proteger vidas: \u201cNo momento em que a popula\u00e7\u00e3o mais precisa que os seus representantes a protejam, \u00e9 o momento em que ela est\u00e1 mais desamparada do ponto de vista legal. Porque se voc\u00ea tira a base legal, como \u00e9 que n\u00f3s vamos continuar atuando?\u201d.<\/p>\n<\/div>\n<\/div>\n<\/article>\n<section class=\"section marginTop30 minHeight250\"><\/section>\n<p>&nbsp;<\/p>\n","protected":false},"excerpt":{"rendered":"<p>\u201cNo momento em que a popula\u00e7\u00e3o mais precisa que os seus representantes a protejam, \u00e9 o momento em que ela est\u00e1 mais desamparada\u201d, lamentou<\/p>\n","protected":false},"author":1,"featured_media":0,"comment_status":"closed","ping_status":"open","sticky":false,"template":"","format":"standard","meta":{"_exactmetrics_skip_tracking":false,"_exactmetrics_sitenote_active":false,"_exactmetrics_sitenote_note":"","_exactmetrics_sitenote_category":0,"jetpack_post_was_ever_published":false,"_jetpack_newsletter_access":"","_jetpack_dont_email_post_to_subs":false,"_jetpack_newsletter_tier_id":0,"_jetpack_memberships_contains_paywalled_content":false,"_jetpack_memberships_contains_paid_content":false,"footnotes":"","jetpack_publicize_message":"","jetpack_publicize_feature_enabled":true,"jetpack_social_post_already_shared":true,"jetpack_social_options":{"image_generator_settings":{"template":"highway","enabled":false},"version":2}},"categories":[1],"tags":[684,386,1403],"class_list":["post-37960","post","type-post","status-publish","format-standard","hentry","category-notas","tag-marina","tag-meio-ambiente","tag-pl-da-devastacao"],"jetpack_publicize_connections":[],"jetpack_sharing_enabled":true,"jetpack_featured_media_url":"","jetpack_shortlink":"https:\/\/wp.me\/p7wKYW-9Sg","jetpack-related-posts":[],"_links":{"self":[{"href":"http:\/\/blogdalucianaoliveira.com.br\/blog\/wp-json\/wp\/v2\/posts\/37960","targetHints":{"allow":["GET"]}}],"collection":[{"href":"http:\/\/blogdalucianaoliveira.com.br\/blog\/wp-json\/wp\/v2\/posts"}],"about":[{"href":"http:\/\/blogdalucianaoliveira.com.br\/blog\/wp-json\/wp\/v2\/types\/post"}],"author":[{"embeddable":true,"href":"http:\/\/blogdalucianaoliveira.com.br\/blog\/wp-json\/wp\/v2\/users\/1"}],"replies":[{"embeddable":true,"href":"http:\/\/blogdalucianaoliveira.com.br\/blog\/wp-json\/wp\/v2\/comments?post=37960"}],"version-history":[{"count":1,"href":"http:\/\/blogdalucianaoliveira.com.br\/blog\/wp-json\/wp\/v2\/posts\/37960\/revisions"}],"predecessor-version":[{"id":37962,"href":"http:\/\/blogdalucianaoliveira.com.br\/blog\/wp-json\/wp\/v2\/posts\/37960\/revisions\/37962"}],"wp:attachment":[{"href":"http:\/\/blogdalucianaoliveira.com.br\/blog\/wp-json\/wp\/v2\/media?parent=37960"}],"wp:term":[{"taxonomy":"category","embeddable":true,"href":"http:\/\/blogdalucianaoliveira.com.br\/blog\/wp-json\/wp\/v2\/categories?post=37960"},{"taxonomy":"post_tag","embeddable":true,"href":"http:\/\/blogdalucianaoliveira.com.br\/blog\/wp-json\/wp\/v2\/tags?post=37960"}],"curies":[{"name":"wp","href":"https:\/\/api.w.org\/{rel}","templated":true}]}}